{"id":171323,"date":"2024-01-17T23:37:11","date_gmt":"2024-01-17T22:37:11","guid":{"rendered":"https:\/\/www.andreas-edler.de\/blog\/?p=171323"},"modified":"2024-01-21T16:51:16","modified_gmt":"2024-01-21T15:51:16","slug":"solarbank-auf-dem-inowroclawplatz","status":"publish","type":"post","link":"https:\/\/www.andreas-edler.de\/blog\/2024\/01\/solarbank-auf-dem-inowroclawplatz\/","title":{"rendered":"Solarbank auf dem Inowroclawplatz"},"content":{"rendered":"<p>Da habe ich ein bisschen gestaunt, als ich neulich in der Mittagspause den Inowroclawplatz hoch schlenderte und dort am n\u00f6rdlichen Ende vor den Hecken zur Grasfl\u00e4che eine neue Bank entdeckte. Erst wunderte ich mich von weitem \u00fcber die nur halbseitig vorhandene R\u00fcckenlehne, bei der Ann\u00e4herung dann \u00fcber die technische Ausf\u00fchrung.<\/p>\n<figure id=\"attachment_171324\" aria-describedby=\"caption-attachment-171324\" style=\"width: 470px\" class=\"wp-caption aligncenter\"><a href=\"https:\/\/www.andreas-edler.de\/blog\/wp-content\/uploads\/2024\/01\/2024-01-17-15.00.06.jpg\"><img loading=\"lazy\" decoding=\"async\" src=\"https:\/\/www.andreas-edler.de\/blog\/wp-content\/uploads\/2024\/01\/2024-01-17-15.00.06-470x254.jpg\" alt=\"Eine Sitzbank vor einer Hecke. Das rechte Drittel der Bank besteht aus einer Solarfl\u00e4che mit eine Induktionsladefl\u00e4che f\u00fcr Smartphones und einer frontseitigen 240-Volt-Steckdose.\" width=\"470\" height=\"254\" class=\"size-large wp-image-171324\" srcset=\"https:\/\/www.andreas-edler.de\/blog\/wp-content\/uploads\/2024\/01\/2024-01-17-15.00.06-470x254.jpg 470w, https:\/\/www.andreas-edler.de\/blog\/wp-content\/uploads\/2024\/01\/2024-01-17-15.00.06-250x135.jpg 250w, https:\/\/www.andreas-edler.de\/blog\/wp-content\/uploads\/2024\/01\/2024-01-17-15.00.06-768x415.jpg 768w, https:\/\/www.andreas-edler.de\/blog\/wp-content\/uploads\/2024\/01\/2024-01-17-15.00.06-100x54.jpg 100w, https:\/\/www.andreas-edler.de\/blog\/wp-content\/uploads\/2024\/01\/2024-01-17-15.00.06-150x81.jpg 150w, https:\/\/www.andreas-edler.de\/blog\/wp-content\/uploads\/2024\/01\/2024-01-17-15.00.06-200x108.jpg 200w, https:\/\/www.andreas-edler.de\/blog\/wp-content\/uploads\/2024\/01\/2024-01-17-15.00.06-300x162.jpg 300w, https:\/\/www.andreas-edler.de\/blog\/wp-content\/uploads\/2024\/01\/2024-01-17-15.00.06-450x243.jpg 450w, https:\/\/www.andreas-edler.de\/blog\/wp-content\/uploads\/2024\/01\/2024-01-17-15.00.06-600x324.jpg 600w, https:\/\/www.andreas-edler.de\/blog\/wp-content\/uploads\/2024\/01\/2024-01-17-15.00.06-900x486.jpg 900w, https:\/\/www.andreas-edler.de\/blog\/wp-content\/uploads\/2024\/01\/2024-01-17-15.00.06.jpg 1280w\" sizes=\"auto, (max-width: 470px) 100vw, 470px\" \/><\/a><figcaption id=\"caption-attachment-171324\" class=\"wp-caption-text\">Strom f\u00fcr lau in der Fu\u00dfg\u00e4ngerzone<\/figcaption><\/figure>\n<p>In der Bank selbst muss wohl ein Akku installiert sein. Ob es noch eine externe Stromzuf\u00fchrung gibt, konnte ich nicht entdecken. M\u00f6glich w\u00e4re es. Und sinnvoll auch. Mit der doch recht kleinen Solarfl\u00e4che kann man nicht allzuviel Strom erzeugen. Ich habe so <a href=\"https:\/\/www.andreas-edler.de\/blog\/2023\/06\/neues-photovoltaik-spielzeug\/\" rel=\"noopener\" target=\"_blank\">ein kleines Campingspielzeug<\/a> auch und es funktioniert wie erwartet. Auf dem Level vermute ich diese Bank auch. Nette Idee, finde ich gut! Wobei mein Solarpanel fl\u00e4chenm\u00e4\u00dfig gr\u00f6\u00dfer als die Bank ist. Bin mal gespannt, wie lange die Glasfl\u00e4che sauber bleibt und ob sie dann zerschlagen oder eher schwarz \u00fcbermalt werden wird.<\/p>\n","protected":false},"excerpt":{"rendered":"<p>Da habe ich ein bisschen gestaunt, als ich neulich in der Mittagspause den Inowroclawplatz hoch schlenderte und dort am n\u00f6rdlichen Ende vor den Hecken zur Grasfl\u00e4che eine neue Bank entdeckte. Erst wunderte ich mich von weitem \u00fcber die nur halbseitig &hellip;<\/p>\n<p class=\"read-more\"> <a class=\"more-link\" href=\"https:\/\/www.andreas-edler.de\/blog\/2024\/01\/solarbank-auf-dem-inowroclawplatz\/\"> <span class=\"screen-reader-text\">Solarbank auf dem Inowroclawplatz<\/span> Weiterlesen &raquo;<\/a><\/p>\n","protected":false},"author":1,"featured_media":0,"comment_status":"open","ping_status":"open","sticky":false,"template":"","format":"standard","meta":{"ngg_post_thumbnail":0,"activitypub_content_warning":"","activitypub_content_visibility":"","activitypub_max_image_attachments":2,"activitypub_interaction_policy_quote":"anyone","activitypub_status":"","footnotes":""},"categories":[14],"tags":[205,444,470,115,33,189,490],"class_list":["post-171323","post","type-post","status-publish","format-standard","hentry","category-bad-oeynhausen","tag-innenstadt","tag-inowroclawplatz","tag-photovoltaik","tag-regenerative-energie","tag-service","tag-smartphone","tag-solarenergie"],"share_on_mastodon":{"url":"https:\/\/social.tchncs.de\/@filmfacts\/111794716752440020","error":""},"_links":{"self":[{"href":"https:\/\/www.andreas-edler.de\/blog\/wp-json\/wp\/v2\/posts\/171323","targetHints":{"allow":["GET"]}}],"collection":[{"href":"https:\/\/www.andreas-edler.de\/blog\/wp-json\/wp\/v2\/posts"}],"about":[{"href":"https:\/\/www.andreas-edler.de\/blog\/wp-json\/wp\/v2\/types\/post"}],"author":[{"embeddable":true,"href":"https:\/\/www.andreas-edler.de\/blog\/wp-json\/wp\/v2\/users\/1"}],"replies":[{"embeddable":true,"href":"https:\/\/www.andreas-edler.de\/blog\/wp-json\/wp\/v2\/comments?post=171323"}],"version-history":[{"count":0,"href":"https:\/\/www.andreas-edler.de\/blog\/wp-json\/wp\/v2\/posts\/171323\/revisions"}],"wp:attachment":[{"href":"https:\/\/www.andreas-edler.de\/blog\/wp-json\/wp\/v2\/media?parent=171323"}],"wp:term":[{"taxonomy":"category","embeddable":true,"href":"https:\/\/www.andreas-edler.de\/blog\/wp-json\/wp\/v2\/categories?post=171323"},{"taxonomy":"post_tag","embeddable":true,"href":"https:\/\/www.andreas-edler.de\/blog\/wp-json\/wp\/v2\/tags?post=171323"}],"curies":[{"name":"wp","href":"https:\/\/api.w.org\/{rel}","templated":true}]}}