{"id":171303,"date":"2024-01-13T10:05:23","date_gmt":"2024-01-13T09:05:23","guid":{"rendered":"https:\/\/www.andreas-edler.de\/blog\/?p=171303"},"modified":"2024-01-13T10:05:23","modified_gmt":"2024-01-13T09:05:23","slug":"vereiste-schulwege-in-bad-oeynhausen","status":"publish","type":"post","link":"https:\/\/www.andreas-edler.de\/blog\/2024\/01\/vereiste-schulwege-in-bad-oeynhausen\/","title":{"rendered":"vereiste Schulwege in Bad Oeynhausen"},"content":{"rendered":"<p>Ich habe eine Mail geschrieben, nachdem ich unseren J\u00fcngsten gestern zur Schule begleitet habe. <span style=\"font-size:smaller;\">(Die Links waren in der Mail nicht enhalten. Sie wurden nachtr\u00e4glich erg\u00e4nzt.)<\/span><\/p>\n<hr>\n<p>Hallo [&#8230;],<br \/>\n<br \/>\nv\u00f6llig \u00fcberraschend ist es Winter! Und komplett unerwartet friert es. Dass auf dem Spindelweg eine durchg\u00e4ngige, spiegelglatte Eisschicht entstanden ist &#8230; OK, Nebenstra\u00dfen werden halt nicht ger\u00e4umt. Wenn mein Sohn dort st\u00fcrzt, ist das unsere Sache. Er hat sich nicht weh getan.<br \/>\n<br \/>\nDer sehr viel von Sch\u00fclern genutzte Gehweg entlang der Hahnenkampstra\u00dfe ist allerdings ebenfalls spiegelglatt und sehr unsicher begehbar. Mit dem Fahrrad darauf zu fahren (Wie es von der Stadt gerne billigend in Kauf genommen wird, <a href=\"https:\/\/www.andreas-edler.de\/blog\/2019\/07\/rotes-pflaster-endet-vor-einer-hecke-anfrage-im-ase\/\" rel=\"noopener\" target=\"_blank\">es werden Gehwege ja sogar bewusst in Bicolor gepflastert<\/a>.) war unm\u00f6glich. Meinen gerade Zehnj\u00e4hrigen habe ich nicht darauf gelassen. Bis zum vollendeten achten Lebensjahr m\u00fcssen Kinder dort aber fahren!<br \/>\n<br \/>\nAn der Einm\u00fcndung zum Alten Postweg wies uns eine sehr junge Frau darauf hin, dass der f\u00fcr den Radverkehr freigegebene Gehweg entlang des Alten Postwegs auch zu Fu\u00df unbenutzbar sei. Sie war gerade gest\u00fcrzt. Aus Norden, den leichten Anstieg des Postweg hoch, kamen drei Sch\u00fclerinnen, die augenscheinlich sehr \u00e4ngstlich und staksig ihre Fahrr\u00e4der schoben. Selbst Gehen war nicht sicher m\u00f6glich. Das ist eine Hauptverbindung aus dem Osten zur Grundschule und dem Schulzentrum Nord. Ich bin dann mit meinem Sohn auf der Fahrbahn gefahren. *Ich* mache das sowieso! Auf dem Alten Postweg ist das aber nichts, was ich Zehnj\u00e4hrigen empfehle! Bis zum vollendeten achten Lebensjahr m\u00fcssen Kinder dort auf dem Gehweg fahren!<br \/>\n<br \/>\n<figure id=\"attachment_171307\" aria-describedby=\"caption-attachment-171307\" style=\"width: 150px\" class=\"wp-caption alignright\"><a href=\"https:\/\/www.andreas-edler.de\/blog\/wp-content\/uploads\/2024\/01\/2024-01-12-apostelweg_03.jpg\"><img loading=\"lazy\" decoding=\"async\" src=\"https:\/\/www.andreas-edler.de\/blog\/wp-content\/uploads\/2024\/01\/2024-01-12-apostelweg_03-150x150.jpg\" alt=\"Ein Grundsch\u00fcler auf einem Fahrrad im Dunklen im sehr engen Begegnungsverkehr mit zwei Kfz von rechts und links.\" width=\"150\" height=\"150\" class=\"size-thumbnail wp-image-171307\" \/><\/a><figcaption id=\"caption-attachment-171307\" class=\"wp-caption-text\">Es wird kreuz und quer gefahren.<\/figcaption><\/figure><figure id=\"attachment_171306\" aria-describedby=\"caption-attachment-171306\" style=\"width: 150px\" class=\"wp-caption alignright\"><a href=\"https:\/\/www.andreas-edler.de\/blog\/wp-content\/uploads\/2024\/01\/2024-01-12-apostelweg_02.jpg\"><img loading=\"lazy\" decoding=\"async\" src=\"https:\/\/www.andreas-edler.de\/blog\/wp-content\/uploads\/2024\/01\/2024-01-12-apostelweg_02-150x150.jpg\" alt=\"Ein Grundsch\u00fcler auf einem Fahrrad im Dunklen im sehr engen Begegnungsverkehr mit einem Kfz.\" width=\"150\" height=\"150\" class=\"size-thumbnail wp-image-171306\" \/><\/a><figcaption id=\"caption-attachment-171306\" class=\"wp-caption-text\">Aber es geht noch enger.<\/figcaption><\/figure><figure id=\"attachment_171305\" aria-describedby=\"caption-attachment-171305\" style=\"width: 150px\" class=\"wp-caption alignright\"><a href=\"https:\/\/www.andreas-edler.de\/blog\/wp-content\/uploads\/2024\/01\/2024-01-12-apostelweg_01.jpg\"><img loading=\"lazy\" decoding=\"async\" src=\"https:\/\/www.andreas-edler.de\/blog\/wp-content\/uploads\/2024\/01\/2024-01-12-apostelweg_01-150x150.jpg\" alt=\"Ein Grundsch\u00fcler auf einem Fahrrad im Dunklen im sehr engen Begegnungsverkehr mit einem Kfz.\" width=\"150\" height=\"150\" class=\"size-thumbnail wp-image-171305\" \/><\/a><figcaption id=\"caption-attachment-171305\" class=\"wp-caption-text\">Viel Platz ist da nicht.<\/figcaption><\/figure> An der Grundschule Eidinghausen dann &#8211; <a href=\"https:\/\/www.andreas-edler.de\/blog\/2022\/10\/stadt-wusste-doch-von-der-situation-am-apostelweg\/\" rel=\"noopener\" target=\"_blank\">wie schon dutzende Male berichtet<\/a> und von der Stadt nicht nachhaltig verhindert &#8211; ein Mami-Taxen-Chaos mit wild parkenden KfZ auf beiden Seiten der Stra\u00dfe, teilweise minutenlang klopfenden Dieselmotoren in unbeaufsichtigten Fahrzeugen, weil die Eltern die Sch\u00fcler bis zur Klasse bringen und den Wagen laufen lassen!<br \/>\n<br \/>\nDas sind alles nicht benutzungspflichtige Wege und nun wird gesagt werden &#8222;Nicht unsere Sache.&#8220;. Tats\u00e4chlich sind es aber die Hauptzufahrten zu den Schulen. Das kann man m.E. nicht so lassen!<br \/>\n<br \/>\n<figure id=\"attachment_171280\" aria-describedby=\"caption-attachment-171280\" style=\"width: 150px\" class=\"wp-caption alignright\"><a href=\"https:\/\/www.andreas-edler.de\/blog\/wp-content\/uploads\/2024\/01\/2024-01-04_eidinghausener_pfahl-auf-gehweg.jpg\"><img loading=\"lazy\" decoding=\"async\" src=\"https:\/\/www.andreas-edler.de\/blog\/wp-content\/uploads\/2024\/01\/2024-01-04_eidinghausener_pfahl-auf-gehweg-150x150.jpg\" alt=\"Dunkler Schilderpfahl mitten auf dem Geh- und Radweg der Eidinghausener Stra\u00dfe.\" width=\"150\" height=\"150\" class=\"size-thumbnail wp-image-171280\" \/><\/a><figcaption id=\"caption-attachment-171280\" class=\"wp-caption-text\">Gut zu sehen, oder?<\/figcaption><\/figure> Den benutzungspflichtigen Radweg an der Eidinghausener Stra\u00dfe habe ich ignoriert. Es weisen genug Schilder auf den nicht zumutbaren Zustand hin. Ganz neu <a href=\"https:\/\/www.andreas-edler.de\/blog\/2024\/01\/radweg-der-eidinghausener-strasse-besonders-gesichert\/\" rel=\"noopener\" target=\"_blank\">die Bake kurz vor der Jet-Tankstelle<\/a> &#8211; wahrscheinlich aufgestellt, nachdem eine junge Frau dort Anfang Dezember st\u00fcrzte. Direkt hinter den in Fahrtrichtung verlegten taktilen Elementen mitten im Radweg. Wenn da doch nur jemand vorher drauf hingewiesen h\u00e4tte! Auf der gegen\u00fcberliegenden Seite der Stelle steht \u00fcbrigens ein dunkelgrauer, ungesicherter Pfahl f\u00fcr die digitale Anzeige der Bushaltestelle mit in den Weg herunter h\u00e4ngenden Kabeln mitten im Weg. Ebenfalls direkt hinter den in Fahrtrichtung l\u00e4ngs verlegten taktilen Elementen. Mir ist immer noch schleierhaft, wie man das ernsthaft so f\u00fcr den Verkehr freigeben kann, ohne schlecht zu schlafen.<br \/>\n<br \/>\nDer benutzungspflichtige <a href=\"https:\/\/www.andreas-edler.de\/blog\/2023\/09\/radweg-unter-der-neuen-eisenbahnbruecke-der-steinstrasse\/\" rel=\"noopener\" target=\"_blank\">Radweg entlang der Steinstra\u00dfe in Fahrtrichtung S\u00fcden vor und hinter der neuen Eisenbahnbr\u00fccke<\/a> war ebenfalls spiegelglatt. In Verbindung mit den dort mitten im Weg l\u00e4ngs verlegten taktilen Elementen eine Katastrophe! Dort muss lau Winterdienstsatzung ger\u00e4umt und somit f\u00fcr Sicherheit gesorgt werden. Ich kann von heute Morgen berichten: es ist nicht geschehen! Ungl\u00fccklich vor allen Dingen deshalb, weil ja alle von der Verwaltung gedachten Alternativrouten zur Strecke Eidinghausener- und Steinstra\u00dfe seit fast einem Monat unbenutzbar sind. <a href=\"https:\/\/www.andreas-edler.de\/blog\/2022\/02\/radweg-vom-prinzenwinkel-zur-flutmulde\/\" rel=\"noopener\" target=\"_blank\">H\u00e4tte man im Vorfeld darauf nur Hinweise bekommen!<\/a><br \/>\n<br \/>\nIch habe in der Vergangenheit mehrfach den <a href=\"https:\/\/www.andreas-edler.de\/blog\/2021\/02\/mit-winterdienst-unzufrieden\/\" rel=\"noopener\" target=\"_blank\">Winterdienst mit Hinblick auf den Geh- und Radverkehr<\/a> angesprochen. <a href=\"https:\/\/www.gruene-badoeynhausen.de\/wp\/2018\/03\/konzept-zur-saeuberung-und-instandhaltung-der-wege-des-alltagsradverkehrs\/\" rel=\"noopener\" target=\"_blank\">Wir hatten dazu einen Antrag<\/a>, der <a href=\"https:\/\/www.sitzungsdienst-bad-oeynhausen.de\/bi\/to020.asp?TOLFDNR=17941\" rel=\"noopener\" target=\"_blank\">nach vielen, vielen Monaten<\/a> in <a href=\"https:\/\/www.sitzungsdienst-bad-oeynhausen.de\/bi\/vo020.asp?VOLFDNR=9702\" rel=\"noopener\" target=\"_blank\">einer &#8222;Selbstverpflichtung&#8220;<\/a> m\u00fcndete. F\u00fcr den Alltagsradverkehr hat das &#8211; wenn es darauf ankommt &#8211; so gut wie nichts gebracht.<br \/>\n<br \/>\nAb jetzt werden die Temperaturen wieder positiv. In 11 Monaten melde ich mich mit dem Thema dann wahrscheinlich erneut. Es w\u00e4re aber sehr sch\u00f6n, wenn das nicht n\u00f6tig w\u00e4re. F\u00fcr den Kfz-Verkehr sind augenscheinlich Ressourcen vorhanden! Und gerade den haben wir beschlossen zu reduzieren.<br \/>\n<br \/>\nMit freundlichen Gr\u00fc\u00dfen<br \/>\n<br \/>\nAndreas Edler<\/p>\n","protected":false},"excerpt":{"rendered":"<p>Ich habe eine Mail geschrieben, nachdem ich unseren J\u00fcngsten gestern zur Schule begleitet habe. (Die Links waren in der Mail nicht enhalten. Sie wurden nachtr\u00e4glich erg\u00e4nzt.) Hallo [&#8230;], v\u00f6llig \u00fcberraschend ist es Winter! Und komplett unerwartet friert es. Dass auf &hellip;<\/p>\n<p class=\"read-more\"> <a class=\"more-link\" href=\"https:\/\/www.andreas-edler.de\/blog\/2024\/01\/vereiste-schulwege-in-bad-oeynhausen\/\"> <span class=\"screen-reader-text\">vereiste Schulwege in Bad Oeynhausen<\/span> Weiterlesen &raquo;<\/a><\/p>\n","protected":false},"author":1,"featured_media":0,"comment_status":"open","ping_status":"open","sticky":false,"template":"","format":"standard","meta":{"ngg_post_thumbnail":0,"activitypub_content_warning":"","activitypub_content_visibility":"","activitypub_max_image_attachments":2,"activitypub_interaction_policy_quote":"anyone","activitypub_status":"","footnotes":""},"categories":[14,15,13],"tags":[477,413,237,262,478,340,412,511,510,207,474,76,79,341,234],"class_list":["post-171303","post","type-post","status-publish","format-standard","hentry","category-bad-oeynhausen","category-fahrrad","category-verkehr","tag-alltagsradverkehr","tag-alter-postweg","tag-ausschuss-fuer-stadtentwicklung","tag-eidinghausener-strasse","tag-grundschule","tag-hahnenkampstrasse","tag-mdrza","tag-mdrzs","tag-mit-dem-rad-zur-schule","tag-radweg","tag-schulweg","tag-sicherheit","tag-stadtwerke","tag-steinstrasse","tag-winterdienst"],"share_on_mastodon":{"url":"https:\/\/social.tchncs.de\/@filmfacts\/111747840513619540","error":""},"_links":{"self":[{"href":"https:\/\/www.andreas-edler.de\/blog\/wp-json\/wp\/v2\/posts\/171303","targetHints":{"allow":["GET"]}}],"collection":[{"href":"https:\/\/www.andreas-edler.de\/blog\/wp-json\/wp\/v2\/posts"}],"about":[{"href":"https:\/\/www.andreas-edler.de\/blog\/wp-json\/wp\/v2\/types\/post"}],"author":[{"embeddable":true,"href":"https:\/\/www.andreas-edler.de\/blog\/wp-json\/wp\/v2\/users\/1"}],"replies":[{"embeddable":true,"href":"https:\/\/www.andreas-edler.de\/blog\/wp-json\/wp\/v2\/comments?post=171303"}],"version-history":[{"count":0,"href":"https:\/\/www.andreas-edler.de\/blog\/wp-json\/wp\/v2\/posts\/171303\/revisions"}],"wp:attachment":[{"href":"https:\/\/www.andreas-edler.de\/blog\/wp-json\/wp\/v2\/media?parent=171303"}],"wp:term":[{"taxonomy":"category","embeddable":true,"href":"https:\/\/www.andreas-edler.de\/blog\/wp-json\/wp\/v2\/categories?post=171303"},{"taxonomy":"post_tag","embeddable":true,"href":"https:\/\/www.andreas-edler.de\/blog\/wp-json\/wp\/v2\/tags?post=171303"}],"curies":[{"name":"wp","href":"https:\/\/api.w.org\/{rel}","templated":true}]}}