{"id":171291,"date":"2023-12-22T14:41:25","date_gmt":"2023-12-22T13:41:25","guid":{"rendered":"https:\/\/www.andreas-edler.de\/blog\/?p=171291"},"modified":"2024-01-07T13:01:12","modified_gmt":"2024-01-07T12:01:12","slug":"glasfaser-kommt-bei-uns-jetzt-von-e-on","status":"publish","type":"post","link":"https:\/\/www.andreas-edler.de\/blog\/2023\/12\/glasfaser-kommt-bei-uns-jetzt-von-e-on\/","title":{"rendered":"Glasfaser kommt bei uns jetzt von e.on"},"content":{"rendered":"<p><figure id=\"attachment_171292\" aria-describedby=\"caption-attachment-171292\" style=\"width: 150px\" class=\"wp-caption alignright\"><a href=\"https:\/\/www.andreas-edler.de\/blog\/wp-content\/uploads\/2024\/01\/2023-12-22_eon_infoveranstaltung.png\"><img loading=\"lazy\" decoding=\"async\" src=\"https:\/\/www.andreas-edler.de\/blog\/wp-content\/uploads\/2024\/01\/2023-12-22_eon_infoveranstaltung-150x150.png\" alt=\"Ein Google-Kalendereintrag zu einer Glasfaserinfoveranstaltung.\" width=\"150\" height=\"150\" class=\"size-thumbnail wp-image-171292\" \/><\/a><figcaption id=\"caption-attachment-171292\" class=\"wp-caption-text\">Terminnotiz im Google-Kalender<\/figcaption><\/figure> Ich hatte eben Besuch von einem netten jungen Herrn, der im Auftrag von <a href=\"https:\/\/www.westconnect.de\/\" rel=\"noopener\" target=\"_blank\">Westconnect<\/a>\/<a href=\"https:\/\/eon-highspeed.com\/\" rel=\"noopener\" target=\"_blank\">e.on<\/a> unterwegs war bzw. ist, um Glasfaservertr\u00e4ge an den Mann zu bringen. Am 25.10.2023 fand bereits eine Infoveranstaltung im Schloss Ovelg\u00f6nne statt, zu der ich gegangen bin. Dort h\u00e4tte ich auch gleich unterschreiben k\u00f6nnen, ich wollte mir aber erst die Modalit\u00e4ten noch einmal in Ruhe durchlesen.<\/p>\n<p>Ehrlich gesagt war ich n\u00e4mlich ein bisschen geschockt, welche Preise von e.on aufgerufen werden. Ich hatte mir das etwas g\u00fcnstiger vorgestellt, aber e.on liegt preislich gleichauf mit der Telekom, bietet daf\u00fcr aber 50 mbit\/s mehr Upstream. Ich liege dann mit dem reinen Internet-\/Telefonievertrag 1 Euro \u00fcber dem, was ich jetzt bezahle &#8211; allerdings ohne Fernsehen. Das habe ich aktuell bei der Telekom mit drin.<\/p>\n<p><figure id=\"attachment_171294\" aria-describedby=\"caption-attachment-171294\" style=\"width: 150px\" class=\"wp-caption alignright\"><a href=\"https:\/\/www.andreas-edler.de\/blog\/wp-content\/uploads\/2023\/12\/2023-12-22_telekom_glasfaserpreise.png\"><img loading=\"lazy\" decoding=\"async\" src=\"https:\/\/www.andreas-edler.de\/blog\/wp-content\/uploads\/2023\/12\/2023-12-22_telekom_glasfaserpreise-150x150.png\" alt=\"Screenshot der aktuellen Telekom-Glasfaserpreise\" width=\"150\" height=\"150\" class=\"size-thumbnail wp-image-171294\" \/><\/a><figcaption id=\"caption-attachment-171294\" class=\"wp-caption-text\">Preise Telekom<\/figcaption><\/figure><figure id=\"attachment_171295\" aria-describedby=\"caption-attachment-171295\" style=\"width: 150px\" class=\"wp-caption alignright\"><a href=\"https:\/\/www.andreas-edler.de\/blog\/wp-content\/uploads\/2023\/12\/2023-12-22_eon_glasfaserpreise.png\"><img loading=\"lazy\" decoding=\"async\" src=\"https:\/\/www.andreas-edler.de\/blog\/wp-content\/uploads\/2023\/12\/2023-12-22_eon_glasfaserpreise-150x150.png\" alt=\"Screenshot der aktuellen e.on-Glasfaserpreise\" width=\"150\" height=\"150\" class=\"size-thumbnail wp-image-171295\" \/><\/a><figcaption id=\"caption-attachment-171295\" class=\"wp-caption-text\">Preise e.on<\/figcaption><\/figure> Da werde ich wohl die Satellitensch\u00fcssel von der einen Hausseite auf die andere verlegen. Im Laufe der Jahrzehnte ist ein Baum im Garten des Nachbarn so hoch gewachsen, dass er die Sicht der Sch\u00fcssel nach S\u00fcden verhindert (und ein bisschen die PV-Anlage verschattet). Vielleicht lasse ich das mit dem Sat-Empfang aber auch. Wir schauen sowieso h\u00f6chst selten Pro7 oder RTL\/Sat1 und den Rest bekommt man kostenlos als Stream und recht bequem \u00fcber einen Fire-TV-Stick.<\/p>\n<p>Ich habe bei uns den Haken bei 250 mbit\/s Down- und 100 mbit\/s Upstream gesetzt, keine IPV4-Adresse genommen und warte mal, wann und was passiert. <\/p>\n","protected":false},"excerpt":{"rendered":"<p>Ich hatte eben Besuch von einem netten jungen Herrn, der im Auftrag von Westconnect\/e.on unterwegs war bzw. ist, um Glasfaservertr\u00e4ge an den Mann zu bringen. Am 25.10.2023 fand bereits eine Infoveranstaltung im Schloss Ovelg\u00f6nne statt, zu der ich gegangen bin. &hellip;<\/p>\n<p class=\"read-more\"> <a class=\"more-link\" href=\"https:\/\/www.andreas-edler.de\/blog\/2023\/12\/glasfaser-kommt-bei-uns-jetzt-von-e-on\/\"> <span class=\"screen-reader-text\">Glasfaser kommt bei uns jetzt von e.on<\/span> Weiterlesen &raquo;<\/a><\/p>\n","protected":false},"author":1,"featured_media":0,"comment_status":"open","ping_status":"open","sticky":false,"template":"","format":"standard","meta":{"ngg_post_thumbnail":0,"activitypub_content_warning":"","activitypub_content_visibility":"","activitypub_max_image_attachments":2,"activitypub_interaction_policy_quote":"anyone","activitypub_status":"","footnotes":""},"categories":[14],"tags":[533,594,543,145,64,33],"class_list":["post-171291","post","type-post","status-publish","format-standard","hentry","category-bad-oeynhausen","tag-breitband","tag-e-on","tag-glasfaser","tag-internet","tag-konsum","tag-service"],"share_on_mastodon":{"url":"","error":""},"_links":{"self":[{"href":"https:\/\/www.andreas-edler.de\/blog\/wp-json\/wp\/v2\/posts\/171291","targetHints":{"allow":["GET"]}}],"collection":[{"href":"https:\/\/www.andreas-edler.de\/blog\/wp-json\/wp\/v2\/posts"}],"about":[{"href":"https:\/\/www.andreas-edler.de\/blog\/wp-json\/wp\/v2\/types\/post"}],"author":[{"embeddable":true,"href":"https:\/\/www.andreas-edler.de\/blog\/wp-json\/wp\/v2\/users\/1"}],"replies":[{"embeddable":true,"href":"https:\/\/www.andreas-edler.de\/blog\/wp-json\/wp\/v2\/comments?post=171291"}],"version-history":[{"count":0,"href":"https:\/\/www.andreas-edler.de\/blog\/wp-json\/wp\/v2\/posts\/171291\/revisions"}],"wp:attachment":[{"href":"https:\/\/www.andreas-edler.de\/blog\/wp-json\/wp\/v2\/media?parent=171291"}],"wp:term":[{"taxonomy":"category","embeddable":true,"href":"https:\/\/www.andreas-edler.de\/blog\/wp-json\/wp\/v2\/categories?post=171291"},{"taxonomy":"post_tag","embeddable":true,"href":"https:\/\/www.andreas-edler.de\/blog\/wp-json\/wp\/v2\/tags?post=171291"}],"curies":[{"name":"wp","href":"https:\/\/api.w.org\/{rel}","templated":true}]}}