{"id":171243,"date":"2024-01-06T14:10:40","date_gmt":"2024-01-06T13:10:40","guid":{"rendered":"https:\/\/www.andreas-edler.de\/blog\/?p=171243"},"modified":"2024-01-06T14:22:27","modified_gmt":"2024-01-06T13:22:27","slug":"stromverbrauch-2023","status":"publish","type":"post","link":"https:\/\/www.andreas-edler.de\/blog\/2024\/01\/stromverbrauch-2023\/","title":{"rendered":"Stromverbrauch 2023"},"content":{"rendered":"<p><figure id=\"attachment_171244\" aria-describedby=\"caption-attachment-171244\" style=\"width: 150px\" class=\"wp-caption alignright\"><a href=\"https:\/\/www.andreas-edler.de\/blog\/wp-content\/uploads\/2024\/01\/2023-12-31-strom-hausverbrauch.png\"><img loading=\"lazy\" decoding=\"async\" src=\"https:\/\/www.andreas-edler.de\/blog\/wp-content\/uploads\/2024\/01\/2023-12-31-strom-hausverbrauch-150x150.png\" alt=\"Ein S\u00e4ulendiagramm mit den kWh-Verbr\u00e4uchen des Jahres 2023. In den letzten 2 Monaten ist der Verbrauch stark gestiegen.\" width=\"150\" height=\"150\" class=\"size-thumbnail wp-image-171244\" \/><\/a><figcaption id=\"caption-attachment-171244\" class=\"wp-caption-text\">Strom-Hausverbrauch in 2023<\/figcaption><\/figure><figure id=\"attachment_171266\" aria-describedby=\"caption-attachment-171266\" style=\"width: 150px\" class=\"wp-caption alignright\"><a href=\"https:\/\/www.andreas-edler.de\/blog\/wp-content\/uploads\/2024\/01\/2023-12-31-strom-netzstrombezug-1.png\"><img loading=\"lazy\" decoding=\"async\" src=\"https:\/\/www.andreas-edler.de\/blog\/wp-content\/uploads\/2024\/01\/2023-12-31-strom-netzstrombezug-1-150x150.png\" alt=\"Ein S\u00e4ulendiagramm unseres Netzstrombezuges. Es zeigt die typische Wannenform mit einer Senke in der Mitte des Jahres. Am Ende des Jahres werden die S\u00e4ulen deutlich l\u00e4nger.\" width=\"150\" height=\"150\" class=\"size-thumbnail wp-image-171266\" \/><\/a><figcaption id=\"caption-attachment-171266\" class=\"wp-caption-text\">Netzstrombezug in 2023<\/figcaption><\/figure> Wir haben schon immer sehr viel Storm verbraucht. Nicht zuletzt liegt das wahrscheinlich an den vielen Gimmicks, die hier im Haus laufen. Und nat\u00fcrlich an mindestens einem Rechner, welcher 24\/7 in Betrieb ist. Seit wir hier in 2002 eingezogen sind, lag unser Jahreshausverbrauch zwischen 4.600 und 5.200 kWh. Zwei Erwachsene und im Laufe der Zeit zwei Jungs haben dazu beigetragen. <a href=\"https:\/\/www.andreas-edler.de\/blog\/2020\/05\/photovoltaik-auf-dem-dach\/\" rel=\"noopener\" target=\"_blank\">Mitte 2020 haben wir unsere Photovoltaikanlage bekommen<\/a> und der Netzstrombezug (war bis dahin nicht in meinem Wortschatz) ist stark gesunken. Klar, tags\u00fcber produzieren wir selbst und ein paar Monate im Jahr reicht der Akku auch \u00fcber die Nacht. Seit Mitte 2021 ist der Bezug dann wieder gestiegen, weil wir unser <a href=\"https:\/\/www.andreas-edler.de\/blog\/2021\/06\/der-neue-fiat-500e\/\" rel=\"noopener\" target=\"_blank\">Elektroauto bekommen<\/a> haben.<\/p>\n<p><figure id=\"attachment_171250\" aria-describedby=\"caption-attachment-171250\" style=\"width: 150px\" class=\"wp-caption alignright\"><a href=\"https:\/\/www.andreas-edler.de\/blog\/wp-content\/uploads\/2024\/01\/2023-12-31-strom-erzeugung.png\"><img loading=\"lazy\" decoding=\"async\" src=\"https:\/\/www.andreas-edler.de\/blog\/wp-content\/uploads\/2024\/01\/2023-12-31-strom-erzeugung-150x150.png\" alt=\"Ein S\u00e4ulendiagramm der Stromerzeugung in 2023. Am Anfang und Ende des Jahres sind die S\u00e4ulen kurz, in der Mitte des Jahres naturgem\u00e4\u00df deutlich l\u00e4nger.\" width=\"150\" height=\"150\" class=\"size-thumbnail wp-image-171250\" \/><\/a><figcaption id=\"caption-attachment-171250\" class=\"wp-caption-text\">Stromerzeugung in 2023<\/figcaption><\/figure><figure id=\"attachment_171251\" aria-describedby=\"caption-attachment-171251\" style=\"width: 150px\" class=\"wp-caption alignright\"><a href=\"https:\/\/www.andreas-edler.de\/blog\/wp-content\/uploads\/2024\/01\/2023-12-31-strom-einspeisung.png\"><img loading=\"lazy\" decoding=\"async\" src=\"https:\/\/www.andreas-edler.de\/blog\/wp-content\/uploads\/2024\/01\/2023-12-31-strom-einspeisung-150x150.png\" alt=\"Ein S\u00e4ulendiagramm der Stromeinspeisung. Die L\u00e4nge der S\u00e4ulen ist Anfang und Ende des Jahres kurz, zur Mitte hin wird mehr eingespeist.\" width=\"150\" height=\"150\" class=\"size-thumbnail wp-image-171251\" \/><\/a><figcaption id=\"caption-attachment-171251\" class=\"wp-caption-text\">Stromeinspeisung in 2023<\/figcaption><\/figure> In 2023 haben wir insgesamt 7.685,20 kWh Strom verbraucht. Davon haben wir 3.597 kWh aus dem Netz bezogen. Den Rest haben wir logischerweise selbst erzeugt. Eingespeist haben wir im vergangenen Jahr 3.948,00 kWh. Insgesamt hat unsere Anlage 8.038,98 kWh Strom erzeugt. Der Akku im Keller wurde bei ausreichend Sonneneinstrahlung geladen und bei zuwenig Strom vom Dach hat er dazu geliefert. Die Monate November und Dezember waren in 2023 ausnehmend schlecht. Es war sehr bew\u00f6lkt und dunkel, da kam nicht viel vom Dach. Trotzdem ist die Gesamtjahresausbeute besser, als sie noch 2021 war, allerdings deutlich schlechter als 2022. Ohne W\u00e4rmepumpe und E-Auto h\u00e4tte es aber mindestens tags\u00fcber f\u00fcr den Stromverbrauch des Hause gereicht.<\/p>\n<p><figure id=\"attachment_171254\" aria-describedby=\"caption-attachment-171254\" style=\"width: 150px\" class=\"wp-caption alignright\"><a href=\"https:\/\/www.andreas-edler.de\/blog\/wp-content\/uploads\/2024\/01\/2023-12-31-strom-wallbox.png\"><img loading=\"lazy\" decoding=\"async\" src=\"https:\/\/www.andreas-edler.de\/blog\/wp-content\/uploads\/2024\/01\/2023-12-31-strom-wallbox-150x150.png\" alt=\"S\u00e4ulendiagramm der geladenen kWh unseres Fiat 500e in 2023.\" width=\"150\" height=\"150\" class=\"size-thumbnail wp-image-171254\" \/><\/a><figcaption id=\"caption-attachment-171254\" class=\"wp-caption-text\">Verbrauch des Fiat 500e in 2023<\/figcaption><\/figure><figure id=\"attachment_171256\" aria-describedby=\"caption-attachment-171256\" style=\"width: 150px\" class=\"wp-caption alignright\"><a href=\"https:\/\/www.andreas-edler.de\/blog\/wp-content\/uploads\/2024\/01\/2023-12-31-strom-waermepumpe-tagesverlauf.png\"><img loading=\"lazy\" decoding=\"async\" src=\"https:\/\/www.andreas-edler.de\/blog\/wp-content\/uploads\/2024\/01\/2023-12-31-strom-waermepumpe-tagesverlauf-150x150.png\" alt=\"S\u00e4ulendiagramm des Verbrauchs unserer W\u00e4rmepumpe seit 17.11.2024\" width=\"150\" height=\"150\" class=\"size-thumbnail wp-image-171256\" \/><\/a><figcaption id=\"caption-attachment-171256\" class=\"wp-caption-text\">Verbrauch der W\u00e4rmepumpe in 2023<\/figcaption><\/figure> An dem sehr hohen Gesamtverbrauch des Hauses hat der <a href=\"https:\/\/www.andreas-edler.de\/blog\/2024\/01\/energiekosten-des-elektroautos-in-2023\/\" rel=\"noopener\" target=\"_blank\">Fiat 500e einen Anteil von 1.321 kWh<\/a>. Diese geladenen Kilowattstunden mussten wir dementsprechend nicht in Form von fossilen Brennstoffen an der Tankstelle kaufen! Wir haben das Elektroauto so gut wie ausschlie\u00dflich an der Wallbox geladen, ein- oder zweimal unterwegs am Schnelllader. Das habe ich au\u00dfen vor gelassen. Waren vielleicht 70 kWh &#8211; gro\u00dfz\u00fcgig gesch\u00e4tzt.<\/p>\n<p>Mitte November ist unsere <a href=\"https:\/\/www.andreas-edler.de\/blog\/2023\/11\/waermepumpe-angeschlossen-und-laeuft\/\" rel=\"noopener\" target=\"_blank\">W\u00e4rmepumpe als Hybridl\u00f6sung<\/a> in Betrieb genommen worden. Wir haben die Gastherme weiterhin verbaut und angeschlossen. Falls die W\u00e4rmepumpe nicht klar kommt, w\u00fcrde die Gastherme anspringen. <figure id=\"attachment_171260\" aria-describedby=\"caption-attachment-171260\" style=\"width: 150px\" class=\"wp-caption alignright\"><a href=\"https:\/\/www.andreas-edler.de\/blog\/wp-content\/uploads\/2024\/01\/2023-12-31-gas-heizung.png\"><img loading=\"lazy\" decoding=\"async\" src=\"https:\/\/www.andreas-edler.de\/blog\/wp-content\/uploads\/2024\/01\/2023-12-31-gas-heizung-150x150.png\" alt=\"S\u00e4ulendiagramm des Gasverbrauch in 2023. Anfang des Jahres hohe S\u00e4ulen, in der Mitte kaum sichtbar und gegen Ende des Jahres nur eine kleine Erh\u00f6hung.\" width=\"150\" height=\"150\" class=\"size-thumbnail wp-image-171260\" \/><\/a><figcaption id=\"caption-attachment-171260\" class=\"wp-caption-text\">Gasverbrauch in 2023<\/figcaption><\/figure> Seit dem 17.11.2023 ist dies nicht der Fall gewesen und wir haben nicht einen Kubikzentimeter Erdgas verbraucht. Um die W\u00e4rme f\u00fcr Brauchwasser und die Heizung zu erzeugen wurde daher Elektrizit\u00e4t eingesetzt. Der Verbrauch vom 17.11. bis zum 31.12.2023 lag bei 954 kWh. Daf\u00fcr eben gar kein Gas mehr. Ich habe die Verbr\u00e4uche verglichen und lag bei unserem Haus an Tagen im Dezember bei 20 bis 30 kWh Strom pro Tag. An den Vortagsjahren haben wir da zwischen 55 und 75 kWh Erdgas verbraucht. Das ist ungef\u00e4hr das, was ich erwartet hatte. Unser Haus ist von 1989 und nicht besonders ged\u00e4mmt worden. Wir hatten vorher einen Verbauch von ca. 12.000 kWh Gas im Jahr.<\/p>\n<p>Schauen wir also mal: 7.685,20 kWh Hausverbrauch, davon ziehe ich 1.321 kWh Mobilit\u00e4tskosten des Fiat und die 954 kWh f\u00fcr die Heizung ab. Verbleiben 5.410,2 kWh die wir nur mit dem Haus verbraucht haben. Das ist zwar immer noch der h\u00f6chste Stromverbrauch, den wir je hatten, aber nur knapp \u00fcber unseren bisherigen \u00fcblichen Verbr\u00e4uchen. Wir haben in 2023 einen kleinen Entfeuchter angeschafft, der viel gelaufen ist und der gro\u00dfe Nachwuchs hat mit dem 3D-Drucker teilweise wochenlang irgendwelche Helme und Sternzerst\u00f6rer ausgedruckt. Beide Ger\u00e4te ziehen durchg\u00e4ngig zwischen 250 und 300 Watt aus der Steckdose. Da vermute ich einen Teil des Mehrverbrauchs. Zudem ist der kleine Nachwuchs inzwischen auch recht h\u00e4ufig am Rechner bzw. der XBox unterwegs, da sollte jeder der Kinder hat, aus Spa\u00df mal ein Messger\u00e4t dran halten.<\/p>\n<p>Zudem habe ich der letzten Woche im Gespr\u00e4ch erfahren, dass ein Arbeitskollege ebenfalls rund 5.000 kWh Strom verbraucht &#8211; Ohne E-Auto und W\u00e4rmepumpe, aber mit Kindern. Insofern bin ich recht entspannt. Denn bezahlen m\u00fcssen wir nur den Netzstrombezug von 3.597 kWh &#8211; und da ist Tanken und Heizung dann schon mit drin! Ich \u00fcberlege, ob ich wohl noch einen Solarzaun mit 2,4 KW und S\u00fcdausrichtung montieren kann.<\/p>\n","protected":false},"excerpt":{"rendered":"<p>Wir haben schon immer sehr viel Storm verbraucht. Nicht zuletzt liegt das wahrscheinlich an den vielen Gimmicks, die hier im Haus laufen. Und nat\u00fcrlich an mindestens einem Rechner, welcher 24\/7 in Betrieb ist. Seit wir hier in 2002 eingezogen sind, &hellip;<\/p>\n<p class=\"read-more\"> <a class=\"more-link\" href=\"https:\/\/www.andreas-edler.de\/blog\/2024\/01\/stromverbrauch-2023\/\"> <span class=\"screen-reader-text\">Stromverbrauch 2023<\/span> Weiterlesen &raquo;<\/a><\/p>\n","protected":false},"author":1,"featured_media":0,"comment_status":"open","ping_status":"open","sticky":false,"template":"","format":"standard","meta":{"ngg_post_thumbnail":0,"activitypub_content_warning":"","activitypub_content_visibility":"","activitypub_max_image_attachments":2,"activitypub_interaction_policy_quote":"anyone","activitypub_status":"","footnotes":""},"categories":[1],"tags":[522,239,114,514,51,551,398,64,470,490,380,566],"class_list":["post-171243","post","type-post","status-publish","format-standard","hentry","category-allgemein","tag-antriebswende","tag-elektromobilitaet","tag-energie-sparen","tag-fiat-500e","tag-geld","tag-heizung","tag-klimawandel","tag-konsum","tag-photovoltaik","tag-solarenergie","tag-umweltschutz","tag-waermepumpe"],"share_on_mastodon":{"url":"https:\/\/social.tchncs.de\/@filmfacts\/111709168915611667","error":""},"_links":{"self":[{"href":"https:\/\/www.andreas-edler.de\/blog\/wp-json\/wp\/v2\/posts\/171243","targetHints":{"allow":["GET"]}}],"collection":[{"href":"https:\/\/www.andreas-edler.de\/blog\/wp-json\/wp\/v2\/posts"}],"about":[{"href":"https:\/\/www.andreas-edler.de\/blog\/wp-json\/wp\/v2\/types\/post"}],"author":[{"embeddable":true,"href":"https:\/\/www.andreas-edler.de\/blog\/wp-json\/wp\/v2\/users\/1"}],"replies":[{"embeddable":true,"href":"https:\/\/www.andreas-edler.de\/blog\/wp-json\/wp\/v2\/comments?post=171243"}],"version-history":[{"count":0,"href":"https:\/\/www.andreas-edler.de\/blog\/wp-json\/wp\/v2\/posts\/171243\/revisions"}],"wp:attachment":[{"href":"https:\/\/www.andreas-edler.de\/blog\/wp-json\/wp\/v2\/media?parent=171243"}],"wp:term":[{"taxonomy":"category","embeddable":true,"href":"https:\/\/www.andreas-edler.de\/blog\/wp-json\/wp\/v2\/categories?post=171243"},{"taxonomy":"post_tag","embeddable":true,"href":"https:\/\/www.andreas-edler.de\/blog\/wp-json\/wp\/v2\/tags?post=171243"}],"curies":[{"name":"wp","href":"https:\/\/api.w.org\/{rel}","templated":true}]}}