{"id":171188,"date":"2023-12-28T22:03:02","date_gmt":"2023-12-28T21:03:02","guid":{"rendered":"https:\/\/www.andreas-edler.de\/blog\/?p=171188"},"modified":"2023-12-30T14:20:31","modified_gmt":"2023-12-30T13:20:31","slug":"hochwasser-an-werre-und-weser-dezember-2023","status":"publish","type":"post","link":"https:\/\/www.andreas-edler.de\/blog\/2023\/12\/hochwasser-an-werre-und-weser-dezember-2023\/","title":{"rendered":"Hochwasser an Werre und Weser Dezember 2023"},"content":{"rendered":"<p><a href=\"https:\/\/www.andreas-edler.de\/blog\/2023\/12\/der-neue-werreradweg-ist-unter-wasser\/\" rel=\"noopener\" target=\"_blank\">Mitte Dezember ging es los<\/a>, dass das Hochwasser langsam aus dem Boden der Flutmulde kam. Das Wasser dr\u00fcckte durch das Gras und lief langsam \u00fcber die Radwege. Das verschand dann erst wieder, kehrte aber eine Woche sp\u00e4ter wieder zur\u00fcck.<\/p>\n<div style=\"width: 605px;\" class=\"wp-video\"><video class=\"wp-video-shortcode\" id=\"video-171188-1\" width=\"605\" height=\"340\" preload=\"metadata\" controls=\"controls\"><source type=\"video\/mp4\" src=\"https:\/\/www.andreas-edler.de\/blog\/wp-content\/uploads\/2023\/12\/2023-12-22_flutmulde_prinzenwinkel_hochwasser.mp4?_=1\" \/><a href=\"https:\/\/www.andreas-edler.de\/blog\/wp-content\/uploads\/2023\/12\/2023-12-22_flutmulde_prinzenwinkel_hochwasser.mp4\">https:\/\/www.andreas-edler.de\/blog\/wp-content\/uploads\/2023\/12\/2023-12-22_flutmulde_prinzenwinkel_hochwasser.mp4<\/a><\/video><\/div>\n<p>Zun\u00e4chst am 22.12. auf dem Weg nach Hause nur ganz flach, dann setzte der Regen ein und zwei Tage sp\u00e4ter war die Flutmulde dann voll! Nichts ging mehr. Das Wasser stand Ende des zweiten Weihnachtsfeiertages nicht ganz einen Meter unter der Unterkante der neue Flutmuldenbr\u00fccke, Rossman, Jysk und Ernstings Family im Einkaufsquartier in Eidinghausen zwischen Werre- und Werster Stra\u00dfe standen unter Wasser. Wobei &#8222;stand&#8220; nicht ganz richtig ist, das Wasser floss durch die Flutmulde genau wie durch das eigentliche Flussbett der Werre. Das habe ich ehrlich gesagt noch nie gesehen. Auch <a href=\"https:\/\/www.andreas-edler.de\/blog\/2011\/01\/hochwasserausflug\/\" rel=\"noopener\" target=\"_blank\">im Januar 2011<\/a> nicht, als das Wasser meiner Erinnerung nach <a href=\"https:\/\/www.andreas-edler.de\/blog\/2011\/01\/hochwasser-zum-zweiten\/\" rel=\"noopener\" target=\"_blank\">das letzte Mal so richtig fies hoch<\/a> war.<\/p>\n<p>Ich bin an den Tagen mit dem Fahrrad rum gefahren und habe ein paar Bilder gemacht. Teilweise hat es dabei die ganze Zeit geregnet, manchmal war es nur sehr bew\u00f6lkt und dunkel, aber die Sonne hat nie geschienen. Darum sehen die Fotos alle recht trist aus.<\/p>\n<figure id=\"attachment_171191\" aria-describedby=\"caption-attachment-171191\" style=\"width: 470px\" class=\"wp-caption aligncenter\"><a href=\"https:\/\/www.andreas-edler.de\/blog\/wp-content\/uploads\/2023\/12\/2023-12-24-10.32.31.jpg\"><img loading=\"lazy\" decoding=\"async\" src=\"https:\/\/www.andreas-edler.de\/blog\/wp-content\/uploads\/2023\/12\/2023-12-24-10.32.31-470x161.jpg\" alt=\"Ein asphaltierter Weg zwischen zwei Wasserfl\u00e4chen.\" width=\"470\" height=\"161\" class=\"size-large wp-image-171191\" srcset=\"https:\/\/www.andreas-edler.de\/blog\/wp-content\/uploads\/2023\/12\/2023-12-24-10.32.31-470x161.jpg 470w, https:\/\/www.andreas-edler.de\/blog\/wp-content\/uploads\/2023\/12\/2023-12-24-10.32.31-250x86.jpg 250w, https:\/\/www.andreas-edler.de\/blog\/wp-content\/uploads\/2023\/12\/2023-12-24-10.32.31-768x263.jpg 768w, https:\/\/www.andreas-edler.de\/blog\/wp-content\/uploads\/2023\/12\/2023-12-24-10.32.31-1536x526.jpg 1536w, https:\/\/www.andreas-edler.de\/blog\/wp-content\/uploads\/2023\/12\/2023-12-24-10.32.31-2048x701.jpg 2048w, https:\/\/www.andreas-edler.de\/blog\/wp-content\/uploads\/2023\/12\/2023-12-24-10.32.31-100x34.jpg 100w, https:\/\/www.andreas-edler.de\/blog\/wp-content\/uploads\/2023\/12\/2023-12-24-10.32.31-150x51.jpg 150w, https:\/\/www.andreas-edler.de\/blog\/wp-content\/uploads\/2023\/12\/2023-12-24-10.32.31-200x68.jpg 200w, https:\/\/www.andreas-edler.de\/blog\/wp-content\/uploads\/2023\/12\/2023-12-24-10.32.31-300x103.jpg 300w, https:\/\/www.andreas-edler.de\/blog\/wp-content\/uploads\/2023\/12\/2023-12-24-10.32.31-450x154.jpg 450w, https:\/\/www.andreas-edler.de\/blog\/wp-content\/uploads\/2023\/12\/2023-12-24-10.32.31-600x205.jpg 600w, https:\/\/www.andreas-edler.de\/blog\/wp-content\/uploads\/2023\/12\/2023-12-24-10.32.31-900x308.jpg 900w\" sizes=\"auto, (max-width: 470px) 100vw, 470px\" \/><\/a><figcaption id=\"caption-attachment-171191\" class=\"wp-caption-text\">24.12.2023 &#8211; Weg hinter der Volksbank zwischen Werster- und Eidinghausener Stra\u00dfe<\/figcaption><\/figure>\n<figure id=\"attachment_171192\" aria-describedby=\"caption-attachment-171192\" style=\"width: 470px\" class=\"wp-caption aligncenter\"><a href=\"https:\/\/www.andreas-edler.de\/blog\/wp-content\/uploads\/2023\/12\/2023-12-24-10.33.43.jpg\"><img loading=\"lazy\" decoding=\"async\" src=\"https:\/\/www.andreas-edler.de\/blog\/wp-content\/uploads\/2023\/12\/2023-12-24-10.33.43-470x193.jpg\" alt=\"Ein Postturm vor einer Wasserfl\u00e4che.\" width=\"470\" height=\"193\" class=\"size-large wp-image-171192\" srcset=\"https:\/\/www.andreas-edler.de\/blog\/wp-content\/uploads\/2023\/12\/2023-12-24-10.33.43-470x193.jpg 470w, https:\/\/www.andreas-edler.de\/blog\/wp-content\/uploads\/2023\/12\/2023-12-24-10.33.43-250x103.jpg 250w, https:\/\/www.andreas-edler.de\/blog\/wp-content\/uploads\/2023\/12\/2023-12-24-10.33.43-768x315.jpg 768w, https:\/\/www.andreas-edler.de\/blog\/wp-content\/uploads\/2023\/12\/2023-12-24-10.33.43-1536x630.jpg 1536w, https:\/\/www.andreas-edler.de\/blog\/wp-content\/uploads\/2023\/12\/2023-12-24-10.33.43-2048x840.jpg 2048w, https:\/\/www.andreas-edler.de\/blog\/wp-content\/uploads\/2023\/12\/2023-12-24-10.33.43-100x41.jpg 100w, https:\/\/www.andreas-edler.de\/blog\/wp-content\/uploads\/2023\/12\/2023-12-24-10.33.43-150x62.jpg 150w, https:\/\/www.andreas-edler.de\/blog\/wp-content\/uploads\/2023\/12\/2023-12-24-10.33.43-200x82.jpg 200w, https:\/\/www.andreas-edler.de\/blog\/wp-content\/uploads\/2023\/12\/2023-12-24-10.33.43-300x123.jpg 300w, https:\/\/www.andreas-edler.de\/blog\/wp-content\/uploads\/2023\/12\/2023-12-24-10.33.43-450x185.jpg 450w, https:\/\/www.andreas-edler.de\/blog\/wp-content\/uploads\/2023\/12\/2023-12-24-10.33.43-600x246.jpg 600w, https:\/\/www.andreas-edler.de\/blog\/wp-content\/uploads\/2023\/12\/2023-12-24-10.33.43-900x369.jpg 900w\" sizes=\"auto, (max-width: 470px) 100vw, 470px\" \/><\/a><figcaption id=\"caption-attachment-171192\" class=\"wp-caption-text\">24.12.2023 &#8211; der Werster Postturm vom Geh- und Radweg durch die Werrewiesen<\/figcaption><\/figure>\n<figure id=\"attachment_171196\" aria-describedby=\"caption-attachment-171196\" style=\"width: 470px\" class=\"wp-caption aligncenter\"><a href=\"https:\/\/www.andreas-edler.de\/blog\/wp-content\/uploads\/2023\/12\/2023-12-24-10.35.36.jpg\"><img loading=\"lazy\" decoding=\"async\" src=\"https:\/\/www.andreas-edler.de\/blog\/wp-content\/uploads\/2023\/12\/2023-12-24-10.35.36-470x308.jpg\" alt=\"Eine Br\u00fccke \u00fcber einen Fluss. Der Wasserspiegel ist knapp einen Meter unter der Unterkante der Br\u00fccke.\" width=\"470\" height=\"308\" class=\"size-large wp-image-171196\" srcset=\"https:\/\/www.andreas-edler.de\/blog\/wp-content\/uploads\/2023\/12\/2023-12-24-10.35.36-470x308.jpg 470w, https:\/\/www.andreas-edler.de\/blog\/wp-content\/uploads\/2023\/12\/2023-12-24-10.35.36-250x164.jpg 250w, https:\/\/www.andreas-edler.de\/blog\/wp-content\/uploads\/2023\/12\/2023-12-24-10.35.36-768x503.jpg 768w, https:\/\/www.andreas-edler.de\/blog\/wp-content\/uploads\/2023\/12\/2023-12-24-10.35.36-1536x1007.jpg 1536w, https:\/\/www.andreas-edler.de\/blog\/wp-content\/uploads\/2023\/12\/2023-12-24-10.35.36-2048x1342.jpg 2048w, https:\/\/www.andreas-edler.de\/blog\/wp-content\/uploads\/2023\/12\/2023-12-24-10.35.36-100x66.jpg 100w, https:\/\/www.andreas-edler.de\/blog\/wp-content\/uploads\/2023\/12\/2023-12-24-10.35.36-150x98.jpg 150w, https:\/\/www.andreas-edler.de\/blog\/wp-content\/uploads\/2023\/12\/2023-12-24-10.35.36-200x131.jpg 200w, https:\/\/www.andreas-edler.de\/blog\/wp-content\/uploads\/2023\/12\/2023-12-24-10.35.36-300x197.jpg 300w, https:\/\/www.andreas-edler.de\/blog\/wp-content\/uploads\/2023\/12\/2023-12-24-10.35.36-450x295.jpg 450w, https:\/\/www.andreas-edler.de\/blog\/wp-content\/uploads\/2023\/12\/2023-12-24-10.35.36-600x393.jpg 600w, https:\/\/www.andreas-edler.de\/blog\/wp-content\/uploads\/2023\/12\/2023-12-24-10.35.36-900x590.jpg 900w\" sizes=\"auto, (max-width: 470px) 100vw, 470px\" \/><\/a><figcaption id=\"caption-attachment-171196\" class=\"wp-caption-text\">24.12.2023 &#8211; Flutmuldenbr\u00fccke knapp \u00fcber dem Wasserspiegel<\/figcaption><\/figure>\n<figure id=\"attachment_171197\" aria-describedby=\"caption-attachment-171197\" style=\"width: 470px\" class=\"wp-caption aligncenter\"><a href=\"https:\/\/www.andreas-edler.de\/blog\/wp-content\/uploads\/2023\/12\/2023-12-24-10.52.47.jpg\"><img loading=\"lazy\" decoding=\"async\" src=\"https:\/\/www.andreas-edler.de\/blog\/wp-content\/uploads\/2023\/12\/2023-12-24-10.52.47-470x185.jpg\" alt=\"Radwegschilder in einem Fluss. Der Wasserspiegel ist wenige Zentimeter unter den Schildern oben am Schilderpfahl.\" width=\"470\" height=\"185\" class=\"size-large wp-image-171197\" srcset=\"https:\/\/www.andreas-edler.de\/blog\/wp-content\/uploads\/2023\/12\/2023-12-24-10.52.47-470x185.jpg 470w, https:\/\/www.andreas-edler.de\/blog\/wp-content\/uploads\/2023\/12\/2023-12-24-10.52.47-250x99.jpg 250w, https:\/\/www.andreas-edler.de\/blog\/wp-content\/uploads\/2023\/12\/2023-12-24-10.52.47-768x303.jpg 768w, https:\/\/www.andreas-edler.de\/blog\/wp-content\/uploads\/2023\/12\/2023-12-24-10.52.47-1536x606.jpg 1536w, https:\/\/www.andreas-edler.de\/blog\/wp-content\/uploads\/2023\/12\/2023-12-24-10.52.47-2048x808.jpg 2048w, https:\/\/www.andreas-edler.de\/blog\/wp-content\/uploads\/2023\/12\/2023-12-24-10.52.47-100x39.jpg 100w, https:\/\/www.andreas-edler.de\/blog\/wp-content\/uploads\/2023\/12\/2023-12-24-10.52.47-150x59.jpg 150w, https:\/\/www.andreas-edler.de\/blog\/wp-content\/uploads\/2023\/12\/2023-12-24-10.52.47-200x79.jpg 200w, https:\/\/www.andreas-edler.de\/blog\/wp-content\/uploads\/2023\/12\/2023-12-24-10.52.47-300x118.jpg 300w, https:\/\/www.andreas-edler.de\/blog\/wp-content\/uploads\/2023\/12\/2023-12-24-10.52.47-450x178.jpg 450w, https:\/\/www.andreas-edler.de\/blog\/wp-content\/uploads\/2023\/12\/2023-12-24-10.52.47-600x237.jpg 600w, https:\/\/www.andreas-edler.de\/blog\/wp-content\/uploads\/2023\/12\/2023-12-24-10.52.47-900x355.jpg 900w\" sizes=\"auto, (max-width: 470px) 100vw, 470px\" \/><\/a><figcaption id=\"caption-attachment-171197\" class=\"wp-caption-text\">24.12.2023 &#8211; Radweghinweise in der Flutmulde<\/figcaption><\/figure>\n<figure id=\"attachment_171199\" aria-describedby=\"caption-attachment-171199\" style=\"width: 470px\" class=\"wp-caption aligncenter\"><a href=\"https:\/\/www.andreas-edler.de\/blog\/wp-content\/uploads\/2023\/12\/2023-12-24-11.05.12.jpg\"><img loading=\"lazy\" decoding=\"async\" src=\"https:\/\/www.andreas-edler.de\/blog\/wp-content\/uploads\/2023\/12\/2023-12-24-11.05.12-470x223.jpg\" alt=\"Im Bild rechts eine Trib\u00fcne aus Holzbohlen mit einem Stahlgel\u00e4nder links. Die Veranstaltungsf\u00f6\u00e4che links ist komplett \u00fcberflutet.\" width=\"470\" height=\"223\" class=\"size-large wp-image-171199\" srcset=\"https:\/\/www.andreas-edler.de\/blog\/wp-content\/uploads\/2023\/12\/2023-12-24-11.05.12-470x223.jpg 470w, https:\/\/www.andreas-edler.de\/blog\/wp-content\/uploads\/2023\/12\/2023-12-24-11.05.12-250x119.jpg 250w, https:\/\/www.andreas-edler.de\/blog\/wp-content\/uploads\/2023\/12\/2023-12-24-11.05.12-768x365.jpg 768w, https:\/\/www.andreas-edler.de\/blog\/wp-content\/uploads\/2023\/12\/2023-12-24-11.05.12-1536x729.jpg 1536w, https:\/\/www.andreas-edler.de\/blog\/wp-content\/uploads\/2023\/12\/2023-12-24-11.05.12-2048x972.jpg 2048w, https:\/\/www.andreas-edler.de\/blog\/wp-content\/uploads\/2023\/12\/2023-12-24-11.05.12-100x47.jpg 100w, https:\/\/www.andreas-edler.de\/blog\/wp-content\/uploads\/2023\/12\/2023-12-24-11.05.12-150x71.jpg 150w, https:\/\/www.andreas-edler.de\/blog\/wp-content\/uploads\/2023\/12\/2023-12-24-11.05.12-200x95.jpg 200w, https:\/\/www.andreas-edler.de\/blog\/wp-content\/uploads\/2023\/12\/2023-12-24-11.05.12-300x142.jpg 300w, https:\/\/www.andreas-edler.de\/blog\/wp-content\/uploads\/2023\/12\/2023-12-24-11.05.12-450x214.jpg 450w, https:\/\/www.andreas-edler.de\/blog\/wp-content\/uploads\/2023\/12\/2023-12-24-11.05.12-600x285.jpg 600w, https:\/\/www.andreas-edler.de\/blog\/wp-content\/uploads\/2023\/12\/2023-12-24-11.05.12-900x427.jpg 900w\" sizes=\"auto, (max-width: 470px) 100vw, 470px\" \/><\/a><figcaption id=\"caption-attachment-171199\" class=\"wp-caption-text\">24.12.2023 &#8211; Der Reitplatz im Sielpark<\/figcaption><\/figure>\n<figure id=\"attachment_171200\" aria-describedby=\"caption-attachment-171200\" style=\"width: 470px\" class=\"wp-caption aligncenter\"><a href=\"https:\/\/www.andreas-edler.de\/blog\/wp-content\/uploads\/2023\/12\/2023-12-24-11.16.12.jpg\"><img loading=\"lazy\" decoding=\"async\" src=\"https:\/\/www.andreas-edler.de\/blog\/wp-content\/uploads\/2023\/12\/2023-12-24-11.16.12-470x223.jpg\" alt=\"Eine Br\u00fccke \u00fcber einem Flu\u00df. Man schaut auf die Wasserfl\u00e4che und sieht eine St\u00fctz der Br\u00fccke, die gerade noch aus dem Wasser schaut.\" width=\"470\" height=\"223\" class=\"size-large wp-image-171200\" srcset=\"https:\/\/www.andreas-edler.de\/blog\/wp-content\/uploads\/2023\/12\/2023-12-24-11.16.12-470x223.jpg 470w, https:\/\/www.andreas-edler.de\/blog\/wp-content\/uploads\/2023\/12\/2023-12-24-11.16.12-250x119.jpg 250w, https:\/\/www.andreas-edler.de\/blog\/wp-content\/uploads\/2023\/12\/2023-12-24-11.16.12-768x365.jpg 768w, https:\/\/www.andreas-edler.de\/blog\/wp-content\/uploads\/2023\/12\/2023-12-24-11.16.12-1536x729.jpg 1536w, https:\/\/www.andreas-edler.de\/blog\/wp-content\/uploads\/2023\/12\/2023-12-24-11.16.12-2048x972.jpg 2048w, https:\/\/www.andreas-edler.de\/blog\/wp-content\/uploads\/2023\/12\/2023-12-24-11.16.12-100x47.jpg 100w, https:\/\/www.andreas-edler.de\/blog\/wp-content\/uploads\/2023\/12\/2023-12-24-11.16.12-150x71.jpg 150w, https:\/\/www.andreas-edler.de\/blog\/wp-content\/uploads\/2023\/12\/2023-12-24-11.16.12-200x95.jpg 200w, https:\/\/www.andreas-edler.de\/blog\/wp-content\/uploads\/2023\/12\/2023-12-24-11.16.12-300x142.jpg 300w, https:\/\/www.andreas-edler.de\/blog\/wp-content\/uploads\/2023\/12\/2023-12-24-11.16.12-450x214.jpg 450w, https:\/\/www.andreas-edler.de\/blog\/wp-content\/uploads\/2023\/12\/2023-12-24-11.16.12-600x285.jpg 600w, https:\/\/www.andreas-edler.de\/blog\/wp-content\/uploads\/2023\/12\/2023-12-24-11.16.12-900x427.jpg 900w\" sizes=\"auto, (max-width: 470px) 100vw, 470px\" \/><\/a><figcaption id=\"caption-attachment-171200\" class=\"wp-caption-text\">24.12.2023 &#8211; Das Sielwehr in Werste ist komplett \u00fcberflutet<\/figcaption><\/figure>\n<figure id=\"attachment_171201\" aria-describedby=\"caption-attachment-171201\" style=\"width: 470px\" class=\"wp-caption aligncenter\"><a href=\"https:\/\/www.andreas-edler.de\/blog\/wp-content\/uploads\/2023\/12\/2023-12-24-11.29.44.jpg\"><img loading=\"lazy\" decoding=\"async\" src=\"https:\/\/www.andreas-edler.de\/blog\/wp-content\/uploads\/2023\/12\/2023-12-24-11.29.44-470x223.jpg\" alt=\"Eine Br\u00fccke \u00fcber einen Fluss in einem Wald. Die Br\u00fccke ist \u00fcberflutet, das Wasser steht an der Unterkante des Gel\u00e4nders.\" width=\"470\" height=\"223\" class=\"size-large wp-image-171201\" srcset=\"https:\/\/www.andreas-edler.de\/blog\/wp-content\/uploads\/2023\/12\/2023-12-24-11.29.44-470x223.jpg 470w, https:\/\/www.andreas-edler.de\/blog\/wp-content\/uploads\/2023\/12\/2023-12-24-11.29.44-250x119.jpg 250w, https:\/\/www.andreas-edler.de\/blog\/wp-content\/uploads\/2023\/12\/2023-12-24-11.29.44-768x365.jpg 768w, https:\/\/www.andreas-edler.de\/blog\/wp-content\/uploads\/2023\/12\/2023-12-24-11.29.44-1536x729.jpg 1536w, https:\/\/www.andreas-edler.de\/blog\/wp-content\/uploads\/2023\/12\/2023-12-24-11.29.44-2048x972.jpg 2048w, https:\/\/www.andreas-edler.de\/blog\/wp-content\/uploads\/2023\/12\/2023-12-24-11.29.44-100x47.jpg 100w, https:\/\/www.andreas-edler.de\/blog\/wp-content\/uploads\/2023\/12\/2023-12-24-11.29.44-150x71.jpg 150w, https:\/\/www.andreas-edler.de\/blog\/wp-content\/uploads\/2023\/12\/2023-12-24-11.29.44-200x95.jpg 200w, https:\/\/www.andreas-edler.de\/blog\/wp-content\/uploads\/2023\/12\/2023-12-24-11.29.44-300x142.jpg 300w, https:\/\/www.andreas-edler.de\/blog\/wp-content\/uploads\/2023\/12\/2023-12-24-11.29.44-450x214.jpg 450w, https:\/\/www.andreas-edler.de\/blog\/wp-content\/uploads\/2023\/12\/2023-12-24-11.29.44-600x285.jpg 600w, https:\/\/www.andreas-edler.de\/blog\/wp-content\/uploads\/2023\/12\/2023-12-24-11.29.44-900x427.jpg 900w\" sizes=\"auto, (max-width: 470px) 100vw, 470px\" \/><\/a><figcaption id=\"caption-attachment-171201\" class=\"wp-caption-text\">24.12.2023 &#8211; Br\u00fccke \u00fcber den Kokturkanal hinter dem Sielbad<\/figcaption><\/figure>\n<figure id=\"attachment_171203\" aria-describedby=\"caption-attachment-171203\" style=\"width: 470px\" class=\"wp-caption aligncenter\"><a href=\"https:\/\/www.andreas-edler.de\/blog\/wp-content\/uploads\/2023\/12\/2023-12-24-11.55.52.jpg\"><img loading=\"lazy\" decoding=\"async\" src=\"https:\/\/www.andreas-edler.de\/blog\/wp-content\/uploads\/2023\/12\/2023-12-24-11.55.52-470x137.jpg\" alt=\"Ein asphaltierter Weg zwischen zwei Wasserfl\u00e4chen. Rechts und links des Weges stehen jeweils Baumreihen.\" width=\"470\" height=\"137\" class=\"size-large wp-image-171203\" srcset=\"https:\/\/www.andreas-edler.de\/blog\/wp-content\/uploads\/2023\/12\/2023-12-24-11.55.52-470x137.jpg 470w, https:\/\/www.andreas-edler.de\/blog\/wp-content\/uploads\/2023\/12\/2023-12-24-11.55.52-250x73.jpg 250w, https:\/\/www.andreas-edler.de\/blog\/wp-content\/uploads\/2023\/12\/2023-12-24-11.55.52-768x224.jpg 768w, https:\/\/www.andreas-edler.de\/blog\/wp-content\/uploads\/2023\/12\/2023-12-24-11.55.52-1536x447.jpg 1536w, https:\/\/www.andreas-edler.de\/blog\/wp-content\/uploads\/2023\/12\/2023-12-24-11.55.52-2048x596.jpg 2048w, https:\/\/www.andreas-edler.de\/blog\/wp-content\/uploads\/2023\/12\/2023-12-24-11.55.52-100x29.jpg 100w, https:\/\/www.andreas-edler.de\/blog\/wp-content\/uploads\/2023\/12\/2023-12-24-11.55.52-150x44.jpg 150w, https:\/\/www.andreas-edler.de\/blog\/wp-content\/uploads\/2023\/12\/2023-12-24-11.55.52-200x58.jpg 200w, https:\/\/www.andreas-edler.de\/blog\/wp-content\/uploads\/2023\/12\/2023-12-24-11.55.52-300x87.jpg 300w, https:\/\/www.andreas-edler.de\/blog\/wp-content\/uploads\/2023\/12\/2023-12-24-11.55.52-450x131.jpg 450w, https:\/\/www.andreas-edler.de\/blog\/wp-content\/uploads\/2023\/12\/2023-12-24-11.55.52-600x175.jpg 600w, https:\/\/www.andreas-edler.de\/blog\/wp-content\/uploads\/2023\/12\/2023-12-24-11.55.52-900x262.jpg 900w\" sizes=\"auto, (max-width: 470px) 100vw, 470px\" \/><\/a><figcaption id=\"caption-attachment-171203\" class=\"wp-caption-text\">24.12.2023 &#8211; Else-Werre-Radweg hinter dem Werrepark<\/figcaption><\/figure>\n<figure id=\"attachment_171204\" aria-describedby=\"caption-attachment-171204\" style=\"width: 470px\" class=\"wp-caption aligncenter\"><a href=\"https:\/\/www.andreas-edler.de\/blog\/wp-content\/uploads\/2023\/12\/2023-12-25-12.44.40.jpg\"><img loading=\"lazy\" decoding=\"async\" src=\"https:\/\/www.andreas-edler.de\/blog\/wp-content\/uploads\/2023\/12\/2023-12-25-12.44.40-470x240.jpg\" alt=\"Mehrere Gesch\u00e4fte mit einem Parkplatz davor. Der Parkplatz ist \u00fcberflutet und das Wasser ist oberhalb der T\u00fcr- bzw. Fensterkanten. Sands\u00e4cke liegen unten vor Fenster- und T\u00fcrfl\u00e4chen.\" width=\"470\" height=\"240\" class=\"size-large wp-image-171204\" srcset=\"https:\/\/www.andreas-edler.de\/blog\/wp-content\/uploads\/2023\/12\/2023-12-25-12.44.40-470x240.jpg 470w, https:\/\/www.andreas-edler.de\/blog\/wp-content\/uploads\/2023\/12\/2023-12-25-12.44.40-250x128.jpg 250w, https:\/\/www.andreas-edler.de\/blog\/wp-content\/uploads\/2023\/12\/2023-12-25-12.44.40-768x392.jpg 768w, https:\/\/www.andreas-edler.de\/blog\/wp-content\/uploads\/2023\/12\/2023-12-25-12.44.40-1536x785.jpg 1536w, https:\/\/www.andreas-edler.de\/blog\/wp-content\/uploads\/2023\/12\/2023-12-25-12.44.40-2048x1046.jpg 2048w, https:\/\/www.andreas-edler.de\/blog\/wp-content\/uploads\/2023\/12\/2023-12-25-12.44.40-100x51.jpg 100w, https:\/\/www.andreas-edler.de\/blog\/wp-content\/uploads\/2023\/12\/2023-12-25-12.44.40-150x77.jpg 150w, https:\/\/www.andreas-edler.de\/blog\/wp-content\/uploads\/2023\/12\/2023-12-25-12.44.40-200x102.jpg 200w, https:\/\/www.andreas-edler.de\/blog\/wp-content\/uploads\/2023\/12\/2023-12-25-12.44.40-300x153.jpg 300w, https:\/\/www.andreas-edler.de\/blog\/wp-content\/uploads\/2023\/12\/2023-12-25-12.44.40-450x230.jpg 450w, https:\/\/www.andreas-edler.de\/blog\/wp-content\/uploads\/2023\/12\/2023-12-25-12.44.40-600x307.jpg 600w, https:\/\/www.andreas-edler.de\/blog\/wp-content\/uploads\/2023\/12\/2023-12-25-12.44.40-900x460.jpg 900w\" sizes=\"auto, (max-width: 470px) 100vw, 470px\" \/><\/a><figcaption id=\"caption-attachment-171204\" class=\"wp-caption-text\">25.12.2023 &#8211; Rossmann, Jysk und Ernstings Family in Eidinghausen<\/figcaption><\/figure>\n<figure id=\"attachment_171206\" aria-describedby=\"caption-attachment-171206\" style=\"width: 470px\" class=\"wp-caption aligncenter\"><a href=\"https:\/\/www.andreas-edler.de\/blog\/wp-content\/uploads\/2023\/12\/2023-12-25-12.48.47.jpg\"><img loading=\"lazy\" decoding=\"async\" src=\"https:\/\/www.andreas-edler.de\/blog\/wp-content\/uploads\/2023\/12\/2023-12-25-12.48.47-470x194.jpg\" alt=\"Eine Br\u00fccke \u00fcber einen Fluss. Der Wasserspiegel ist knapp unter der Fahrbahn\" width=\"470\" height=\"194\" class=\"size-large wp-image-171206\" srcset=\"https:\/\/www.andreas-edler.de\/blog\/wp-content\/uploads\/2023\/12\/2023-12-25-12.48.47-470x194.jpg 470w, https:\/\/www.andreas-edler.de\/blog\/wp-content\/uploads\/2023\/12\/2023-12-25-12.48.47-250x103.jpg 250w, https:\/\/www.andreas-edler.de\/blog\/wp-content\/uploads\/2023\/12\/2023-12-25-12.48.47-768x317.jpg 768w, https:\/\/www.andreas-edler.de\/blog\/wp-content\/uploads\/2023\/12\/2023-12-25-12.48.47-1536x634.jpg 1536w, https:\/\/www.andreas-edler.de\/blog\/wp-content\/uploads\/2023\/12\/2023-12-25-12.48.47-2048x845.jpg 2048w, https:\/\/www.andreas-edler.de\/blog\/wp-content\/uploads\/2023\/12\/2023-12-25-12.48.47-100x41.jpg 100w, https:\/\/www.andreas-edler.de\/blog\/wp-content\/uploads\/2023\/12\/2023-12-25-12.48.47-150x62.jpg 150w, https:\/\/www.andreas-edler.de\/blog\/wp-content\/uploads\/2023\/12\/2023-12-25-12.48.47-200x83.jpg 200w, https:\/\/www.andreas-edler.de\/blog\/wp-content\/uploads\/2023\/12\/2023-12-25-12.48.47-300x124.jpg 300w, https:\/\/www.andreas-edler.de\/blog\/wp-content\/uploads\/2023\/12\/2023-12-25-12.48.47-450x186.jpg 450w, https:\/\/www.andreas-edler.de\/blog\/wp-content\/uploads\/2023\/12\/2023-12-25-12.48.47-600x248.jpg 600w, https:\/\/www.andreas-edler.de\/blog\/wp-content\/uploads\/2023\/12\/2023-12-25-12.48.47-900x371.jpg 900w\" sizes=\"auto, (max-width: 470px) 100vw, 470px\" \/><\/a><figcaption id=\"caption-attachment-171206\" class=\"wp-caption-text\">25.12.2023 &#8211; Flutmuldenbr\u00fccke in Eidinghausen<\/figcaption><\/figure>\n<figure id=\"attachment_171207\" aria-describedby=\"caption-attachment-171207\" style=\"width: 470px\" class=\"wp-caption aligncenter\"><a href=\"https:\/\/www.andreas-edler.de\/blog\/wp-content\/uploads\/2023\/12\/2023-12-25-12.58.43-1.jpg\"><img loading=\"lazy\" decoding=\"async\" src=\"https:\/\/www.andreas-edler.de\/blog\/wp-content\/uploads\/2023\/12\/2023-12-25-12.58.43-1-470x191.jpg\" alt=\"Ein asphaltierter Weg zwischen zwei Wasserfl\u00e4chen.\" width=\"470\" height=\"191\" class=\"size-large wp-image-171207\" srcset=\"https:\/\/www.andreas-edler.de\/blog\/wp-content\/uploads\/2023\/12\/2023-12-25-12.58.43-1-470x191.jpg 470w, https:\/\/www.andreas-edler.de\/blog\/wp-content\/uploads\/2023\/12\/2023-12-25-12.58.43-1-250x102.jpg 250w, https:\/\/www.andreas-edler.de\/blog\/wp-content\/uploads\/2023\/12\/2023-12-25-12.58.43-1-768x313.jpg 768w, https:\/\/www.andreas-edler.de\/blog\/wp-content\/uploads\/2023\/12\/2023-12-25-12.58.43-1-1536x626.jpg 1536w, https:\/\/www.andreas-edler.de\/blog\/wp-content\/uploads\/2023\/12\/2023-12-25-12.58.43-1-2048x834.jpg 2048w, https:\/\/www.andreas-edler.de\/blog\/wp-content\/uploads\/2023\/12\/2023-12-25-12.58.43-1-100x41.jpg 100w, https:\/\/www.andreas-edler.de\/blog\/wp-content\/uploads\/2023\/12\/2023-12-25-12.58.43-1-150x61.jpg 150w, https:\/\/www.andreas-edler.de\/blog\/wp-content\/uploads\/2023\/12\/2023-12-25-12.58.43-1-200x81.jpg 200w, https:\/\/www.andreas-edler.de\/blog\/wp-content\/uploads\/2023\/12\/2023-12-25-12.58.43-1-300x122.jpg 300w, https:\/\/www.andreas-edler.de\/blog\/wp-content\/uploads\/2023\/12\/2023-12-25-12.58.43-1-450x183.jpg 450w, https:\/\/www.andreas-edler.de\/blog\/wp-content\/uploads\/2023\/12\/2023-12-25-12.58.43-1-600x244.jpg 600w, https:\/\/www.andreas-edler.de\/blog\/wp-content\/uploads\/2023\/12\/2023-12-25-12.58.43-1-900x367.jpg 900w\" sizes=\"auto, (max-width: 470px) 100vw, 470px\" \/><\/a><figcaption id=\"caption-attachment-171207\" class=\"wp-caption-text\">25.12.2023 &#8211; Weg zur Trib\u00fcne am Reitplatz im Sielpark<\/figcaption><\/figure>\n<figure id=\"attachment_171208\" aria-describedby=\"caption-attachment-171208\" style=\"width: 470px\" class=\"wp-caption aligncenter\"><a href=\"https:\/\/www.andreas-edler.de\/blog\/wp-content\/uploads\/2023\/12\/2023-12-25-13.53.59.jpg\"><img loading=\"lazy\" decoding=\"async\" src=\"https:\/\/www.andreas-edler.de\/blog\/wp-content\/uploads\/2023\/12\/2023-12-25-13.53.59-470x120.jpg\" alt=\"Ein komplett \u00fcberfluteter Fu\u00dfballplatz. Der Wasserspiegel ist knapp unter den Handl\u00e4ufen des Gel\u00e4nders um den Platz.\" width=\"470\" height=\"120\" class=\"size-large wp-image-171208\" srcset=\"https:\/\/www.andreas-edler.de\/blog\/wp-content\/uploads\/2023\/12\/2023-12-25-13.53.59-470x120.jpg 470w, https:\/\/www.andreas-edler.de\/blog\/wp-content\/uploads\/2023\/12\/2023-12-25-13.53.59-250x64.jpg 250w, https:\/\/www.andreas-edler.de\/blog\/wp-content\/uploads\/2023\/12\/2023-12-25-13.53.59-768x196.jpg 768w, https:\/\/www.andreas-edler.de\/blog\/wp-content\/uploads\/2023\/12\/2023-12-25-13.53.59-1536x392.jpg 1536w, https:\/\/www.andreas-edler.de\/blog\/wp-content\/uploads\/2023\/12\/2023-12-25-13.53.59-2048x522.jpg 2048w, https:\/\/www.andreas-edler.de\/blog\/wp-content\/uploads\/2023\/12\/2023-12-25-13.53.59-100x26.jpg 100w, https:\/\/www.andreas-edler.de\/blog\/wp-content\/uploads\/2023\/12\/2023-12-25-13.53.59-150x38.jpg 150w, https:\/\/www.andreas-edler.de\/blog\/wp-content\/uploads\/2023\/12\/2023-12-25-13.53.59-200x51.jpg 200w, https:\/\/www.andreas-edler.de\/blog\/wp-content\/uploads\/2023\/12\/2023-12-25-13.53.59-300x77.jpg 300w, https:\/\/www.andreas-edler.de\/blog\/wp-content\/uploads\/2023\/12\/2023-12-25-13.53.59-450x115.jpg 450w, https:\/\/www.andreas-edler.de\/blog\/wp-content\/uploads\/2023\/12\/2023-12-25-13.53.59-600x153.jpg 600w, https:\/\/www.andreas-edler.de\/blog\/wp-content\/uploads\/2023\/12\/2023-12-25-13.53.59-900x230.jpg 900w\" sizes=\"auto, (max-width: 470px) 100vw, 470px\" \/><\/a><figcaption id=\"caption-attachment-171208\" class=\"wp-caption-text\">25.12.2023 &#8211; Der Fu\u00dfballplatz auf der Rehmer Insel<\/figcaption><\/figure>\n<figure id=\"attachment_171209\" aria-describedby=\"caption-attachment-171209\" style=\"width: 470px\" class=\"wp-caption aligncenter\"><a href=\"https:\/\/www.andreas-edler.de\/blog\/wp-content\/uploads\/2023\/12\/2023-12-25_adam-opel-strasse_hochwasser_weser_suv.jpg\"><img loading=\"lazy\" decoding=\"async\" src=\"https:\/\/www.andreas-edler.de\/blog\/wp-content\/uploads\/2023\/12\/2023-12-25_adam-opel-strasse_hochwasser_weser_suv-470x265.jpg\" alt=\"Ein SUV f\u00e4hrt \u00fcber eine \u00fcberflutete Stra\u00dfe vor einer V\u00dcK-Pr\u00fcfstation\" width=\"470\" height=\"265\" class=\"size-large wp-image-171209\" srcset=\"https:\/\/www.andreas-edler.de\/blog\/wp-content\/uploads\/2023\/12\/2023-12-25_adam-opel-strasse_hochwasser_weser_suv-470x265.jpg 470w, https:\/\/www.andreas-edler.de\/blog\/wp-content\/uploads\/2023\/12\/2023-12-25_adam-opel-strasse_hochwasser_weser_suv-250x141.jpg 250w, https:\/\/www.andreas-edler.de\/blog\/wp-content\/uploads\/2023\/12\/2023-12-25_adam-opel-strasse_hochwasser_weser_suv-768x432.jpg 768w, https:\/\/www.andreas-edler.de\/blog\/wp-content\/uploads\/2023\/12\/2023-12-25_adam-opel-strasse_hochwasser_weser_suv-1536x865.jpg 1536w, https:\/\/www.andreas-edler.de\/blog\/wp-content\/uploads\/2023\/12\/2023-12-25_adam-opel-strasse_hochwasser_weser_suv-100x56.jpg 100w, https:\/\/www.andreas-edler.de\/blog\/wp-content\/uploads\/2023\/12\/2023-12-25_adam-opel-strasse_hochwasser_weser_suv-150x84.jpg 150w, https:\/\/www.andreas-edler.de\/blog\/wp-content\/uploads\/2023\/12\/2023-12-25_adam-opel-strasse_hochwasser_weser_suv-200x113.jpg 200w, https:\/\/www.andreas-edler.de\/blog\/wp-content\/uploads\/2023\/12\/2023-12-25_adam-opel-strasse_hochwasser_weser_suv-300x169.jpg 300w, https:\/\/www.andreas-edler.de\/blog\/wp-content\/uploads\/2023\/12\/2023-12-25_adam-opel-strasse_hochwasser_weser_suv-450x253.jpg 450w, https:\/\/www.andreas-edler.de\/blog\/wp-content\/uploads\/2023\/12\/2023-12-25_adam-opel-strasse_hochwasser_weser_suv-600x338.jpg 600w, https:\/\/www.andreas-edler.de\/blog\/wp-content\/uploads\/2023\/12\/2023-12-25_adam-opel-strasse_hochwasser_weser_suv-900x507.jpg 900w, https:\/\/www.andreas-edler.de\/blog\/wp-content\/uploads\/2023\/12\/2023-12-25_adam-opel-strasse_hochwasser_weser_suv.jpg 1686w\" sizes=\"auto, (max-width: 470px) 100vw, 470px\" \/><\/a><figcaption id=\"caption-attachment-171209\" class=\"wp-caption-text\">25.12.2023 &#8211; Nicht jeder kann die Verbotsschilder richtig interpretieren<\/figcaption><\/figure>\n<figure id=\"attachment_171210\" aria-describedby=\"caption-attachment-171210\" style=\"width: 470px\" class=\"wp-caption aligncenter\"><a href=\"https:\/\/www.andreas-edler.de\/blog\/wp-content\/uploads\/2023\/12\/2023-12-28-17.24.03.jpg\"><img loading=\"lazy\" decoding=\"async\" src=\"https:\/\/www.andreas-edler.de\/blog\/wp-content\/uploads\/2023\/12\/2023-12-28-17.24.03-470x214.jpg\" alt=\"Eine Br\u00fccke \u00fcber einen Fluss bei Nacht. Die Lichter der Stra\u00dfenlaternen und Autos spiegeln sich auf der Wasseroberfl\u00e4che.\" width=\"470\" height=\"214\" class=\"size-large wp-image-171210\" srcset=\"https:\/\/www.andreas-edler.de\/blog\/wp-content\/uploads\/2023\/12\/2023-12-28-17.24.03-470x214.jpg 470w, https:\/\/www.andreas-edler.de\/blog\/wp-content\/uploads\/2023\/12\/2023-12-28-17.24.03-250x114.jpg 250w, https:\/\/www.andreas-edler.de\/blog\/wp-content\/uploads\/2023\/12\/2023-12-28-17.24.03-768x349.jpg 768w, https:\/\/www.andreas-edler.de\/blog\/wp-content\/uploads\/2023\/12\/2023-12-28-17.24.03-1536x698.jpg 1536w, https:\/\/www.andreas-edler.de\/blog\/wp-content\/uploads\/2023\/12\/2023-12-28-17.24.03-2048x930.jpg 2048w, https:\/\/www.andreas-edler.de\/blog\/wp-content\/uploads\/2023\/12\/2023-12-28-17.24.03-100x45.jpg 100w, https:\/\/www.andreas-edler.de\/blog\/wp-content\/uploads\/2023\/12\/2023-12-28-17.24.03-150x68.jpg 150w, https:\/\/www.andreas-edler.de\/blog\/wp-content\/uploads\/2023\/12\/2023-12-28-17.24.03-200x91.jpg 200w, https:\/\/www.andreas-edler.de\/blog\/wp-content\/uploads\/2023\/12\/2023-12-28-17.24.03-300x136.jpg 300w, https:\/\/www.andreas-edler.de\/blog\/wp-content\/uploads\/2023\/12\/2023-12-28-17.24.03-450x204.jpg 450w, https:\/\/www.andreas-edler.de\/blog\/wp-content\/uploads\/2023\/12\/2023-12-28-17.24.03-600x273.jpg 600w, https:\/\/www.andreas-edler.de\/blog\/wp-content\/uploads\/2023\/12\/2023-12-28-17.24.03-900x409.jpg 900w\" sizes=\"auto, (max-width: 470px) 100vw, 470px\" \/><\/a><figcaption id=\"caption-attachment-171210\" class=\"wp-caption-text\">28.12.2023 &#8211; Br\u00fccke \u00fcber die Werre im Verlauf der Dehmer Stra\u00dfe<\/figcaption><\/figure>\n<figure id=\"attachment_171211\" aria-describedby=\"caption-attachment-171211\" style=\"width: 470px\" class=\"wp-caption aligncenter\"><a href=\"https:\/\/www.andreas-edler.de\/blog\/wp-content\/uploads\/2023\/12\/2023-12-29-15.22.02_stitch.jpg\"><img loading=\"lazy\" decoding=\"async\" src=\"https:\/\/www.andreas-edler.de\/blog\/wp-content\/uploads\/2023\/12\/2023-12-29-15.22.02_stitch-470x190.jpg\" alt=\"Eine \u00fcberflutete Wiese vor einem Wohngebiet\" width=\"470\" height=\"190\" class=\"size-large wp-image-171211\" srcset=\"https:\/\/www.andreas-edler.de\/blog\/wp-content\/uploads\/2023\/12\/2023-12-29-15.22.02_stitch-470x190.jpg 470w, https:\/\/www.andreas-edler.de\/blog\/wp-content\/uploads\/2023\/12\/2023-12-29-15.22.02_stitch-250x101.jpg 250w, https:\/\/www.andreas-edler.de\/blog\/wp-content\/uploads\/2023\/12\/2023-12-29-15.22.02_stitch-768x310.jpg 768w, https:\/\/www.andreas-edler.de\/blog\/wp-content\/uploads\/2023\/12\/2023-12-29-15.22.02_stitch-1536x620.jpg 1536w, https:\/\/www.andreas-edler.de\/blog\/wp-content\/uploads\/2023\/12\/2023-12-29-15.22.02_stitch-2048x826.jpg 2048w, https:\/\/www.andreas-edler.de\/blog\/wp-content\/uploads\/2023\/12\/2023-12-29-15.22.02_stitch-100x40.jpg 100w, https:\/\/www.andreas-edler.de\/blog\/wp-content\/uploads\/2023\/12\/2023-12-29-15.22.02_stitch-150x61.jpg 150w, https:\/\/www.andreas-edler.de\/blog\/wp-content\/uploads\/2023\/12\/2023-12-29-15.22.02_stitch-200x81.jpg 200w, https:\/\/www.andreas-edler.de\/blog\/wp-content\/uploads\/2023\/12\/2023-12-29-15.22.02_stitch-300x121.jpg 300w, https:\/\/www.andreas-edler.de\/blog\/wp-content\/uploads\/2023\/12\/2023-12-29-15.22.02_stitch-450x182.jpg 450w, https:\/\/www.andreas-edler.de\/blog\/wp-content\/uploads\/2023\/12\/2023-12-29-15.22.02_stitch-600x242.jpg 600w, https:\/\/www.andreas-edler.de\/blog\/wp-content\/uploads\/2023\/12\/2023-12-29-15.22.02_stitch-900x363.jpg 900w\" sizes=\"auto, (max-width: 470px) 100vw, 470px\" \/><\/a><figcaption id=\"caption-attachment-171211\" class=\"wp-caption-text\">29.12.2023 &#8211; Die Wiese hinter dem Werredamm am Prinzenwinkel ist \u00fcberschwemmt<\/figcaption><\/figure>\n","protected":false},"excerpt":{"rendered":"<p>Mitte Dezember ging es los, dass das Hochwasser langsam aus dem Boden der Flutmulde kam. Das Wasser dr\u00fcckte durch das Gras und lief langsam \u00fcber die Radwege. Das verschand dann erst wieder, kehrte aber eine Woche sp\u00e4ter wieder zur\u00fcck. Zun\u00e4chst &hellip;<\/p>\n<p class=\"read-more\"> <a class=\"more-link\" href=\"https:\/\/www.andreas-edler.de\/blog\/2023\/12\/hochwasser-an-werre-und-weser-dezember-2023\/\"> <span class=\"screen-reader-text\">Hochwasser an Werre und Weser Dezember 2023<\/span> Weiterlesen &raquo;<\/a><\/p>\n","protected":false},"author":1,"featured_media":0,"comment_status":"open","ping_status":"open","sticky":false,"template":"","format":"standard","meta":{"ngg_post_thumbnail":0,"activitypub_content_warning":"","activitypub_content_visibility":"","activitypub_max_image_attachments":2,"activitypub_interaction_policy_quote":"anyone","activitypub_status":"","footnotes":""},"categories":[14,15],"tags":[419,262,306,319,398,454,434,318,125,508,312,53],"class_list":["post-171188","post","type-post","status-publish","format-standard","hentry","category-bad-oeynhausen","category-fahrrad","tag-eidinghausen","tag-eidinghausener-strasse","tag-else-werre-radweg","tag-flutmulde","tag-klimawandel","tag-max-reger-strasse","tag-rehmer-insel","tag-sielpark","tag-sielwehr","tag-werre","tag-weser","tag-wetter"],"share_on_mastodon":{"url":"https:\/\/social.tchncs.de\/@filmfacts\/111669529480980354","error":""},"_links":{"self":[{"href":"https:\/\/www.andreas-edler.de\/blog\/wp-json\/wp\/v2\/posts\/171188","targetHints":{"allow":["GET"]}}],"collection":[{"href":"https:\/\/www.andreas-edler.de\/blog\/wp-json\/wp\/v2\/posts"}],"about":[{"href":"https:\/\/www.andreas-edler.de\/blog\/wp-json\/wp\/v2\/types\/post"}],"author":[{"embeddable":true,"href":"https:\/\/www.andreas-edler.de\/blog\/wp-json\/wp\/v2\/users\/1"}],"replies":[{"embeddable":true,"href":"https:\/\/www.andreas-edler.de\/blog\/wp-json\/wp\/v2\/comments?post=171188"}],"version-history":[{"count":0,"href":"https:\/\/www.andreas-edler.de\/blog\/wp-json\/wp\/v2\/posts\/171188\/revisions"}],"wp:attachment":[{"href":"https:\/\/www.andreas-edler.de\/blog\/wp-json\/wp\/v2\/media?parent=171188"}],"wp:term":[{"taxonomy":"category","embeddable":true,"href":"https:\/\/www.andreas-edler.de\/blog\/wp-json\/wp\/v2\/categories?post=171188"},{"taxonomy":"post_tag","embeddable":true,"href":"https:\/\/www.andreas-edler.de\/blog\/wp-json\/wp\/v2\/tags?post=171188"}],"curies":[{"name":"wp","href":"https:\/\/api.w.org\/{rel}","templated":true}]}}