{"id":171160,"date":"2023-12-17T22:44:00","date_gmt":"2023-12-17T21:44:00","guid":{"rendered":"https:\/\/www.andreas-edler.de\/blog\/?p=171160"},"modified":"2024-02-18T10:02:18","modified_gmt":"2024-02-18T09:02:18","slug":"fiat-600e","status":"publish","type":"post","link":"https:\/\/www.andreas-edler.de\/blog\/2023\/12\/fiat-600e\/","title":{"rendered":"Fiat 600e"},"content":{"rendered":"<p>Wir sind mit unserem <a href=\"https:\/\/www.andreas-edler.de\/blog\/2021\/06\/der-neue-fiat-500e\/\" rel=\"noopener\" target=\"_blank\">Fiat 500e<\/a> sehr zufrieden. Das Auto macht immer noch viel Spa\u00df, f\u00e4hrt super auch auf l\u00e4ngeren Strecken und reicht f\u00fcr zwei Personen voll aus. Aber wir sind mehr. Teilweise sind wir zu viert hier, mindestens aber zu dritt. Vor zwei Jahren als wir den Wagen kauften, passte das noch prima. Ben war erst 7 und passte locker hinten rein. Wenn Tim und ich vorne sitzen, sitzt Ben hinten OK und Alex quetscht sich auch noch mit rein. Zu dritt ist es aktuell noch OK. Aber: der Nachwuchs murrte neulich als wir mit dem <a href=\"https:\/\/www.andreas-edler.de\/blog\/2017\/03\/monte-carlo\/\" rel=\"noopener\" target=\"_blank\">Yeti<\/a> einen Anh\u00e4nger zogen, dass im Fiat deutlich weniger Platz als im Skoda sei.<\/p>\n<figure id=\"attachment_171161\" aria-describedby=\"caption-attachment-171161\" style=\"width: 470px\" class=\"wp-caption aligncenter\"><a href=\"https:\/\/www.andreas-edler.de\/blog\/wp-content\/uploads\/2023\/12\/2023-11-30-16.19.01.jpg\"><img loading=\"lazy\" decoding=\"async\" src=\"https:\/\/www.andreas-edler.de\/blog\/wp-content\/uploads\/2023\/12\/2023-11-30-16.19.01-470x259.jpg\" alt=\"Ein roter Fiat 600e in der Werkstatthalle eines Autohauses. Man schaut von schr\u00e4g links vorne auf die Motorhaube und die Fahrerseite.\" width=\"470\" height=\"259\" class=\"size-large wp-image-171161\" srcset=\"https:\/\/www.andreas-edler.de\/blog\/wp-content\/uploads\/2023\/12\/2023-11-30-16.19.01-470x259.jpg 470w, https:\/\/www.andreas-edler.de\/blog\/wp-content\/uploads\/2023\/12\/2023-11-30-16.19.01-250x138.jpg 250w, https:\/\/www.andreas-edler.de\/blog\/wp-content\/uploads\/2023\/12\/2023-11-30-16.19.01-768x422.jpg 768w, https:\/\/www.andreas-edler.de\/blog\/wp-content\/uploads\/2023\/12\/2023-11-30-16.19.01-1536x845.jpg 1536w, https:\/\/www.andreas-edler.de\/blog\/wp-content\/uploads\/2023\/12\/2023-11-30-16.19.01-2048x1126.jpg 2048w, https:\/\/www.andreas-edler.de\/blog\/wp-content\/uploads\/2023\/12\/2023-11-30-16.19.01-100x55.jpg 100w, https:\/\/www.andreas-edler.de\/blog\/wp-content\/uploads\/2023\/12\/2023-11-30-16.19.01-150x83.jpg 150w, https:\/\/www.andreas-edler.de\/blog\/wp-content\/uploads\/2023\/12\/2023-11-30-16.19.01-200x110.jpg 200w, https:\/\/www.andreas-edler.de\/blog\/wp-content\/uploads\/2023\/12\/2023-11-30-16.19.01-300x165.jpg 300w, https:\/\/www.andreas-edler.de\/blog\/wp-content\/uploads\/2023\/12\/2023-11-30-16.19.01-450x248.jpg 450w, https:\/\/www.andreas-edler.de\/blog\/wp-content\/uploads\/2023\/12\/2023-11-30-16.19.01-600x330.jpg 600w, https:\/\/www.andreas-edler.de\/blog\/wp-content\/uploads\/2023\/12\/2023-11-30-16.19.01-900x495.jpg 900w\" sizes=\"auto, (max-width: 470px) 100vw, 470px\" \/><\/a><figcaption id=\"caption-attachment-171161\" class=\"wp-caption-text\">Fiat 600e im Autohaus Sonntag<\/figcaption><\/figure>\n<p>Ende letzten Monats waren wir auf einer Jubil\u00e4umsfeier eines Autohauses in der Nachbarstadt. Dort bin ich mit meinen Autos bereits seit 1989 Kunde. Meist f\u00fcr Service, aber wir haben dort auch schon zwei Fahrzeuge gekauft. Und bei dieser kleinen Feier haben wir uns auch den neuen Elektroflitzer von Fiat angeschaut: den 600e. Sieht ein bisschen aus wieder 500x und wenn man unseren 500er von innen sieht, dann ist im 600er nicht unbekannt. Alles sieht gewohnt und praktisch aus. Am Lenkrad sind die uns\u00e4glichen Tasten von der R\u00fcckseite nach vorne gewandert, in der Mittelkonsole sind die Tasten ebenfalls schicker geworden.<\/p>\n<p>Und der 600 ist deutlich gr\u00f6\u00dfer als der 500! Da k\u00f6nnte der Nachwuchs sehr bequem sitzen &#8230; und Alex auch, falls wir zu viert unterwegs w\u00e4ren. Zudem l\u00e4dt er auch noch etwas schneller als unser Fiat. Das klappt allerdings auch nur, weil er deutlich gr\u00f6\u00dfer ist, als der kleine 500er. Fast so lang und breit wie der Yeti, nur dass er nicht den Wohnwagen ziehen darf. Aus dem Grund hatten wir den <a href=\"https:\/\/www.andreas-edler.de\/blog\/2013\/04\/fiat-500l\/\" rel=\"noopener\" target=\"_blank\">Fiat 500L<\/a> verkauft. Die Frau hat auch gleich proaktiv mit dem Kopf gesch\u00fcttelt, als ich mich im Autohaus in den Wagen gesetzt habe.<\/p>\n<p>Aber der Nachwuchs k\u00f6nnte hinten besser sitzen &#8230; und das muss er noch einige Zeit ;-)<\/p>\n","protected":false},"excerpt":{"rendered":"<p>Wir sind mit unserem Fiat 500e sehr zufrieden. Das Auto macht immer noch viel Spa\u00df, f\u00e4hrt super auch auf l\u00e4ngeren Strecken und reicht f\u00fcr zwei Personen voll aus. Aber wir sind mehr. Teilweise sind wir zu viert hier, mindestens aber &hellip;<\/p>\n<p class=\"read-more\"> <a class=\"more-link\" href=\"https:\/\/www.andreas-edler.de\/blog\/2023\/12\/fiat-600e\/\"> <span class=\"screen-reader-text\">Fiat 600e<\/span> Weiterlesen &raquo;<\/a><\/p>\n","protected":false},"author":1,"featured_media":0,"comment_status":"open","ping_status":"open","sticky":false,"template":"","format":"standard","meta":{"ngg_post_thumbnail":0,"activitypub_content_warning":"","activitypub_content_visibility":"","activitypub_max_image_attachments":2,"activitypub_interaction_policy_quote":"anyone","activitypub_status":"federated","footnotes":""},"categories":[1],"tags":[37,239,433,51,64],"class_list":["post-171160","post","type-post","status-publish","format-standard","hentry","category-allgemein","tag-auto","tag-elektromobilitaet","tag-fiat","tag-geld","tag-konsum"],"share_on_mastodon":{"url":"https:\/\/social.tchncs.de\/@filmfacts\/111597941074039763","error":""},"_links":{"self":[{"href":"https:\/\/www.andreas-edler.de\/blog\/wp-json\/wp\/v2\/posts\/171160","targetHints":{"allow":["GET"]}}],"collection":[{"href":"https:\/\/www.andreas-edler.de\/blog\/wp-json\/wp\/v2\/posts"}],"about":[{"href":"https:\/\/www.andreas-edler.de\/blog\/wp-json\/wp\/v2\/types\/post"}],"author":[{"embeddable":true,"href":"https:\/\/www.andreas-edler.de\/blog\/wp-json\/wp\/v2\/users\/1"}],"replies":[{"embeddable":true,"href":"https:\/\/www.andreas-edler.de\/blog\/wp-json\/wp\/v2\/comments?post=171160"}],"version-history":[{"count":0,"href":"https:\/\/www.andreas-edler.de\/blog\/wp-json\/wp\/v2\/posts\/171160\/revisions"}],"wp:attachment":[{"href":"https:\/\/www.andreas-edler.de\/blog\/wp-json\/wp\/v2\/media?parent=171160"}],"wp:term":[{"taxonomy":"category","embeddable":true,"href":"https:\/\/www.andreas-edler.de\/blog\/wp-json\/wp\/v2\/categories?post=171160"},{"taxonomy":"post_tag","embeddable":true,"href":"https:\/\/www.andreas-edler.de\/blog\/wp-json\/wp\/v2\/tags?post=171160"}],"curies":[{"name":"wp","href":"https:\/\/api.w.org\/{rel}","templated":true}]}}