{"id":171123,"date":"2023-12-14T21:11:46","date_gmt":"2023-12-14T20:11:46","guid":{"rendered":"https:\/\/www.andreas-edler.de\/blog\/?p=171123"},"modified":"2023-12-14T21:11:46","modified_gmt":"2023-12-14T20:11:46","slug":"threads-fuer-windows","status":"publish","type":"post","link":"https:\/\/www.andreas-edler.de\/blog\/2023\/12\/threads-fuer-windows\/","title":{"rendered":"Threads f\u00fcr Windows"},"content":{"rendered":"<p>Vor knapp 23 Wochen habe ich mich auf Threads angemeldet. Also gerade, als es verf\u00fcgbar war. APK runter geladen, angemeldet, lief. Ein paar Tage sp\u00e4ter wurde der Zugriff f\u00fcr User aus Europa gesperrt. Nunja, es war kein Verlust. Aber seit heute Mittag bimmelt das Smartphone, weil Threads nun auch bei uns verf\u00fcgbar ist und alle Menschen, denen ich auf Instagram folge und die sich bei Threads anmelden dann auch automatisch von mir auf Threads gefolgt werden. Zumindest das funktioniert ganz fluffig.<\/p>\n<p><figure id=\"attachment_171124\" aria-describedby=\"caption-attachment-171124\" style=\"width: 208px\" class=\"wp-caption alignright\"><a href=\"https:\/\/www.andreas-edler.de\/blog\/wp-content\/uploads\/2023\/12\/app-verknuepfung-zu-threads.png\"><img loading=\"lazy\" decoding=\"async\" src=\"https:\/\/www.andreas-edler.de\/blog\/wp-content\/uploads\/2023\/12\/app-verknuepfung-zu-threads-208x250.png\" alt=\"Der Einstellungsdialog f\u00fcr eine Desktopverkn\u00fcpfung unter Windows.\" width=\"208\" height=\"250\" class=\"size-medium wp-image-171124\" srcset=\"https:\/\/www.andreas-edler.de\/blog\/wp-content\/uploads\/2023\/12\/app-verknuepfung-zu-threads-208x250.png 208w, https:\/\/www.andreas-edler.de\/blog\/wp-content\/uploads\/2023\/12\/app-verknuepfung-zu-threads-390x470.png 390w, https:\/\/www.andreas-edler.de\/blog\/wp-content\/uploads\/2023\/12\/app-verknuepfung-zu-threads-100x120.png 100w, https:\/\/www.andreas-edler.de\/blog\/wp-content\/uploads\/2023\/12\/app-verknuepfung-zu-threads-150x181.png 150w, https:\/\/www.andreas-edler.de\/blog\/wp-content\/uploads\/2023\/12\/app-verknuepfung-zu-threads-200x241.png 200w, https:\/\/www.andreas-edler.de\/blog\/wp-content\/uploads\/2023\/12\/app-verknuepfung-zu-threads-300x361.png 300w, https:\/\/www.andreas-edler.de\/blog\/wp-content\/uploads\/2023\/12\/app-verknuepfung-zu-threads-450x542.png 450w, https:\/\/www.andreas-edler.de\/blog\/wp-content\/uploads\/2023\/12\/app-verknuepfung-zu-threads-600x722.png 600w, https:\/\/www.andreas-edler.de\/blog\/wp-content\/uploads\/2023\/12\/app-verknuepfung-zu-threads.png 608w\" sizes=\"auto, (max-width: 208px) 100vw, 208px\" \/><\/a><figcaption id=\"caption-attachment-171124\" class=\"wp-caption-text\">Zack, Threads als Programmverkn\u00fcpfung<\/figcaption><\/figure> Threads kann man per Smartphone oder per Browser unter https:\/\/www.threads.net nutzen. Eine native Windowsanwendung gibt es nicht. Ich habe die Smartphone-App mit dem Windows-Android-Subsystem auch auf dem ThinkPad zum Laufen bekommen, fand das aber doof.<\/p>\n<p>Also hier wieder mein uralter Tipp, wie man Browseranwendungen wie ein Programm aussehen lassen und nutzen kann: einfach eine <a href=\"https:\/\/www.andreas-edler.de\/blog\/2016\/03\/app-verknuepfung-mit-chrome-fuer-tweetdeck\/\" rel=\"noopener\" target=\"_blank\">App-Verkn\u00fcpfung mit Chrome<\/a> anlegen! Die Screenshots aus dem alten Beitrag passen noch.<\/p>\n<p>Unter Windows 11 musste ich bei Rechtsklick auf den Desktop und [neu] -> [neue Verkn\u00fcpfung] tats\u00e4chlich den Pfad zur chrome.exe durchklickern und dann erg\u00e4nzen. Es steht dann dort unter [Ziel]:<\/p>\n<p><cite>&#8222;C:\\Program Files\\Google\\Chrome\\Application\\chrome.exe&#8220; &#8211;profile-directory=Default &#8211;app=https:\/\/www.threads.net\/<\/cite><\/p>\n<p>Wenn man das speichert und dann die &#8222;Anwendung&#8220; per Doppelklick startet, hat man die Threads-Webseite in einem eigenen Fenster, ohne alle Browsersteuerelemente. Mache ich mit Bluesky (Deck.blue) oder Mastodon genauso. Ganz angenehm, ein eigenes &#8222;Programm&#8220; zu nutzen und keinen Tab im Browser.<\/p>\n","protected":false},"excerpt":{"rendered":"<p>Vor knapp 23 Wochen habe ich mich auf Threads angemeldet. Also gerade, als es verf\u00fcgbar war. APK runter geladen, angemeldet, lief. Ein paar Tage sp\u00e4ter wurde der Zugriff f\u00fcr User aus Europa gesperrt. Nunja, es war kein Verlust. Aber seit &hellip;<\/p>\n<p class=\"read-more\"> <a class=\"more-link\" href=\"https:\/\/www.andreas-edler.de\/blog\/2023\/12\/threads-fuer-windows\/\"> <span class=\"screen-reader-text\">Threads f\u00fcr Windows<\/span> Weiterlesen &raquo;<\/a><\/p>\n","protected":false},"author":1,"featured_media":0,"comment_status":"open","ping_status":"open","sticky":false,"template":"","format":"standard","meta":{"ngg_post_thumbnail":0,"activitypub_content_warning":"","activitypub_content_visibility":"","activitypub_max_image_attachments":2,"activitypub_interaction_policy_quote":"anyone","activitypub_status":"","footnotes":""},"categories":[22,1],"tags":[224,40,47,103,129,28],"class_list":["post-171123","post","type-post","status-publish","format-standard","hentry","category-basteln","category-allgemein","tag-anleitung","tag-blogger","tag-programme","tag-social-net","tag-software","tag-test"],"share_on_mastodon":{"url":"https:\/\/social.tchncs.de\/@filmfacts\/111580591377874634","error":""},"_links":{"self":[{"href":"https:\/\/www.andreas-edler.de\/blog\/wp-json\/wp\/v2\/posts\/171123","targetHints":{"allow":["GET"]}}],"collection":[{"href":"https:\/\/www.andreas-edler.de\/blog\/wp-json\/wp\/v2\/posts"}],"about":[{"href":"https:\/\/www.andreas-edler.de\/blog\/wp-json\/wp\/v2\/types\/post"}],"author":[{"embeddable":true,"href":"https:\/\/www.andreas-edler.de\/blog\/wp-json\/wp\/v2\/users\/1"}],"replies":[{"embeddable":true,"href":"https:\/\/www.andreas-edler.de\/blog\/wp-json\/wp\/v2\/comments?post=171123"}],"version-history":[{"count":0,"href":"https:\/\/www.andreas-edler.de\/blog\/wp-json\/wp\/v2\/posts\/171123\/revisions"}],"wp:attachment":[{"href":"https:\/\/www.andreas-edler.de\/blog\/wp-json\/wp\/v2\/media?parent=171123"}],"wp:term":[{"taxonomy":"category","embeddable":true,"href":"https:\/\/www.andreas-edler.de\/blog\/wp-json\/wp\/v2\/categories?post=171123"},{"taxonomy":"post_tag","embeddable":true,"href":"https:\/\/www.andreas-edler.de\/blog\/wp-json\/wp\/v2\/tags?post=171123"}],"curies":[{"name":"wp","href":"https:\/\/api.w.org\/{rel}","templated":true}]}}