{"id":171120,"date":"2023-11-24T23:20:26","date_gmt":"2023-11-24T22:20:26","guid":{"rendered":"https:\/\/www.andreas-edler.de\/blog\/?p=171120"},"modified":"2023-12-14T11:36:07","modified_gmt":"2023-12-14T10:36:07","slug":"anfrage-verkehrssituation-an-der-grundschule-eidinghausen","status":"publish","type":"post","link":"https:\/\/www.andreas-edler.de\/blog\/2023\/11\/anfrage-verkehrssituation-an-der-grundschule-eidinghausen\/","title":{"rendered":"Anfrage: Verkehrssituation an der Grundschule Eidinghausen"},"content":{"rendered":"<p>Zum Apostelweg an der Grundschule Eidinghausen hatte ich schon <a href=\"https:\/\/www.andreas-edler.de\/blog\/?s=apostelweg\" rel=\"noopener\" target=\"_blank\">einige Beitr\u00e4ge und auch schon viele Anfragen<\/a> im Stadtrat. Ich w\u00fcrde sogar sagen, dass letztendlich die Summe auch zu einer gr\u00f6\u00dferen Kontrollaktion seitens der Polizei gef\u00fchrt hat. Nachhaltig etwas ge\u00e4ndert hat das aber leider nicht. Daher habe ich im <a href=\"https:\/\/www.sitzungsdienst-bad-oeynhausen.de\/bi\/to020.asp?TOLFDNR=25279\" rel=\"noopener\" target=\"_blank\">Ausschuss f\u00fcr Stadtentwicklung am 19.10.2023 erneut nachgefragt<\/a>. Unter anderem, wie die Verkehrsf\u00fchrung an der neuen Schule gedacht ist.<\/p>\n<p><cite><strong>19.4 RH Edler:<\/strong> weist darauf hin, dass es an der Grundschule Eidinghausen zu Schulbeginn und Schulende erneut zu katastrophalen Zust\u00e4nden durch parkende Pkw&#8217;s kommt. Auch teilt er mit, dass die Fahrradst\u00e4nder am Neubau direkt an der neuen Rue de Fismes angeordnet sind und dieses zu Problemen f\u00fchren kann und Zweifel daran bestehen, dass die Kinder sicher zur Schule gelangen. K\u00f6nnten evtl. Poller angebracht werden?<\/cite><\/p>\n<p>Am 24.11.2023 hat die Verwaltung dazu geantwortet:<\/p>\n<p><cite>Am 24.11.2023 fand ein gemeinsamer Ortstermin an der Grundschule Eidinghausen statt. Hierbei wurde durch den Vertreter des Bereiches 65 erl\u00e4utert, dass die Arbeiten des ersten Bauabschnittes inkl. der Au\u00dfenanlagen noch nicht abgeschlossen sind. So fehlen z.B. noch die B\u00e4ume an der Rue de Fismes sowie die Beschilderungen zur Verkehrslenkung. Auch sollen an der Sporthalle weitere 80 &#8211; 100 Fahrradst\u00e4nder installiert werden, so dass insgesamt f\u00fcr die Sch\u00fcler ca. 200 Fahrradst\u00e4nder an der Grundschule Eidinghausen zur Verf\u00fcgung stehen werden.<br \/>\n<br \/>\nAuf Grund des im zweiten Bauabschnitt erfolgenden Abbruchs des Altgeb\u00e4udes und erforderlichen Fahrbewegungen kann zum jetzigen Zeitpunkt keine abschlie\u00dfende Verkehrsf\u00fchrung in der Stra\u00dfe &#8222;Apostelweg&#8220; hergestellt werden. Allerdings soll die Durchfahrt der Lkw mit dem Abbruchgut in Richtung der Stra\u00dfe &#8222;Zum Riepelhof&#8220; nachhaltig unterbunden werden. Gleichzeitig muss gew\u00e4hrleistet werden, dass die Lkw nicht zum Schulbeginn bzw. zum Schulende eine Gefahr f\u00fcr die Sch\u00fcler, Lehrer und Eltern darstellen.<br \/>\n<br \/>\n\u00dcber die zuk\u00fcnftige Verkehrsf\u00fchrung rund um die Grundschule Eidinghausen soll bis zum Abschluss der Bauarbeiten an der Grundschule Eidinghausen entschieden werden. In diesem Zusammenhang wird auch gepr\u00fcft, ob und ggfls. wo Poller gesetzt werden. Ziel ist es zum Zeitpunkt des Abschlusses der Arbeiten eine f\u00fcr alle Grundsch\u00fcler, aber auch Lehrer und Eltern, sichere und nachvollziehbare Verkehrsf\u00fchrung herzustellen.<\/cite><\/p>\n<p>Sch\u00f6n ist, dass weitere Fahrradst\u00e4nder geplant sind. Wie weit die an dieser Stelle dann tats\u00e4chlich vom Eingang bzw. den Eing\u00e4ngen der Grundschule entfernt sein werden, wird man sehen. Bei der restlichen Antwort bin ich etwas erstaunt, dass sich augenscheinlich niemand im Vorfeld der Bauma\u00dfnahmen Gedanken gemacht hat, wie das funktionieren soll. In meiner naiven Vorstellung hat man von soetwas zwingend vor dem Bau bereits einen ganz konkreten Plan und entscheidet nicht w\u00e4hrend der Bauphase dar\u00fcber. Die Schule und deren Geb\u00e4ude fallen doch nicht wundersam vom Himmel!<\/p>\n","protected":false},"excerpt":{"rendered":"<p>Zum Apostelweg an der Grundschule Eidinghausen hatte ich schon einige Beitr\u00e4ge und auch schon viele Anfragen im Stadtrat. Ich w\u00fcrde sogar sagen, dass letztendlich die Summe auch zu einer gr\u00f6\u00dferen Kontrollaktion seitens der Polizei gef\u00fchrt hat. Nachhaltig etwas ge\u00e4ndert hat &hellip;<\/p>\n<p class=\"read-more\"> <a class=\"more-link\" href=\"https:\/\/www.andreas-edler.de\/blog\/2023\/11\/anfrage-verkehrssituation-an-der-grundschule-eidinghausen\/\"> <span class=\"screen-reader-text\">Anfrage: Verkehrssituation an der Grundschule Eidinghausen<\/span> Weiterlesen &raquo;<\/a><\/p>\n","protected":false},"author":1,"featured_media":0,"comment_status":"open","ping_status":"open","sticky":false,"template":"","format":"standard","meta":{"ngg_post_thumbnail":0,"activitypub_content_warning":"","activitypub_content_visibility":"","activitypub_max_image_attachments":2,"activitypub_interaction_policy_quote":"anyone","activitypub_status":"","footnotes":""},"categories":[14,15,45,13],"tags":[499,237,37,419,110,478,510,436,214,593,72],"class_list":["post-171120","post","type-post","status-publish","format-standard","hentry","category-bad-oeynhausen","category-fahrrad","category-politik","category-verkehr","tag-apostelweg","tag-ausschuss-fuer-stadtentwicklung","tag-auto","tag-eidinghausen","tag-fahrradfreundliche-stadt","tag-grundschule","tag-mit-dem-rad-zur-schule","tag-parkdruck","tag-parken","tag-rue-de-fismes","tag-verwaltung"],"share_on_mastodon":{"url":"https:\/\/social.tchncs.de\/@filmfacts\/111578327804987050","error":""},"_links":{"self":[{"href":"https:\/\/www.andreas-edler.de\/blog\/wp-json\/wp\/v2\/posts\/171120","targetHints":{"allow":["GET"]}}],"collection":[{"href":"https:\/\/www.andreas-edler.de\/blog\/wp-json\/wp\/v2\/posts"}],"about":[{"href":"https:\/\/www.andreas-edler.de\/blog\/wp-json\/wp\/v2\/types\/post"}],"author":[{"embeddable":true,"href":"https:\/\/www.andreas-edler.de\/blog\/wp-json\/wp\/v2\/users\/1"}],"replies":[{"embeddable":true,"href":"https:\/\/www.andreas-edler.de\/blog\/wp-json\/wp\/v2\/comments?post=171120"}],"version-history":[{"count":0,"href":"https:\/\/www.andreas-edler.de\/blog\/wp-json\/wp\/v2\/posts\/171120\/revisions"}],"wp:attachment":[{"href":"https:\/\/www.andreas-edler.de\/blog\/wp-json\/wp\/v2\/media?parent=171120"}],"wp:term":[{"taxonomy":"category","embeddable":true,"href":"https:\/\/www.andreas-edler.de\/blog\/wp-json\/wp\/v2\/categories?post=171120"},{"taxonomy":"post_tag","embeddable":true,"href":"https:\/\/www.andreas-edler.de\/blog\/wp-json\/wp\/v2\/tags?post=171120"}],"curies":[{"name":"wp","href":"https:\/\/api.w.org\/{rel}","templated":true}]}}