{"id":171091,"date":"2023-12-11T22:43:19","date_gmt":"2023-12-11T21:43:19","guid":{"rendered":"https:\/\/www.andreas-edler.de\/blog\/?p=171091"},"modified":"2023-12-11T22:43:19","modified_gmt":"2023-12-11T21:43:19","slug":"werd-du-mal-so-alt-wie-ich","status":"publish","type":"post","link":"https:\/\/www.andreas-edler.de\/blog\/2023\/12\/werd-du-mal-so-alt-wie-ich\/","title":{"rendered":"Werd&#8216; Du mal so alt wie ich"},"content":{"rendered":"<p><a href=\"https:\/\/www.andreas-edler.de\/blog\/2009\/11\/rat\/\" rel=\"noopener\" target=\"_blank\">Vor 14 Jahren bin ich \u00fcber einen Listenplatz der Gr\u00fcnen in den Stadtrat der Stadt Bad Oeynhausen gew\u00e4hlt worden.<\/a> Damals bin ich schon immer mit dem Fahrrad zu den Sitzungen gefahren und war damit jahrelang der Einzige. Mal gab es hier und da jemanden, der bei gutem Wetter ebenfalls mit dem Fahrrad gekommen ist, aber sehr, sehr oft stand nur meine Karre vor dem Rathaus. Und nat\u00fcrlich wurde auch \u00fcber Verkehrswende gesprochen und wie ich es denn schaffe &#8222;bei dem Wetter&#8220; mit dem Rad zu fahren. Es war dann wechselweise zu warm, zu kalt, zu nass, zu windig, zu weit, zu alles! Und nat\u00fcrlich &#8222;Komm&#8216; Du erstmal in mein Alter!&#8220;, denn mit damals 38 Jahren war ich einer der J\u00fcngsten im Rat.<\/p>\n<figure id=\"attachment_171092\" aria-describedby=\"caption-attachment-171092\" style=\"width: 470px\" class=\"wp-caption aligncenter\"><a href=\"https:\/\/www.andreas-edler.de\/blog\/wp-content\/uploads\/2023\/12\/2023-12-11-17.07.31.jpg\"><img loading=\"lazy\" decoding=\"async\" src=\"https:\/\/www.andreas-edler.de\/blog\/wp-content\/uploads\/2023\/12\/2023-12-11-17.07.31-470x240.jpg\" alt=\"Ein Fahrrad an einer Fahrradabstellanlage mit 5 Anlehnb\u00fcgeln vor dem Bad Oeynhausener Rathaus.\" width=\"470\" height=\"240\" class=\"size-large wp-image-171092\" srcset=\"https:\/\/www.andreas-edler.de\/blog\/wp-content\/uploads\/2023\/12\/2023-12-11-17.07.31-470x240.jpg 470w, https:\/\/www.andreas-edler.de\/blog\/wp-content\/uploads\/2023\/12\/2023-12-11-17.07.31-250x128.jpg 250w, https:\/\/www.andreas-edler.de\/blog\/wp-content\/uploads\/2023\/12\/2023-12-11-17.07.31-768x392.jpg 768w, https:\/\/www.andreas-edler.de\/blog\/wp-content\/uploads\/2023\/12\/2023-12-11-17.07.31-1536x784.jpg 1536w, https:\/\/www.andreas-edler.de\/blog\/wp-content\/uploads\/2023\/12\/2023-12-11-17.07.31-2048x1045.jpg 2048w, https:\/\/www.andreas-edler.de\/blog\/wp-content\/uploads\/2023\/12\/2023-12-11-17.07.31-100x51.jpg 100w, https:\/\/www.andreas-edler.de\/blog\/wp-content\/uploads\/2023\/12\/2023-12-11-17.07.31-150x77.jpg 150w, https:\/\/www.andreas-edler.de\/blog\/wp-content\/uploads\/2023\/12\/2023-12-11-17.07.31-200x102.jpg 200w, https:\/\/www.andreas-edler.de\/blog\/wp-content\/uploads\/2023\/12\/2023-12-11-17.07.31-300x153.jpg 300w, https:\/\/www.andreas-edler.de\/blog\/wp-content\/uploads\/2023\/12\/2023-12-11-17.07.31-450x230.jpg 450w, https:\/\/www.andreas-edler.de\/blog\/wp-content\/uploads\/2023\/12\/2023-12-11-17.07.31-600x306.jpg 600w, https:\/\/www.andreas-edler.de\/blog\/wp-content\/uploads\/2023\/12\/2023-12-11-17.07.31-900x459.jpg 900w\" sizes=\"auto, (max-width: 470px) 100vw, 470px\" \/><\/a><figcaption id=\"caption-attachment-171092\" class=\"wp-caption-text\">F\u00fcnf Anlehnb\u00fcgel, ein Fahrrad.<\/figcaption><\/figure>\n<p>Nun, 14 Jahre sp\u00e4ter bin ich &#8222;in dem Alter&#8220; der Autofahrenden damals und was soll ich sagen: heute waren die Fraktionssitzungen der drei gr\u00f6\u00dften Parteien im Rat. Ich war tats\u00e4chlich sehr p\u00fcnktlich da und von uns kam sp\u00e4ter noch jemand mit dem Fahrrad. Aber soviele Zweir\u00e4der sehe ich da nicht. Auch wenn inzwischen tats\u00e4chlich deutlich mehr Rats- und Ausschussmitglieder zu den Sitzungen im Sattel anreisen, k\u00f6nnten es noch deutlich mehr sein. Es sind auch viel &#8222;in dem Alter&#8220;, in dem ich damals war. Da geht jedenfalls noch viel mehr &#8211; und das Alter ist m.M.n. genausowenig ein Hinderungsgrund wie zu kalt, zu warm, zu nass, zu windig und zu weit.<\/p>\n","protected":false},"excerpt":{"rendered":"<p>Vor 14 Jahren bin ich \u00fcber einen Listenplatz der Gr\u00fcnen in den Stadtrat der Stadt Bad Oeynhausen gew\u00e4hlt worden. Damals bin ich schon immer mit dem Fahrrad zu den Sitzungen gefahren und war damit jahrelang der Einzige. Mal gab es &hellip;<\/p>\n<p class=\"read-more\"> <a class=\"more-link\" href=\"https:\/\/www.andreas-edler.de\/blog\/2023\/12\/werd-du-mal-so-alt-wie-ich\/\"> <span class=\"screen-reader-text\">Werd&#8216; Du mal so alt wie ich<\/span> Weiterlesen &raquo;<\/a><\/p>\n","protected":false},"author":1,"featured_media":0,"comment_status":"open","ping_status":"open","sticky":false,"template":"","format":"standard","meta":{"ngg_post_thumbnail":0,"activitypub_content_warning":"","activitypub_content_visibility":"","activitypub_max_image_attachments":2,"activitypub_interaction_policy_quote":"anyone","activitypub_status":"","footnotes":""},"categories":[14,45,13],"tags":[477,334,37,352,168,412,158,77,374,53],"class_list":["post-171091","post","type-post","status-publish","format-standard","hentry","category-bad-oeynhausen","category-politik","category-verkehr","tag-alltagsradverkehr","tag-ausschuss","tag-auto","tag-gruene","tag-klimafreundliche-mobilitaet","tag-mdrza","tag-mit-dem-rad-zur-arbeit","tag-stadtrat","tag-verkehrswende","tag-wetter"],"share_on_mastodon":{"url":"https:\/\/social.tchncs.de\/@filmfacts\/111563964759043662","error":""},"_links":{"self":[{"href":"https:\/\/www.andreas-edler.de\/blog\/wp-json\/wp\/v2\/posts\/171091","targetHints":{"allow":["GET"]}}],"collection":[{"href":"https:\/\/www.andreas-edler.de\/blog\/wp-json\/wp\/v2\/posts"}],"about":[{"href":"https:\/\/www.andreas-edler.de\/blog\/wp-json\/wp\/v2\/types\/post"}],"author":[{"embeddable":true,"href":"https:\/\/www.andreas-edler.de\/blog\/wp-json\/wp\/v2\/users\/1"}],"replies":[{"embeddable":true,"href":"https:\/\/www.andreas-edler.de\/blog\/wp-json\/wp\/v2\/comments?post=171091"}],"version-history":[{"count":0,"href":"https:\/\/www.andreas-edler.de\/blog\/wp-json\/wp\/v2\/posts\/171091\/revisions"}],"wp:attachment":[{"href":"https:\/\/www.andreas-edler.de\/blog\/wp-json\/wp\/v2\/media?parent=171091"}],"wp:term":[{"taxonomy":"category","embeddable":true,"href":"https:\/\/www.andreas-edler.de\/blog\/wp-json\/wp\/v2\/categories?post=171091"},{"taxonomy":"post_tag","embeddable":true,"href":"https:\/\/www.andreas-edler.de\/blog\/wp-json\/wp\/v2\/tags?post=171091"}],"curies":[{"name":"wp","href":"https:\/\/api.w.org\/{rel}","templated":true}]}}