{"id":171082,"date":"2023-11-30T23:04:24","date_gmt":"2023-11-30T22:04:24","guid":{"rendered":"https:\/\/www.andreas-edler.de\/blog\/?p=171082"},"modified":"2023-12-09T21:42:42","modified_gmt":"2023-12-09T20:42:42","slug":"verkehrsmittel-und-wetterlage-im-november-2023","status":"publish","type":"post","link":"https:\/\/www.andreas-edler.de\/blog\/2023\/11\/verkehrsmittel-und-wetterlage-im-november-2023\/","title":{"rendered":"Verkehrsmittel und Wetterlage im November 2023"},"content":{"rendered":"<p><figure id=\"attachment_171086\" aria-describedby=\"caption-attachment-171086\" style=\"width: 250px\" class=\"wp-caption alignright\"><a href=\"https:\/\/www.andreas-edler.de\/blog\/wp-content\/uploads\/2023\/12\/20231130_statistik.png\"><img loading=\"lazy\" decoding=\"async\" src=\"https:\/\/www.andreas-edler.de\/blog\/wp-content\/uploads\/2023\/12\/20231130_statistik-250x108.png\" alt=\"Statistiktabelle zu den Wetterdaten und Verkehrsmitteln von Januar bis November 2023\" width=\"250\" height=\"108\" class=\"size-medium wp-image-171086\" srcset=\"https:\/\/www.andreas-edler.de\/blog\/wp-content\/uploads\/2023\/12\/20231130_statistik-250x108.png 250w, https:\/\/www.andreas-edler.de\/blog\/wp-content\/uploads\/2023\/12\/20231130_statistik-470x203.png 470w, https:\/\/www.andreas-edler.de\/blog\/wp-content\/uploads\/2023\/12\/20231130_statistik-768x331.png 768w, https:\/\/www.andreas-edler.de\/blog\/wp-content\/uploads\/2023\/12\/20231130_statistik-100x43.png 100w, https:\/\/www.andreas-edler.de\/blog\/wp-content\/uploads\/2023\/12\/20231130_statistik-150x65.png 150w, https:\/\/www.andreas-edler.de\/blog\/wp-content\/uploads\/2023\/12\/20231130_statistik-200x86.png 200w, https:\/\/www.andreas-edler.de\/blog\/wp-content\/uploads\/2023\/12\/20231130_statistik-300x129.png 300w, https:\/\/www.andreas-edler.de\/blog\/wp-content\/uploads\/2023\/12\/20231130_statistik-450x194.png 450w, https:\/\/www.andreas-edler.de\/blog\/wp-content\/uploads\/2023\/12\/20231130_statistik-600x259.png 600w, https:\/\/www.andreas-edler.de\/blog\/wp-content\/uploads\/2023\/12\/20231130_statistik-900x388.png 900w, https:\/\/www.andreas-edler.de\/blog\/wp-content\/uploads\/2023\/12\/20231130_statistik.png 1013w\" sizes=\"auto, (max-width: 250px) 100vw, 250px\" \/><\/a><figcaption id=\"caption-attachment-171086\" class=\"wp-caption-text\">Die Zahlen von Januar bis November 2023<\/figcaption><\/figure> Novembermonat auch vorbei. Die Photvoltaikanlage auf dem Dach hat so gut wie keinen Strom geliefert und genauso f\u00fchlte sich auch der Weg zur Arbeit an. Es war meistens kalt und oft auch noch feucht. Aber alles kein Grund, nicht mit dem Fahrrad zur Arbeit zu fahren. Im vorletzten Monat des Jahres war ich an keinem Tag krank, bin nicht mit dem Auto ins B\u00fcro gefahren, habe aber einen Tag Homeoffice gemacht. So sind dann \u00fcber 150 Kilometer <a rel=\"tag\" class=\"hashtag u-tag u-category\" href=\"https:\/\/www.andreas-edler.de\/blog\/tag\/mdrza\/\">#mdRzA<\/a> zusammen gekommen.<\/p>\n<p>Besonderheiten gab es dabei keine. Mitte November wurde es so kalt, dass ich auf Winterjacke umgestiegen bin. Mit einer d\u00fcnnen Regenjacke und darunter die Strickjacke wurde es mir zu frostig. Auch die d\u00fcnnen Handschuhe mussten den etwas l\u00e4ngeren und gef\u00fctterten weichen.<\/p>\n<figure id=\"attachment_171085\" aria-describedby=\"caption-attachment-171085\" style=\"width: 470px\" class=\"wp-caption aligncenter\"><a href=\"https:\/\/www.andreas-edler.de\/blog\/wp-content\/uploads\/2023\/12\/20231130_wetterlage1.png\"><img loading=\"lazy\" decoding=\"async\" src=\"https:\/\/www.andreas-edler.de\/blog\/wp-content\/uploads\/2023\/12\/20231130_wetterlage1-470x227.png\" alt=\"Tortendiagramm zur Wetterlage von Januar bis November 2023\" width=\"470\" height=\"227\" class=\"size-large wp-image-171085\" srcset=\"https:\/\/www.andreas-edler.de\/blog\/wp-content\/uploads\/2023\/12\/20231130_wetterlage1-470x227.png 470w, https:\/\/www.andreas-edler.de\/blog\/wp-content\/uploads\/2023\/12\/20231130_wetterlage1-250x121.png 250w, https:\/\/www.andreas-edler.de\/blog\/wp-content\/uploads\/2023\/12\/20231130_wetterlage1-100x48.png 100w, https:\/\/www.andreas-edler.de\/blog\/wp-content\/uploads\/2023\/12\/20231130_wetterlage1-150x72.png 150w, https:\/\/www.andreas-edler.de\/blog\/wp-content\/uploads\/2023\/12\/20231130_wetterlage1-200x97.png 200w, https:\/\/www.andreas-edler.de\/blog\/wp-content\/uploads\/2023\/12\/20231130_wetterlage1-300x145.png 300w, https:\/\/www.andreas-edler.de\/blog\/wp-content\/uploads\/2023\/12\/20231130_wetterlage1-450x217.png 450w, https:\/\/www.andreas-edler.de\/blog\/wp-content\/uploads\/2023\/12\/20231130_wetterlage1-600x290.png 600w, https:\/\/www.andreas-edler.de\/blog\/wp-content\/uploads\/2023\/12\/20231130_wetterlage1.png 756w\" sizes=\"auto, (max-width: 470px) 100vw, 470px\" \/><\/a><figcaption id=\"caption-attachment-171085\" class=\"wp-caption-text\">Das Wetter von Januar bis November 2023<\/figcaption><\/figure>\n<figure id=\"attachment_171084\" aria-describedby=\"caption-attachment-171084\" style=\"width: 470px\" class=\"wp-caption aligncenter\"><a href=\"https:\/\/www.andreas-edler.de\/blog\/wp-content\/uploads\/2023\/12\/20231130_verkehrsmittel.png\"><img loading=\"lazy\" decoding=\"async\" src=\"https:\/\/www.andreas-edler.de\/blog\/wp-content\/uploads\/2023\/12\/20231130_verkehrsmittel-470x304.png\" alt=\"Tortendiagramm zuden genutzten Verkehrsmitteln von Januar bis November 2023\" width=\"470\" height=\"304\" class=\"size-large wp-image-171084\" srcset=\"https:\/\/www.andreas-edler.de\/blog\/wp-content\/uploads\/2023\/12\/20231130_verkehrsmittel-470x304.png 470w, https:\/\/www.andreas-edler.de\/blog\/wp-content\/uploads\/2023\/12\/20231130_verkehrsmittel-250x162.png 250w, https:\/\/www.andreas-edler.de\/blog\/wp-content\/uploads\/2023\/12\/20231130_verkehrsmittel-100x65.png 100w, https:\/\/www.andreas-edler.de\/blog\/wp-content\/uploads\/2023\/12\/20231130_verkehrsmittel-150x97.png 150w, https:\/\/www.andreas-edler.de\/blog\/wp-content\/uploads\/2023\/12\/20231130_verkehrsmittel-200x129.png 200w, https:\/\/www.andreas-edler.de\/blog\/wp-content\/uploads\/2023\/12\/20231130_verkehrsmittel-300x194.png 300w, https:\/\/www.andreas-edler.de\/blog\/wp-content\/uploads\/2023\/12\/20231130_verkehrsmittel-450x291.png 450w, https:\/\/www.andreas-edler.de\/blog\/wp-content\/uploads\/2023\/12\/20231130_verkehrsmittel-600x388.png 600w, https:\/\/www.andreas-edler.de\/blog\/wp-content\/uploads\/2023\/12\/20231130_verkehrsmittel.png 756w\" sizes=\"auto, (max-width: 470px) 100vw, 470px\" \/><\/a><figcaption id=\"caption-attachment-171084\" class=\"wp-caption-text\">Die Verkehrsmittel von Januar bis November 2023<\/figcaption><\/figure>\n<figure id=\"attachment_171083\" aria-describedby=\"caption-attachment-171083\" style=\"width: 470px\" class=\"wp-caption aligncenter\"><a href=\"https:\/\/www.andreas-edler.de\/blog\/wp-content\/uploads\/2023\/12\/20231130_wegstrecke.png\"><img loading=\"lazy\" decoding=\"async\" src=\"https:\/\/www.andreas-edler.de\/blog\/wp-content\/uploads\/2023\/12\/20231130_wegstrecke-470x300.png\" alt=\"Tortendiagramm zuden zur\u00fcckgelegten Wegstrecken von Januar bis November 2023\" width=\"470\" height=\"300\" class=\"size-large wp-image-171083\" srcset=\"https:\/\/www.andreas-edler.de\/blog\/wp-content\/uploads\/2023\/12\/20231130_wegstrecke-470x300.png 470w, https:\/\/www.andreas-edler.de\/blog\/wp-content\/uploads\/2023\/12\/20231130_wegstrecke-250x160.png 250w, https:\/\/www.andreas-edler.de\/blog\/wp-content\/uploads\/2023\/12\/20231130_wegstrecke-100x64.png 100w, https:\/\/www.andreas-edler.de\/blog\/wp-content\/uploads\/2023\/12\/20231130_wegstrecke-150x96.png 150w, https:\/\/www.andreas-edler.de\/blog\/wp-content\/uploads\/2023\/12\/20231130_wegstrecke-200x128.png 200w, https:\/\/www.andreas-edler.de\/blog\/wp-content\/uploads\/2023\/12\/20231130_wegstrecke-300x192.png 300w, https:\/\/www.andreas-edler.de\/blog\/wp-content\/uploads\/2023\/12\/20231130_wegstrecke-450x287.png 450w, https:\/\/www.andreas-edler.de\/blog\/wp-content\/uploads\/2023\/12\/20231130_wegstrecke-600x383.png 600w, https:\/\/www.andreas-edler.de\/blog\/wp-content\/uploads\/2023\/12\/20231130_wegstrecke.png 758w\" sizes=\"auto, (max-width: 470px) 100vw, 470px\" \/><\/a><figcaption id=\"caption-attachment-171083\" class=\"wp-caption-text\">Die zur\u00fcckgelegten Wegstrecken von Januar bis November 2023<\/figcaption><\/figure>\n","protected":false},"excerpt":{"rendered":"<p>Novembermonat auch vorbei. Die Photvoltaikanlage auf dem Dach hat so gut wie keinen Strom geliefert und genauso f\u00fchlte sich auch der Weg zur Arbeit an. Es war meistens kalt und oft auch noch feucht. Aber alles kein Grund, nicht mit &hellip;<\/p>\n<p class=\"read-more\"> <a class=\"more-link\" href=\"https:\/\/www.andreas-edler.de\/blog\/2023\/11\/verkehrsmittel-und-wetterlage-im-november-2023\/\"> <span class=\"screen-reader-text\">Verkehrsmittel und Wetterlage im November 2023<\/span> Weiterlesen &raquo;<\/a><\/p>\n","protected":false},"author":1,"featured_media":0,"comment_status":"open","ping_status":"open","sticky":false,"template":"","format":"standard","meta":{"ngg_post_thumbnail":0,"activitypub_content_warning":"","activitypub_content_visibility":"","activitypub_max_image_attachments":2,"activitypub_interaction_policy_quote":"anyone","activitypub_status":"","footnotes":""},"categories":[15,13],"tags":[477,412,158,244,53],"class_list":["post-171082","post","type-post","status-publish","format-standard","hentry","category-fahrrad","category-verkehr","tag-alltagsradverkehr","tag-mdrza","tag-mit-dem-rad-zur-arbeit","tag-verkehrsmittel-und-wetterlage","tag-wetter"],"share_on_mastodon":{"url":"","error":""},"_links":{"self":[{"href":"https:\/\/www.andreas-edler.de\/blog\/wp-json\/wp\/v2\/posts\/171082","targetHints":{"allow":["GET"]}}],"collection":[{"href":"https:\/\/www.andreas-edler.de\/blog\/wp-json\/wp\/v2\/posts"}],"about":[{"href":"https:\/\/www.andreas-edler.de\/blog\/wp-json\/wp\/v2\/types\/post"}],"author":[{"embeddable":true,"href":"https:\/\/www.andreas-edler.de\/blog\/wp-json\/wp\/v2\/users\/1"}],"replies":[{"embeddable":true,"href":"https:\/\/www.andreas-edler.de\/blog\/wp-json\/wp\/v2\/comments?post=171082"}],"version-history":[{"count":0,"href":"https:\/\/www.andreas-edler.de\/blog\/wp-json\/wp\/v2\/posts\/171082\/revisions"}],"wp:attachment":[{"href":"https:\/\/www.andreas-edler.de\/blog\/wp-json\/wp\/v2\/media?parent=171082"}],"wp:term":[{"taxonomy":"category","embeddable":true,"href":"https:\/\/www.andreas-edler.de\/blog\/wp-json\/wp\/v2\/categories?post=171082"},{"taxonomy":"post_tag","embeddable":true,"href":"https:\/\/www.andreas-edler.de\/blog\/wp-json\/wp\/v2\/tags?post=171082"}],"curies":[{"name":"wp","href":"https:\/\/api.w.org\/{rel}","templated":true}]}}