{"id":171054,"date":"2023-11-25T20:55:40","date_gmt":"2023-11-25T19:55:40","guid":{"rendered":"https:\/\/www.andreas-edler.de\/blog\/?p=171054"},"modified":"2023-11-26T00:06:40","modified_gmt":"2023-11-25T23:06:40","slug":"tempo-50-auf-der-vlothoer-strasse","status":"publish","type":"post","link":"https:\/\/www.andreas-edler.de\/blog\/2023\/11\/tempo-50-auf-der-vlothoer-strasse\/","title":{"rendered":"Tempo 50 auf der Vlothoer Stra\u00dfe"},"content":{"rendered":"<p>Anfang diesen Jahres wurde ein Junge bei der Querung der Vlothoer Stra\u00dfe von der Adam-Opel-Stra\u00dfe aus von einem Menschen in einem Auto angefahren. Auf der Strecke sind dort 70 km\/h erlaubt und leider hat die Querung der Stra\u00dfe, welche von den Kindern die zum Sportplatz an der Rehmer Insel wollen benutzt wird, keinerlei Querungshilfen. So wurde der Junge schwerst verletzt und <a href=\"https:\/\/www.andreas-edler.de\/blog\/2023\/01\/gefaehrliche-strassenquerung-an-der-adam-opel-strasse\/\" rel=\"noopener\" target=\"_blank\">in der Politik wurden in den Aussch\u00fcssen Fragen gestellt<\/a>.<\/p>\n<p>Zuletzt in der <a href=\"https:\/\/www.sitzungsdienst-bad-oeynhausen.de\/bi\/to020.asp?TOLFDNR=25363\" rel=\"noopener\" target=\"_blank\">Ratssitung am 02.11.2023 im TOP 24 &#8222;\u00f6ffentliche Anfragen&#8220;<\/a>:<\/p>\n<p><cite><strong>24.5 RH Dr. Brand<\/strong> fragt nach dem Stand der verkehrsberuhigenden Ma\u00dfnahmen an der Vlothoer Stra\u00dfe und ob auch im Abschnitt der Hermann-L\u00f6ns-Stra\u00dfe zwischen der Bl\u00fccherstra\u00dfe und der K\u00f6nigstra\u00dfe Tempo 30 m\u00f6glich sei.<br \/>\n<br \/>\n<strong>TB L\u00fcer<\/strong> f\u00fchrt aus, dass die Ma\u00dfnahmen f\u00fcr die Vlothoer Stra\u00dfe weiterhin in Planung seien. Dazu und auch zum aktuellen Stand an der Hermann-L\u00f6ns-Stra\u00dfe werde es eine Mitteilung in der n\u00e4chsten Sitzung des Ausschusses f\u00fcr Stadtentwicklung geben.<\/cite><\/p>\n<p>Zur Teilfrage der Vlothoer Stra\u00dfe gibt es in der <a href=\"https:\/\/www.sitzungsdienst-bad-oeynhausen.de\/bi\/vo020.asp?VOLFDNR=11878\" rel=\"noopener\" target=\"_blank\">Sitzung des Ausschuss f\u00fcr Stadtentwicklung am 30.11.2023<\/a> eine Antwort:<\/p>\n<p><cite>[&#8230;] Die Reduzierung der Geschwindigkeit in diesem Abschnitt der Vlothoer Stra\u00dfe wurde am 23.08.2023 gegen\u00fcber Stra\u00dfen.NRW als Stra\u00dfenbaulasttr\u00e4ger stra\u00dfenverkehrsrechtlich angeordnet. Auf Anfrage vom 09.10.2023 teilte uns die Regionalniederlassung OWL in Bielefeld am 08.11.2023 folgendes mit:<br \/>\n<br \/>\n\u201eNach R\u00fccksprache mit der SM Minden kann die Umsetzung personalbedingt leider nicht kurzfristig erfolgen. Zur Zeit betr\u00e4gt die Ausf\u00fchrung von Anordnungen nach Eingang in der Stra\u00dfenmeisterei ca. 6-8 Monate.<br \/>\n<br \/>\nDie Anordnung vom 23.08.23 habe ich urlaubsbedingt am 18.09.23 weitergeleitet. Somit w\u00fcrde die Umsetzung erst im Fr\u00fchjahr 2024 erfolgen.\u201c [&#8230;]<\/cite><\/p>\n<p><a href=\"https:\/\/www.presseportal.de\/blaulicht\/pm\/43553\/5408697\" rel=\"noopener\" target=\"_blank\">Schwerste Verletzungen bei einem Kind<\/a> aufgrund einer nicht nachzuvollziehenden Tempo&#8220;beschr\u00e4nkung&#8220; auf 70 km\/h. Und die offensichtlichste Ma\u00dfnahme um soetwas in Zukunft zumindest etwas unwahrscheinlicher zu machen, braucht nur 1 1\/2 Jahre bis zur Umsetzung. In der Lokalpresse wurde inzwischen berichtet, dass es &#8222;provisorische&#8220; Schilder geben soll. Wann steht aber noch nicht fest.<\/p>\n<figure id=\"attachment_171056\" aria-describedby=\"caption-attachment-171056\" style=\"width: 470px\" class=\"wp-caption aligncenter\"><a href=\"https:\/\/www.andreas-edler.de\/blog\/wp-content\/uploads\/2023\/11\/2023-11-25-18.30.39.jpg\"><img loading=\"lazy\" decoding=\"async\" src=\"https:\/\/www.andreas-edler.de\/blog\/wp-content\/uploads\/2023\/11\/2023-11-25-18.30.39-470x243.jpg\" alt=\"Ein kombinierter Geh- und Radweg mit entsprechender Beschilderung. Etwas versetzt nach hinten ist ein &quot;Achtung Fahrr\u00e4der&quot;-Zeichen und darunter eine Geschwindigkeitsbeschr\u00e4nkung auf 50 km\/h zu sehen.\" width=\"470\" height=\"243\" class=\"size-large wp-image-171056\" srcset=\"https:\/\/www.andreas-edler.de\/blog\/wp-content\/uploads\/2023\/11\/2023-11-25-18.30.39-470x243.jpg 470w, https:\/\/www.andreas-edler.de\/blog\/wp-content\/uploads\/2023\/11\/2023-11-25-18.30.39-250x129.jpg 250w, https:\/\/www.andreas-edler.de\/blog\/wp-content\/uploads\/2023\/11\/2023-11-25-18.30.39-768x396.jpg 768w, https:\/\/www.andreas-edler.de\/blog\/wp-content\/uploads\/2023\/11\/2023-11-25-18.30.39-1536x793.jpg 1536w, https:\/\/www.andreas-edler.de\/blog\/wp-content\/uploads\/2023\/11\/2023-11-25-18.30.39-2048x1057.jpg 2048w, https:\/\/www.andreas-edler.de\/blog\/wp-content\/uploads\/2023\/11\/2023-11-25-18.30.39-100x52.jpg 100w, https:\/\/www.andreas-edler.de\/blog\/wp-content\/uploads\/2023\/11\/2023-11-25-18.30.39-150x77.jpg 150w, https:\/\/www.andreas-edler.de\/blog\/wp-content\/uploads\/2023\/11\/2023-11-25-18.30.39-200x103.jpg 200w, https:\/\/www.andreas-edler.de\/blog\/wp-content\/uploads\/2023\/11\/2023-11-25-18.30.39-300x155.jpg 300w, https:\/\/www.andreas-edler.de\/blog\/wp-content\/uploads\/2023\/11\/2023-11-25-18.30.39-450x232.jpg 450w, https:\/\/www.andreas-edler.de\/blog\/wp-content\/uploads\/2023\/11\/2023-11-25-18.30.39-600x310.jpg 600w, https:\/\/www.andreas-edler.de\/blog\/wp-content\/uploads\/2023\/11\/2023-11-25-18.30.39-900x464.jpg 900w\" sizes=\"auto, (max-width: 470px) 100vw, 470px\" \/><\/a><figcaption id=\"caption-attachment-171056\" class=\"wp-caption-text\">50 km\/h bereits ausgeschildert<\/figcaption><\/figure>\n<p>Der Ausschuss f\u00fcr Stadtentwicklung, in welchem bekanntgegeben wird, dass noch nicht feststeht wann die Beschilderung kommt, ist in 5 Tagen. Eben kam ich von meiner Mutter aus Oberbecksen zur\u00fcck und habe das Foto oben gemacht. Augenscheinlich ist das Provisorium bereits aufgestellt worden. Sehr sch\u00f6n! In Gegenrichtung ist es ebenfalls bereits montiert, da kann ich aber eher nicht anhalten und fotografieren. Da kann die Verwaltung nichts dazu, dass die Ereignisse die Bekanntgabe \u00fcberholt haben. Sch\u00f6n, dass es auch mal schneller geht.<\/p>\n<figure id=\"attachment_171057\" aria-describedby=\"caption-attachment-171057\" style=\"width: 470px\" class=\"wp-caption aligncenter\"><a href=\"https:\/\/www.andreas-edler.de\/blog\/wp-content\/uploads\/2023\/11\/2023-11-25-18.30.16.jpg\"><img loading=\"lazy\" decoding=\"async\" src=\"https:\/\/www.andreas-edler.de\/blog\/wp-content\/uploads\/2023\/11\/2023-11-25-18.30.16-470x182.jpg\" alt=\"Ein kombinierter Geh- und Radweg mit entsprechender Beschilderung. Etwas versetzt weiter vorn ist ein Vorfahrtszeichen und darunter eine Geschwindigkeitsbeschr\u00e4nkung auf 70 km\/h zu sehen.\" width=\"470\" height=\"182\" class=\"size-large wp-image-171057\" srcset=\"https:\/\/www.andreas-edler.de\/blog\/wp-content\/uploads\/2023\/11\/2023-11-25-18.30.16-470x182.jpg 470w, https:\/\/www.andreas-edler.de\/blog\/wp-content\/uploads\/2023\/11\/2023-11-25-18.30.16-250x97.jpg 250w, https:\/\/www.andreas-edler.de\/blog\/wp-content\/uploads\/2023\/11\/2023-11-25-18.30.16-768x297.jpg 768w, https:\/\/www.andreas-edler.de\/blog\/wp-content\/uploads\/2023\/11\/2023-11-25-18.30.16-1536x595.jpg 1536w, https:\/\/www.andreas-edler.de\/blog\/wp-content\/uploads\/2023\/11\/2023-11-25-18.30.16-2048x793.jpg 2048w, https:\/\/www.andreas-edler.de\/blog\/wp-content\/uploads\/2023\/11\/2023-11-25-18.30.16-100x39.jpg 100w, https:\/\/www.andreas-edler.de\/blog\/wp-content\/uploads\/2023\/11\/2023-11-25-18.30.16-150x58.jpg 150w, https:\/\/www.andreas-edler.de\/blog\/wp-content\/uploads\/2023\/11\/2023-11-25-18.30.16-200x77.jpg 200w, https:\/\/www.andreas-edler.de\/blog\/wp-content\/uploads\/2023\/11\/2023-11-25-18.30.16-300x116.jpg 300w, https:\/\/www.andreas-edler.de\/blog\/wp-content\/uploads\/2023\/11\/2023-11-25-18.30.16-450x174.jpg 450w, https:\/\/www.andreas-edler.de\/blog\/wp-content\/uploads\/2023\/11\/2023-11-25-18.30.16-600x232.jpg 600w, https:\/\/www.andreas-edler.de\/blog\/wp-content\/uploads\/2023\/11\/2023-11-25-18.30.16-900x348.jpg 900w\" sizes=\"auto, (max-width: 470px) 100vw, 470px\" \/><\/a><figcaption id=\"caption-attachment-171057\" class=\"wp-caption-text\">Warum erst noch 70?<\/figcaption><\/figure>\n<p>Allerdings h\u00e4tte ich es sinnvoller gefunden, wenn man das 70er-Schild demontiert und gleich dort 50 km\/h ausgeschildert h\u00e4tte. Zwei Geschwindigkeitsbegrenzungen auf 20 Meter? Nicht dass da noch jemand verwirrt ist.<\/p>\n<p>Jetzt fehlt nur noch die Beleuchtung, die Querungshilfe und der leicht ge\u00e4nderte Verlauf des Weges aus dem Tunnel. Kann sich nur um Jahre handeln.<\/p>\n","protected":false},"excerpt":{"rendered":"<p>Anfang diesen Jahres wurde ein Junge bei der Querung der Vlothoer Stra\u00dfe von der Adam-Opel-Stra\u00dfe aus von einem Menschen in einem Auto angefahren. Auf der Strecke sind dort 70 km\/h erlaubt und leider hat die Querung der Stra\u00dfe, welche von &hellip;<\/p>\n<p class=\"read-more\"> <a class=\"more-link\" href=\"https:\/\/www.andreas-edler.de\/blog\/2023\/11\/tempo-50-auf-der-vlothoer-strasse\/\"> <span class=\"screen-reader-text\">Tempo 50 auf der Vlothoer Stra\u00dfe<\/span> Weiterlesen &raquo;<\/a><\/p>\n","protected":false},"author":1,"featured_media":0,"comment_status":"open","ping_status":"open","sticky":false,"template":"","format":"standard","meta":{"ngg_post_thumbnail":0,"activitypub_content_warning":"","activitypub_content_visibility":"","activitypub_max_image_attachments":2,"activitypub_interaction_policy_quote":"anyone","activitypub_status":"","footnotes":""},"categories":[14,15,45,13],"tags":[400,477,237,37,251,498,199,526],"class_list":["post-171054","post","type-post","status-publish","format-standard","hentry","category-bad-oeynhausen","category-fahrrad","category-politik","category-verkehr","tag-adam-opel-strasse","tag-alltagsradverkehr","tag-ausschuss-fuer-stadtentwicklung","tag-auto","tag-infrastruktur","tag-strassen-nrw","tag-unfall","tag-vlothoer-strasse"],"share_on_mastodon":{"url":"https:\/\/social.tchncs.de\/@filmfacts\/111472944318187043","error":""},"_links":{"self":[{"href":"https:\/\/www.andreas-edler.de\/blog\/wp-json\/wp\/v2\/posts\/171054","targetHints":{"allow":["GET"]}}],"collection":[{"href":"https:\/\/www.andreas-edler.de\/blog\/wp-json\/wp\/v2\/posts"}],"about":[{"href":"https:\/\/www.andreas-edler.de\/blog\/wp-json\/wp\/v2\/types\/post"}],"author":[{"embeddable":true,"href":"https:\/\/www.andreas-edler.de\/blog\/wp-json\/wp\/v2\/users\/1"}],"replies":[{"embeddable":true,"href":"https:\/\/www.andreas-edler.de\/blog\/wp-json\/wp\/v2\/comments?post=171054"}],"version-history":[{"count":0,"href":"https:\/\/www.andreas-edler.de\/blog\/wp-json\/wp\/v2\/posts\/171054\/revisions"}],"wp:attachment":[{"href":"https:\/\/www.andreas-edler.de\/blog\/wp-json\/wp\/v2\/media?parent=171054"}],"wp:term":[{"taxonomy":"category","embeddable":true,"href":"https:\/\/www.andreas-edler.de\/blog\/wp-json\/wp\/v2\/categories?post=171054"},{"taxonomy":"post_tag","embeddable":true,"href":"https:\/\/www.andreas-edler.de\/blog\/wp-json\/wp\/v2\/tags?post=171054"}],"curies":[{"name":"wp","href":"https:\/\/api.w.org\/{rel}","templated":true}]}}