{"id":170992,"date":"2023-11-09T10:12:51","date_gmt":"2023-11-09T09:12:51","guid":{"rendered":"https:\/\/www.andreas-edler.de\/blog\/?p=170992"},"modified":"2023-11-09T10:12:51","modified_gmt":"2023-11-09T09:12:51","slug":"seniorin-auf-fahrrad-gedoort","status":"publish","type":"post","link":"https:\/\/www.andreas-edler.de\/blog\/2023\/11\/seniorin-auf-fahrrad-gedoort\/","title":{"rendered":"Seniorin auf Fahrrad gedoort"},"content":{"rendered":"<p>Eine kurze, aber darum nicht weniger \u00e4rgerliche Mitteilung der Polizei aus Minden:<\/p>\n<p><cite>Polizei MI_L\u00dc vom 07.11.2023: <strong><a href=\"https:\/\/www.presseportal.de\/blaulicht\/pm\/43553\/5643257\" target=\"_new\" rel=\"noopener\">Radfahrerin prallt gegen ge\u00f6ffnete Autot\u00fcr<\/a><\/strong><br \/>\nNach einem Unfall am Montag musste eine 75-j\u00e4hrige Radfahrerin ins Krankenhaus gebracht werden. Als die Seniorin gegen 14.15 Uhr an einem am Fahrbahnrand des Hohenzollernrings stehenden Renault vorbeifahren wollte, \u00f6ffnete dessen Fahrer (38) pl\u00f6tzlich die Fahrert\u00fcr.<br \/>\n<br \/>\nDaraufhin st\u00fcrzte die Mindenerin auf den Asphalt und zog sich Verletzungen zu. Eine angeforderte Rettungswagenbesatzung k\u00fcmmerte sich vor Ort um die Radfahrerin und brachte sie zur weiteren Behandlung ins Klinikum Minden.<\/cite><\/p>\n<p>Wenigstens ist die Radfahrerin nicht ausschlie\u00dfich die aktive Person! Immerhin hat der Fahrer des Kfz die Autot\u00fcr pl\u00f6tzlich ge\u00f6ffnet. Aber immer noch hat die Radfahrerin die Verletzungen zugezogen. Nein, die Verletzungen wurden ihr von dem Mann im Auto zugef\u00fcgt. Er hat sie gerammt!<\/p>\n<p>Mit keinem Wort weist die Polizei darauf hin, dass der Mann offensichtlich nicht ausreichend aufgepasst. Mit keinem Wort wird an Autofahrende apelliert, in solchen Situationen besonders aufmerksam zu sein. Es wird ebenfalls nicht darauf hingewiesen, dass man mit dem Fahrrad bitte weiter nach links auf die Fahrbahn soll, wenn dort Kfz parken. Letzteres nat\u00fcrlich nicht, denn dann w\u00fcrde man die Klientel der Menschen hinter dem Steuer &#8222;verunsichern&#8220;! &#8222;Was, die d\u00fcrfen mitten auf der Stra\u00dfe fahren?&#8220; &#8211; ja, tats\u00e4chlich!<\/p>\n<p>Aber sch\u00f6n Wahnwesten verteilen und den Helm propagieren!<\/p>\n","protected":false},"excerpt":{"rendered":"<p>Eine kurze, aber darum nicht weniger \u00e4rgerliche Mitteilung der Polizei aus Minden: Polizei MI_L\u00dc vom 07.11.2023: Radfahrerin prallt gegen ge\u00f6ffnete Autot\u00fcr Nach einem Unfall am Montag musste eine 75-j\u00e4hrige Radfahrerin ins Krankenhaus gebracht werden. Als die Seniorin gegen 14.15 Uhr &hellip;<\/p>\n<p class=\"read-more\"> <a class=\"more-link\" href=\"https:\/\/www.andreas-edler.de\/blog\/2023\/11\/seniorin-auf-fahrrad-gedoort\/\"> <span class=\"screen-reader-text\">Seniorin auf Fahrrad gedoort<\/span> Weiterlesen &raquo;<\/a><\/p>\n","protected":false},"author":1,"featured_media":0,"comment_status":"open","ping_status":"open","sticky":false,"template":"","format":"standard","meta":{"ngg_post_thumbnail":0,"activitypub_content_warning":"","activitypub_content_visibility":"","activitypub_max_image_attachments":2,"activitypub_interaction_policy_quote":"anyone","activitypub_status":"","footnotes":""},"categories":[15,13],"tags":[37,168,34,214,127,59],"class_list":["post-170992","post","type-post","status-publish","format-standard","hentry","category-fahrrad","category-verkehr","tag-auto","tag-klimafreundliche-mobilitaet","tag-kommunikation","tag-parken","tag-polizei","tag-presse"],"share_on_mastodon":{"url":"https:\/\/social.tchncs.de\/@filmfacts\/111379819537260581","error":""},"_links":{"self":[{"href":"https:\/\/www.andreas-edler.de\/blog\/wp-json\/wp\/v2\/posts\/170992","targetHints":{"allow":["GET"]}}],"collection":[{"href":"https:\/\/www.andreas-edler.de\/blog\/wp-json\/wp\/v2\/posts"}],"about":[{"href":"https:\/\/www.andreas-edler.de\/blog\/wp-json\/wp\/v2\/types\/post"}],"author":[{"embeddable":true,"href":"https:\/\/www.andreas-edler.de\/blog\/wp-json\/wp\/v2\/users\/1"}],"replies":[{"embeddable":true,"href":"https:\/\/www.andreas-edler.de\/blog\/wp-json\/wp\/v2\/comments?post=170992"}],"version-history":[{"count":0,"href":"https:\/\/www.andreas-edler.de\/blog\/wp-json\/wp\/v2\/posts\/170992\/revisions"}],"wp:attachment":[{"href":"https:\/\/www.andreas-edler.de\/blog\/wp-json\/wp\/v2\/media?parent=170992"}],"wp:term":[{"taxonomy":"category","embeddable":true,"href":"https:\/\/www.andreas-edler.de\/blog\/wp-json\/wp\/v2\/categories?post=170992"},{"taxonomy":"post_tag","embeddable":true,"href":"https:\/\/www.andreas-edler.de\/blog\/wp-json\/wp\/v2\/tags?post=170992"}],"curies":[{"name":"wp","href":"https:\/\/api.w.org\/{rel}","templated":true}]}}