{"id":170969,"date":"2023-11-05T16:37:19","date_gmt":"2023-11-05T15:37:19","guid":{"rendered":"https:\/\/www.andreas-edler.de\/blog\/?p=170969"},"modified":"2023-11-05T16:38:38","modified_gmt":"2023-11-05T15:38:38","slug":"und-noch-ein-umleitungsschild-auf-dem-radweg","status":"publish","type":"post","link":"https:\/\/www.andreas-edler.de\/blog\/2023\/11\/und-noch-ein-umleitungsschild-auf-dem-radweg\/","title":{"rendered":"Und noch ein Umleitungsschild auf dem Radweg."},"content":{"rendered":"<p><figure id=\"attachment_170970\" aria-describedby=\"caption-attachment-170970\" style=\"width: 139px\" class=\"wp-caption alignright\"><a href=\"https:\/\/www.andreas-edler.de\/blog\/wp-content\/uploads\/2023\/11\/2023-11-05-11.40.59.png\"><img loading=\"lazy\" decoding=\"async\" src=\"https:\/\/www.andreas-edler.de\/blog\/wp-content\/uploads\/2023\/11\/2023-11-05-11.40.59-139x250.png\" alt=\"Eine Meldung aus dem M\u00e4ngelmelder f\u00fcr Bad Oeynhausen zu einem auf einem benutzungspflichtigen Radweg aufgestellten Umleitungsschild.\" width=\"139\" height=\"250\" class=\"size-medium wp-image-170970\" srcset=\"https:\/\/www.andreas-edler.de\/blog\/wp-content\/uploads\/2023\/11\/2023-11-05-11.40.59-139x250.png 139w, https:\/\/www.andreas-edler.de\/blog\/wp-content\/uploads\/2023\/11\/2023-11-05-11.40.59-262x470.png 262w, https:\/\/www.andreas-edler.de\/blog\/wp-content\/uploads\/2023\/11\/2023-11-05-11.40.59-768x1377.png 768w, https:\/\/www.andreas-edler.de\/blog\/wp-content\/uploads\/2023\/11\/2023-11-05-11.40.59-856x1536.png 856w, https:\/\/www.andreas-edler.de\/blog\/wp-content\/uploads\/2023\/11\/2023-11-05-11.40.59-100x179.png 100w, https:\/\/www.andreas-edler.de\/blog\/wp-content\/uploads\/2023\/11\/2023-11-05-11.40.59-150x269.png 150w, https:\/\/www.andreas-edler.de\/blog\/wp-content\/uploads\/2023\/11\/2023-11-05-11.40.59-200x359.png 200w, https:\/\/www.andreas-edler.de\/blog\/wp-content\/uploads\/2023\/11\/2023-11-05-11.40.59-300x538.png 300w, https:\/\/www.andreas-edler.de\/blog\/wp-content\/uploads\/2023\/11\/2023-11-05-11.40.59-450x807.png 450w, https:\/\/www.andreas-edler.de\/blog\/wp-content\/uploads\/2023\/11\/2023-11-05-11.40.59-600x1076.png 600w, https:\/\/www.andreas-edler.de\/blog\/wp-content\/uploads\/2023\/11\/2023-11-05-11.40.59-900x1614.png 900w, https:\/\/www.andreas-edler.de\/blog\/wp-content\/uploads\/2023\/11\/2023-11-05-11.40.59.png 1080w\" sizes=\"auto, (max-width: 139px) 100vw, 139px\" \/><\/a><figcaption id=\"caption-attachment-170970\" class=\"wp-caption-text\">Umleitungsschild auf Radweg der Steinstra\u00dfe<\/figcaption><\/figure> Vor zwei Wochen habe ich ein auf einem benutzungspflichtigen Radweg aufgestelltes Umleitungsschild per M\u00e4ngelmelder der Stadt Bad Oeynhausen gemeldet. Am Donnerstag (oder Freitag) stand das Schild nat\u00fcrlich immer noch an der gleichen Stelle auf dem Radweg und die Meldung im M\u00e4ngelmelder ist noch nicht freigegeben. Als ich Donnerstag zur Ratssitzung fuhr, bin ich die Steinstra\u00dfe bis zur K\u00f6nigstra\u00dfe runter gefahren und dort stand dann gleich das n\u00e4chste falsch und unbedacht aufgestellte Schild mitten auf dem Radweg.<\/p>\n<p><cite>Auf dem \u00f6stlichen, benutzungspflichtigen Radweg der Steinstra\u00dfe in Fahrtrichtung Norden steht kurz vor der Kreuzung mit der K\u00f6nigstra\u00dfe ein Umleitungszeichen gefahrdend mitten auf dem Radweg. Zus\u00e4tzlich kritisch, weil das falsch aufgestellte Schuld direkt neben einem Laternenmast steht. Ich bitte darum, die Gef\u00e4hrdung zu beseitigen und das Schild korrekt aufzustellen.<\/cite><\/p>\n<figure id=\"attachment_170972\" aria-describedby=\"caption-attachment-170972\" style=\"width: 470px\" class=\"wp-caption aligncenter\"><a href=\"https:\/\/www.andreas-edler.de\/blog\/wp-content\/uploads\/2023\/11\/2023-11-02-17.20.41.jpg\"><img loading=\"lazy\" decoding=\"async\" src=\"https:\/\/www.andreas-edler.de\/blog\/wp-content\/uploads\/2023\/11\/2023-11-02-17.20.41-470x177.jpg\" alt=\"Ein auf einem Radweg aufgestelltes Umleitungszeichen neben einem Laternenmasten, die den Rad-\/Gehweg einengen.\" width=\"470\" height=\"177\" class=\"size-large wp-image-170972\" srcset=\"https:\/\/www.andreas-edler.de\/blog\/wp-content\/uploads\/2023\/11\/2023-11-02-17.20.41-470x177.jpg 470w, https:\/\/www.andreas-edler.de\/blog\/wp-content\/uploads\/2023\/11\/2023-11-02-17.20.41-250x94.jpg 250w, https:\/\/www.andreas-edler.de\/blog\/wp-content\/uploads\/2023\/11\/2023-11-02-17.20.41-768x289.jpg 768w, https:\/\/www.andreas-edler.de\/blog\/wp-content\/uploads\/2023\/11\/2023-11-02-17.20.41-100x38.jpg 100w, https:\/\/www.andreas-edler.de\/blog\/wp-content\/uploads\/2023\/11\/2023-11-02-17.20.41-150x56.jpg 150w, https:\/\/www.andreas-edler.de\/blog\/wp-content\/uploads\/2023\/11\/2023-11-02-17.20.41-200x75.jpg 200w, https:\/\/www.andreas-edler.de\/blog\/wp-content\/uploads\/2023\/11\/2023-11-02-17.20.41-300x113.jpg 300w, https:\/\/www.andreas-edler.de\/blog\/wp-content\/uploads\/2023\/11\/2023-11-02-17.20.41-450x169.jpg 450w, https:\/\/www.andreas-edler.de\/blog\/wp-content\/uploads\/2023\/11\/2023-11-02-17.20.41-600x225.jpg 600w, https:\/\/www.andreas-edler.de\/blog\/wp-content\/uploads\/2023\/11\/2023-11-02-17.20.41-900x338.jpg 900w, https:\/\/www.andreas-edler.de\/blog\/wp-content\/uploads\/2023\/11\/2023-11-02-17.20.41.jpg 1280w\" sizes=\"auto, (max-width: 470px) 100vw, 470px\" \/><\/a><figcaption id=\"caption-attachment-170972\" class=\"wp-caption-text\">Nat\u00fcrlich steht das Schild an der Steinstra\u00dfe auch auf dem Radweg.<\/figcaption><\/figure>\n<p>Die Meldung habe ich erst Donnerstagabend erfasst. Also erst ein Werktag Zeit zum Freischalten. Das ist im gr\u00fcnen Bereich. Ich habe aber den Eindruck, als wolle man seitens der Verwaltung Bad Oeynhausen solche Meldungen nicht auf der M\u00e4ngelseite ver\u00f6ffentlicht sehen. Anders kann ich mir die langen Zeiten nicht erkl\u00e4ren. Ich hatte Meldungen, die waren nach 30 Minuten freigeschaltet und kurz darauf gel\u00f6st und die doofe Werkzeugstation ist <a href=\"https:\/\/www.andreas-edler.de\/blog\/2023\/09\/fahrradreparaturstation-an-der-rehmer-insel-mit-reparaturstau\/\" rel=\"noopener\" target=\"_blank\">\u00fcber einen Monat nicht sichtbar<\/a>!<\/p>\n","protected":false},"excerpt":{"rendered":"<p>Vor zwei Wochen habe ich ein auf einem benutzungspflichtigen Radweg aufgestelltes Umleitungsschild per M\u00e4ngelmelder der Stadt Bad Oeynhausen gemeldet. Am Donnerstag (oder Freitag) stand das Schild nat\u00fcrlich immer noch an der gleichen Stelle auf dem Radweg und die Meldung im &hellip;<\/p>\n<p class=\"read-more\"> <a class=\"more-link\" href=\"https:\/\/www.andreas-edler.de\/blog\/2023\/11\/und-noch-ein-umleitungsschild-auf-dem-radweg\/\"> <span class=\"screen-reader-text\">Und noch ein Umleitungsschild auf dem Radweg.<\/span> Weiterlesen &raquo;<\/a><\/p>\n","protected":false},"author":1,"featured_media":0,"comment_status":"open","ping_status":"open","sticky":false,"template":"","format":"standard","meta":{"ngg_post_thumbnail":0,"activitypub_content_warning":"","activitypub_content_visibility":"","activitypub_max_image_attachments":2,"activitypub_interaction_policy_quote":"anyone","activitypub_status":"","footnotes":""},"categories":[14,13],"tags":[460,207,414,474,33,76,341,260,72],"class_list":["post-170969","post","type-post","status-publish","format-standard","hentry","category-bad-oeynhausen","category-verkehr","tag-koenigstrasse","tag-radweg","tag-runter-vom-radweg","tag-schulweg","tag-service","tag-sicherheit","tag-steinstrasse","tag-stvo","tag-verwaltung"],"share_on_mastodon":{"url":"https:\/\/social.tchncs.de\/@filmfacts\/111358682776617588","error":""},"_links":{"self":[{"href":"https:\/\/www.andreas-edler.de\/blog\/wp-json\/wp\/v2\/posts\/170969","targetHints":{"allow":["GET"]}}],"collection":[{"href":"https:\/\/www.andreas-edler.de\/blog\/wp-json\/wp\/v2\/posts"}],"about":[{"href":"https:\/\/www.andreas-edler.de\/blog\/wp-json\/wp\/v2\/types\/post"}],"author":[{"embeddable":true,"href":"https:\/\/www.andreas-edler.de\/blog\/wp-json\/wp\/v2\/users\/1"}],"replies":[{"embeddable":true,"href":"https:\/\/www.andreas-edler.de\/blog\/wp-json\/wp\/v2\/comments?post=170969"}],"version-history":[{"count":0,"href":"https:\/\/www.andreas-edler.de\/blog\/wp-json\/wp\/v2\/posts\/170969\/revisions"}],"wp:attachment":[{"href":"https:\/\/www.andreas-edler.de\/blog\/wp-json\/wp\/v2\/media?parent=170969"}],"wp:term":[{"taxonomy":"category","embeddable":true,"href":"https:\/\/www.andreas-edler.de\/blog\/wp-json\/wp\/v2\/categories?post=170969"},{"taxonomy":"post_tag","embeddable":true,"href":"https:\/\/www.andreas-edler.de\/blog\/wp-json\/wp\/v2\/tags?post=170969"}],"curies":[{"name":"wp","href":"https:\/\/api.w.org\/{rel}","templated":true}]}}