{"id":170940,"date":"2023-11-01T14:11:31","date_gmt":"2023-11-01T13:11:31","guid":{"rendered":"https:\/\/www.andreas-edler.de\/blog\/?p=170940"},"modified":"2023-11-01T14:11:31","modified_gmt":"2023-11-01T13:11:31","slug":"vorbereitungen-fuer-die-waermepumpe","status":"publish","type":"post","link":"https:\/\/www.andreas-edler.de\/blog\/2023\/11\/vorbereitungen-fuer-die-waermepumpe\/","title":{"rendered":"Vorbereitungen f\u00fcr die W\u00e4rmepumpe"},"content":{"rendered":"<p>Es hat nur 21 Jahre gedauert, bis die gro\u00dfe Hortensie neben unserem kleinen Holzweg entlang des Rasens den Platz wechseln musste. Mir hat das ausufernde Ding an der Stelle noch nie gefallen.<\/p>\n<figure id=\"attachment_170941\" aria-describedby=\"caption-attachment-170941\" style=\"width: 470px\" class=\"wp-caption aligncenter\"><a href=\"https:\/\/www.andreas-edler.de\/blog\/wp-content\/uploads\/2023\/11\/2023-11-01-13.41.59.jpg\"><img loading=\"lazy\" decoding=\"async\" src=\"https:\/\/www.andreas-edler.de\/blog\/wp-content\/uploads\/2023\/11\/2023-11-01-13.41.59-470x202.jpg\" alt=\"Ein kleiner Weg aus Holz neben einem Kellereingang. Rechts des Weges ist Rasenfl\u00e4che, links ein Lichtschacht zu einem Keller und davor blo\u00df gelegte Erde.\" width=\"470\" height=\"202\" class=\"size-large wp-image-170941\" srcset=\"https:\/\/www.andreas-edler.de\/blog\/wp-content\/uploads\/2023\/11\/2023-11-01-13.41.59-470x202.jpg 470w, https:\/\/www.andreas-edler.de\/blog\/wp-content\/uploads\/2023\/11\/2023-11-01-13.41.59-250x108.jpg 250w, https:\/\/www.andreas-edler.de\/blog\/wp-content\/uploads\/2023\/11\/2023-11-01-13.41.59-768x331.jpg 768w, https:\/\/www.andreas-edler.de\/blog\/wp-content\/uploads\/2023\/11\/2023-11-01-13.41.59-100x43.jpg 100w, https:\/\/www.andreas-edler.de\/blog\/wp-content\/uploads\/2023\/11\/2023-11-01-13.41.59-150x65.jpg 150w, https:\/\/www.andreas-edler.de\/blog\/wp-content\/uploads\/2023\/11\/2023-11-01-13.41.59-200x86.jpg 200w, https:\/\/www.andreas-edler.de\/blog\/wp-content\/uploads\/2023\/11\/2023-11-01-13.41.59-300x129.jpg 300w, https:\/\/www.andreas-edler.de\/blog\/wp-content\/uploads\/2023\/11\/2023-11-01-13.41.59-450x194.jpg 450w, https:\/\/www.andreas-edler.de\/blog\/wp-content\/uploads\/2023\/11\/2023-11-01-13.41.59-600x258.jpg 600w, https:\/\/www.andreas-edler.de\/blog\/wp-content\/uploads\/2023\/11\/2023-11-01-13.41.59-900x387.jpg 900w, https:\/\/www.andreas-edler.de\/blog\/wp-content\/uploads\/2023\/11\/2023-11-01-13.41.59.jpg 1280w\" sizes=\"auto, (max-width: 470px) 100vw, 470px\" \/><\/a><figcaption id=\"caption-attachment-170941\" class=\"wp-caption-text\">Da stand mal eine Hortensie.<\/figcaption><\/figure>\n<p>Die Blume hat st\u00e4ndig Bl\u00fctenbl\u00e4ter und Bl\u00e4tter auf das Holz geworfen, man konnte nicht davor her gehen ohne auf den Rasen zu treten, weil sie so weit ausgeladen hat und grunds\u00e4tzlich finde ich die auch nicht \u00fcberm\u00e4\u00dfig h\u00fcbsch. Aber die Frau war begeistert. Nun kommt n\u00e4chste Woche unsere W\u00e4rmepumpe und das Ding muss ja irgendwo hin. Ungl\u00fccklicherweise f\u00fcr die Blume ist deren Platz derjenige, welcher die k\u00fcrzestm\u00f6glichen Anschlusswege in den Keller hat.<\/p>\n<p>Haben wir das Ding heute vormittag also ausgebuddelt und an eine andere Stelle verpflanzt. Die Hoffnung ist, dass sie im Fr\u00fchjahr dort auch Wurzeln schl\u00e4gt. Schaun wir mal.<\/p>\n","protected":false},"excerpt":{"rendered":"<p>Es hat nur 21 Jahre gedauert, bis die gro\u00dfe Hortensie neben unserem kleinen Holzweg entlang des Rasens den Platz wechseln musste. Mir hat das ausufernde Ding an der Stelle noch nie gefallen. Die Blume hat st\u00e4ndig Bl\u00fctenbl\u00e4ter und Bl\u00e4tter auf &hellip;<\/p>\n<p class=\"read-more\"> <a class=\"more-link\" href=\"https:\/\/www.andreas-edler.de\/blog\/2023\/11\/vorbereitungen-fuer-die-waermepumpe\/\"> <span class=\"screen-reader-text\">Vorbereitungen f\u00fcr die W\u00e4rmepumpe<\/span> Weiterlesen &raquo;<\/a><\/p>\n","protected":false},"author":1,"featured_media":0,"comment_status":"open","ping_status":"open","sticky":false,"template":"","format":"standard","meta":{"ngg_post_thumbnail":0,"activitypub_content_warning":"","activitypub_content_visibility":"","activitypub_max_image_attachments":2,"activitypub_interaction_policy_quote":"anyone","activitypub_status":"","footnotes":""},"categories":[1],"tags":[362,114,532,573,31,38,566],"class_list":["post-170940","post","type-post","status-publish","format-standard","hentry","category-allgemein","tag-doergen","tag-energie-sparen","tag-energiewende","tag-erneuerbare-energie","tag-garten","tag-haus","tag-waermepumpe"],"share_on_mastodon":{"url":"","error":""},"_links":{"self":[{"href":"https:\/\/www.andreas-edler.de\/blog\/wp-json\/wp\/v2\/posts\/170940","targetHints":{"allow":["GET"]}}],"collection":[{"href":"https:\/\/www.andreas-edler.de\/blog\/wp-json\/wp\/v2\/posts"}],"about":[{"href":"https:\/\/www.andreas-edler.de\/blog\/wp-json\/wp\/v2\/types\/post"}],"author":[{"embeddable":true,"href":"https:\/\/www.andreas-edler.de\/blog\/wp-json\/wp\/v2\/users\/1"}],"replies":[{"embeddable":true,"href":"https:\/\/www.andreas-edler.de\/blog\/wp-json\/wp\/v2\/comments?post=170940"}],"version-history":[{"count":0,"href":"https:\/\/www.andreas-edler.de\/blog\/wp-json\/wp\/v2\/posts\/170940\/revisions"}],"wp:attachment":[{"href":"https:\/\/www.andreas-edler.de\/blog\/wp-json\/wp\/v2\/media?parent=170940"}],"wp:term":[{"taxonomy":"category","embeddable":true,"href":"https:\/\/www.andreas-edler.de\/blog\/wp-json\/wp\/v2\/categories?post=170940"},{"taxonomy":"post_tag","embeddable":true,"href":"https:\/\/www.andreas-edler.de\/blog\/wp-json\/wp\/v2\/tags?post=170940"}],"curies":[{"name":"wp","href":"https:\/\/api.w.org\/{rel}","templated":true}]}}