{"id":170924,"date":"2023-10-29T10:41:36","date_gmt":"2023-10-29T09:41:36","guid":{"rendered":"https:\/\/www.andreas-edler.de\/blog\/?p=170924"},"modified":"2023-10-29T10:41:36","modified_gmt":"2023-10-29T09:41:36","slug":"maengelmelder-der-stadt-bad-oeynhausen","status":"publish","type":"post","link":"https:\/\/www.andreas-edler.de\/blog\/2023\/10\/maengelmelder-der-stadt-bad-oeynhausen\/","title":{"rendered":"M\u00e4ngelmelder der Stadt Bad Oeynhausen"},"content":{"rendered":"<p><figure id=\"attachment_170925\" aria-describedby=\"caption-attachment-170925\" style=\"width: 129px\" class=\"wp-caption alignright\"><a href=\"https:\/\/www.andreas-edler.de\/blog\/wp-content\/uploads\/2023\/10\/2023-10-28-13.03.59.png\"><img loading=\"lazy\" decoding=\"async\" src=\"https:\/\/www.andreas-edler.de\/blog\/wp-content\/uploads\/2023\/10\/2023-10-28-13.03.59-129x250.png\" alt=\"Listenansicht eines M\u00e4ngelmelders mit gemeldeten Eintr\u00e4gen in unterschiedlichen Bearbeitungsphasen. Einige \u00e4ltere sind noch nicht einmal freigegeben, w\u00e4hrend neuere teilweise schon erledigt sind.\" width=\"129\" height=\"250\" class=\"size-medium wp-image-170925\" srcset=\"https:\/\/www.andreas-edler.de\/blog\/wp-content\/uploads\/2023\/10\/2023-10-28-13.03.59-129x250.png 129w, https:\/\/www.andreas-edler.de\/blog\/wp-content\/uploads\/2023\/10\/2023-10-28-13.03.59-243x470.png 243w, https:\/\/www.andreas-edler.de\/blog\/wp-content\/uploads\/2023\/10\/2023-10-28-13.03.59-768x1484.png 768w, https:\/\/www.andreas-edler.de\/blog\/wp-content\/uploads\/2023\/10\/2023-10-28-13.03.59-795x1536.png 795w, https:\/\/www.andreas-edler.de\/blog\/wp-content\/uploads\/2023\/10\/2023-10-28-13.03.59-1060x2048.png 1060w, https:\/\/www.andreas-edler.de\/blog\/wp-content\/uploads\/2023\/10\/2023-10-28-13.03.59-100x193.png 100w, https:\/\/www.andreas-edler.de\/blog\/wp-content\/uploads\/2023\/10\/2023-10-28-13.03.59-150x290.png 150w, https:\/\/www.andreas-edler.de\/blog\/wp-content\/uploads\/2023\/10\/2023-10-28-13.03.59-200x386.png 200w, https:\/\/www.andreas-edler.de\/blog\/wp-content\/uploads\/2023\/10\/2023-10-28-13.03.59-300x580.png 300w, https:\/\/www.andreas-edler.de\/blog\/wp-content\/uploads\/2023\/10\/2023-10-28-13.03.59-450x870.png 450w, https:\/\/www.andreas-edler.de\/blog\/wp-content\/uploads\/2023\/10\/2023-10-28-13.03.59-600x1159.png 600w, https:\/\/www.andreas-edler.de\/blog\/wp-content\/uploads\/2023\/10\/2023-10-28-13.03.59-900x1739.png 900w, https:\/\/www.andreas-edler.de\/blog\/wp-content\/uploads\/2023\/10\/2023-10-28-13.03.59.png 1080w\" sizes=\"auto, (max-width: 129px) 100vw, 129px\" \/><\/a><figcaption id=\"caption-attachment-170925\" class=\"wp-caption-text\">Ansicht des M\u00e4ngelmelders<\/figcaption><\/figure> Vor \u00fcber einem Monat <a href=\"https:\/\/www.badoeynhausen.de\/rathaus-service-politik\/aktuelles\/mitteilungen\/details?tx_news_pi1%5Baction%5D=detail&#038;tx_news_pi1%5Bcontroller%5D=News&#038;tx_news_pi1%5Bnews%5D=218&#038;cHash=2b0980bc8626e30988bc43c0bd72cbdf\" rel=\"noopener\" target=\"_blank\">startete der M\u00e4ngelmelder f\u00fcr Bad Oeynhausen<\/a>. Den <a href=\"https:\/\/badoeynhausen.maengelmelder.de\/\" rel=\"noopener\" target=\"_blank\">M\u00e4ngelmelder kann man per Webseite<\/a> auf der man sich registrieren kann oder App aufrufen. Wobei es in der App keine M\u00f6glichkeit zur Registrierung oder Anmeldung gibt und man daher auch die per App gemeldeten M\u00e4ngel leider nicht in &#8222;seiner&#8220; \u00dcbersicht auf der Webseite aufrufen kann. Per Webseite gemeldete M\u00e4ngel sind nach Anmeldung aufrufbar, in der App sind die M\u00e4ngel f\u00fcr sich gespeichert. Das finde ich schade und auch nicht erkl\u00e4rlich, weil ja hinter dem ganzen offensichtlich eine zentrale Datenbank steht.<\/p>\n<p>Wer welche M\u00e4ngel im &#8222;Konzern&#8220; Stadt Bad Oeynhausen annimmt, ist mir auch nicht klar. Die einzelnen Kategorien scheinen der Verwaltung und den Stadtwerken zugeordnet zu sein, wobei ich bei einer Meldung von der Verwaltung die Mitteilung bekam, sie h\u00e4tten die Meldung an die Stadtwerke weiter geleitet. Ob da also eine zentrale Verteilung erfolgt, oder Kategorien direkt an die Fachbereiche gehen, wei\u00df ich nicht.<\/p>\n<p>Auf jeden Fall sieht es so aus, als w\u00fcrden M\u00e4ngel nicht in jedem Fall freigeschaltet und somit auf der Karte sichtbar. Die defekte Werkzeugstation an der Rehmer Insel habe ich <a href=\"https:\/\/www.andreas-edler.de\/blog\/2023\/09\/fahrradreparaturstation-an-der-rehmer-insel-mit-reparaturstau\/\" rel=\"noopener\" target=\"_blank\">vor vier Wochen gemeldet<\/a> und der Mangel ist <a href=\"https:\/\/www.andreas-edler.de\/blog\/2023\/05\/werkzeugstation-an-der-rehmer-insel\/\" rel=\"noopener\" target=\"_blank\">zus\u00e4tzlich pers\u00f6nlich<\/a>, per Mail und sogar <a href=\"https:\/\/www.andreas-edler.de\/blog\/2023\/10\/hersteller-der-fahrradreparaturstation-nicht-bekannt\/\" rel=\"noopener\" target=\"_blank\">als Anfrage im Ausschuss<\/a> gemeldet worden. Auf der M\u00e4ngelkarte im Internet ist er nicht sichtbar und in der App ist der Status nicht freigeschaltet.<\/p>\n<p><figure id=\"attachment_170928\" aria-describedby=\"caption-attachment-170928\" style=\"width: 250px\" class=\"wp-caption alignright\"><a href=\"https:\/\/www.andreas-edler.de\/blog\/wp-content\/uploads\/2023\/10\/2023-10-23-16.50.05.jpg\"><img loading=\"lazy\" decoding=\"async\" src=\"https:\/\/www.andreas-edler.de\/blog\/wp-content\/uploads\/2023\/10\/2023-10-23-16.50.05-250x149.jpg\" alt=\"Die Einm\u00fcndnung eines Geh- und Radweges, welche mit einem &quot;Durchfahrt verboten in 400m&quot; und einem Umleitungsschild gekennzeichnet ist.\" width=\"250\" height=\"149\" class=\"size-medium wp-image-170928\" srcset=\"https:\/\/www.andreas-edler.de\/blog\/wp-content\/uploads\/2023\/10\/2023-10-23-16.50.05-250x149.jpg 250w, https:\/\/www.andreas-edler.de\/blog\/wp-content\/uploads\/2023\/10\/2023-10-23-16.50.05-470x280.jpg 470w, https:\/\/www.andreas-edler.de\/blog\/wp-content\/uploads\/2023\/10\/2023-10-23-16.50.05-768x458.jpg 768w, https:\/\/www.andreas-edler.de\/blog\/wp-content\/uploads\/2023\/10\/2023-10-23-16.50.05-1536x916.jpg 1536w, https:\/\/www.andreas-edler.de\/blog\/wp-content\/uploads\/2023\/10\/2023-10-23-16.50.05-2048x1222.jpg 2048w, https:\/\/www.andreas-edler.de\/blog\/wp-content\/uploads\/2023\/10\/2023-10-23-16.50.05-100x60.jpg 100w, https:\/\/www.andreas-edler.de\/blog\/wp-content\/uploads\/2023\/10\/2023-10-23-16.50.05-150x89.jpg 150w, https:\/\/www.andreas-edler.de\/blog\/wp-content\/uploads\/2023\/10\/2023-10-23-16.50.05-200x119.jpg 200w, https:\/\/www.andreas-edler.de\/blog\/wp-content\/uploads\/2023\/10\/2023-10-23-16.50.05-300x179.jpg 300w, https:\/\/www.andreas-edler.de\/blog\/wp-content\/uploads\/2023\/10\/2023-10-23-16.50.05-450x268.jpg 450w, https:\/\/www.andreas-edler.de\/blog\/wp-content\/uploads\/2023\/10\/2023-10-23-16.50.05-600x358.jpg 600w, https:\/\/www.andreas-edler.de\/blog\/wp-content\/uploads\/2023\/10\/2023-10-23-16.50.05-900x537.jpg 900w\" sizes=\"auto, (max-width: 250px) 100vw, 250px\" \/><\/a><figcaption id=\"caption-attachment-170928\" class=\"wp-caption-text\">Geh- und Radweg gegen\u00fcber &#8222;Auf den vier St\u00fccken&#8220;<\/figcaption><\/figure> Genauso ist es mit zwei Meldungen, die sich auf meiner Meinung nach falsche bzw. inzwischen \u00fcberfl\u00fcssige Verkehrszeichen beziehen. Weder das <a href=\"https:\/\/www.andreas-edler.de\/blog\/2023\/10\/umleitungsschild-wieder-mal-auf-radweg-aufgestellt\/\" rel=\"noopener\" target=\"_blank\">auf dem Radweg stehende Umleitungsschild<\/a> noch ein &#8222;Durchfahrt verboten&#8220; Zeichen (welches an der Stelle grunds\u00e4tzlich schon mal falsch ist &#8211; auch inhaltlich) gegen\u00fcber der Einm\u00fcndung &#8222;Auf den vier St\u00fccken&#8220; in die &#8222;Werster Stra\u00dfe&#8220; erscheinen auf der Karte. Selbst falls diese Meldungen nach Ansicht der Stadt nicht korrekt sind, sollten sie erscheinen und entsprechend kommentiert werden. Dann ist der Vorgang dokumentiert. Beide M\u00e4ngel sind schon mehrere Tage lang gemeldet.<\/p>\n<p>Dass es nicht daran liegen kann, dass der Zeitraum der Meldung zu kurz ist, sieht man den vor der Deutschen Bank geparkten Fahrr\u00e4der. Der Mangel wurde 30 Minuten nach Meldung angenommen, bearbeitet und kurz darauf auf &#8222;gel\u00f6st&#8220; gesetzt. Weil die R\u00e4der dort stehen bleiben sollen.<\/p>\n<p>Ich denke, ein gemeldeter Mangel sollte in jedem Fall sofort freigegeben werden. Danach kann er ja ebenso sofort kommentiert und im Fall der F\u00e4lle auch sofort geschlossen werden. Tagelang in einem unbearbeiteten Status bzw. nicht sichtbar ist unbefriedigend.<\/p>\n","protected":false},"excerpt":{"rendered":"<p>Vor \u00fcber einem Monat startete der M\u00e4ngelmelder f\u00fcr Bad Oeynhausen. Den M\u00e4ngelmelder kann man per Webseite auf der man sich registrieren kann oder App aufrufen. Wobei es in der App keine M\u00f6glichkeit zur Registrierung oder Anmeldung gibt und man daher &hellip;<\/p>\n<p class=\"read-more\"> <a class=\"more-link\" href=\"https:\/\/www.andreas-edler.de\/blog\/2023\/10\/maengelmelder-der-stadt-bad-oeynhausen\/\"> <span class=\"screen-reader-text\">M\u00e4ngelmelder der Stadt Bad Oeynhausen<\/span> Weiterlesen &raquo;<\/a><\/p>\n","protected":false},"author":1,"featured_media":0,"comment_status":"open","ping_status":"open","sticky":false,"template":"","format":"standard","meta":{"ngg_post_thumbnail":0,"activitypub_content_warning":"","activitypub_content_visibility":"","activitypub_max_image_attachments":2,"activitypub_interaction_policy_quote":"anyone","activitypub_status":"","footnotes":""},"categories":[14],"tags":[251,33,129,79,28,72],"class_list":["post-170924","post","type-post","status-publish","format-standard","hentry","category-bad-oeynhausen","tag-infrastruktur","tag-service","tag-software","tag-stadtwerke","tag-test","tag-verwaltung"],"share_on_mastodon":{"url":"https:\/\/social.tchncs.de\/@filmfacts\/111317647691594482","error":""},"_links":{"self":[{"href":"https:\/\/www.andreas-edler.de\/blog\/wp-json\/wp\/v2\/posts\/170924","targetHints":{"allow":["GET"]}}],"collection":[{"href":"https:\/\/www.andreas-edler.de\/blog\/wp-json\/wp\/v2\/posts"}],"about":[{"href":"https:\/\/www.andreas-edler.de\/blog\/wp-json\/wp\/v2\/types\/post"}],"author":[{"embeddable":true,"href":"https:\/\/www.andreas-edler.de\/blog\/wp-json\/wp\/v2\/users\/1"}],"replies":[{"embeddable":true,"href":"https:\/\/www.andreas-edler.de\/blog\/wp-json\/wp\/v2\/comments?post=170924"}],"version-history":[{"count":0,"href":"https:\/\/www.andreas-edler.de\/blog\/wp-json\/wp\/v2\/posts\/170924\/revisions"}],"wp:attachment":[{"href":"https:\/\/www.andreas-edler.de\/blog\/wp-json\/wp\/v2\/media?parent=170924"}],"wp:term":[{"taxonomy":"category","embeddable":true,"href":"https:\/\/www.andreas-edler.de\/blog\/wp-json\/wp\/v2\/categories?post=170924"},{"taxonomy":"post_tag","embeddable":true,"href":"https:\/\/www.andreas-edler.de\/blog\/wp-json\/wp\/v2\/tags?post=170924"}],"curies":[{"name":"wp","href":"https:\/\/api.w.org\/{rel}","templated":true}]}}