{"id":170906,"date":"2023-10-28T12:47:05","date_gmt":"2023-10-28T10:47:05","guid":{"rendered":"https:\/\/www.andreas-edler.de\/blog\/?p=170906"},"modified":"2023-10-28T12:47:05","modified_gmt":"2023-10-28T10:47:05","slug":"sicherer-schulweg-in-bad-oeynhausen","status":"publish","type":"post","link":"https:\/\/www.andreas-edler.de\/blog\/2023\/10\/sicherer-schulweg-in-bad-oeynhausen\/","title":{"rendered":"sicherer Schulweg in Bad Oeynhausen"},"content":{"rendered":"<p>Manchmal, besonders wenn es morgens dunkel ist, begleiten wir den J\u00fcngsten auf dem Fahrrad noch zur Grundschule. Das ist in Eidinghausen entlang der Hahnenkampstra\u00dfe und dem Alten Postweg besonders an den Einm\u00fcndungen schon ziemlich kribbelig. Da wird trotz 30-Zone alles andere als <strong>h\u00f6chstens<\/strong> 30 Km\/h gefahren. Und an den Einm\u00fcndungen auch nicht unbedingt die Vorfahrt gew\u00e4hrt.<\/p>\n<figure id=\"attachment_170907\" aria-describedby=\"caption-attachment-170907\" style=\"width: 470px\" class=\"wp-caption aligncenter\"><a href=\"https:\/\/www.andreas-edler.de\/blog\/wp-content\/uploads\/2023\/10\/2023-10-27-alter_postweg_schulwegsicherung_01.jpg\"><img loading=\"lazy\" decoding=\"async\" src=\"https:\/\/www.andreas-edler.de\/blog\/wp-content\/uploads\/2023\/10\/2023-10-27-alter_postweg_schulwegsicherung_01-470x264.jpg\" alt=\"\" width=\"470\" height=\"264\" class=\"size-large wp-image-170907\" srcset=\"https:\/\/www.andreas-edler.de\/blog\/wp-content\/uploads\/2023\/10\/2023-10-27-alter_postweg_schulwegsicherung_01-470x264.jpg 470w, https:\/\/www.andreas-edler.de\/blog\/wp-content\/uploads\/2023\/10\/2023-10-27-alter_postweg_schulwegsicherung_01-250x141.jpg 250w, https:\/\/www.andreas-edler.de\/blog\/wp-content\/uploads\/2023\/10\/2023-10-27-alter_postweg_schulwegsicherung_01-768x432.jpg 768w, https:\/\/www.andreas-edler.de\/blog\/wp-content\/uploads\/2023\/10\/2023-10-27-alter_postweg_schulwegsicherung_01-1536x864.jpg 1536w, https:\/\/www.andreas-edler.de\/blog\/wp-content\/uploads\/2023\/10\/2023-10-27-alter_postweg_schulwegsicherung_01-100x56.jpg 100w, https:\/\/www.andreas-edler.de\/blog\/wp-content\/uploads\/2023\/10\/2023-10-27-alter_postweg_schulwegsicherung_01-150x84.jpg 150w, https:\/\/www.andreas-edler.de\/blog\/wp-content\/uploads\/2023\/10\/2023-10-27-alter_postweg_schulwegsicherung_01-200x113.jpg 200w, https:\/\/www.andreas-edler.de\/blog\/wp-content\/uploads\/2023\/10\/2023-10-27-alter_postweg_schulwegsicherung_01-300x169.jpg 300w, https:\/\/www.andreas-edler.de\/blog\/wp-content\/uploads\/2023\/10\/2023-10-27-alter_postweg_schulwegsicherung_01-450x253.jpg 450w, https:\/\/www.andreas-edler.de\/blog\/wp-content\/uploads\/2023\/10\/2023-10-27-alter_postweg_schulwegsicherung_01-600x338.jpg 600w, https:\/\/www.andreas-edler.de\/blog\/wp-content\/uploads\/2023\/10\/2023-10-27-alter_postweg_schulwegsicherung_01-900x506.jpg 900w, https:\/\/www.andreas-edler.de\/blog\/wp-content\/uploads\/2023\/10\/2023-10-27-alter_postweg_schulwegsicherung_01.jpg 1920w\" sizes=\"auto, (max-width: 470px) 100vw, 470px\" \/><\/a><figcaption id=\"caption-attachment-170907\" class=\"wp-caption-text\">M\u00fclltonnen auf dem Geh- und Radweg am Alten Postweg &#8211; Nr. 1<\/figcaption><\/figure>\n<figure id=\"attachment_170908\" aria-describedby=\"caption-attachment-170908\" style=\"width: 470px\" class=\"wp-caption aligncenter\"><a href=\"https:\/\/www.andreas-edler.de\/blog\/wp-content\/uploads\/2023\/10\/2023-10-27-alter_postweg_schulwegsicherung_02.jpg\"><img loading=\"lazy\" decoding=\"async\" src=\"https:\/\/www.andreas-edler.de\/blog\/wp-content\/uploads\/2023\/10\/2023-10-27-alter_postweg_schulwegsicherung_02-470x264.jpg\" alt=\"\" width=\"470\" height=\"264\" class=\"size-large wp-image-170908\" srcset=\"https:\/\/www.andreas-edler.de\/blog\/wp-content\/uploads\/2023\/10\/2023-10-27-alter_postweg_schulwegsicherung_02-470x264.jpg 470w, https:\/\/www.andreas-edler.de\/blog\/wp-content\/uploads\/2023\/10\/2023-10-27-alter_postweg_schulwegsicherung_02-250x141.jpg 250w, https:\/\/www.andreas-edler.de\/blog\/wp-content\/uploads\/2023\/10\/2023-10-27-alter_postweg_schulwegsicherung_02-768x432.jpg 768w, https:\/\/www.andreas-edler.de\/blog\/wp-content\/uploads\/2023\/10\/2023-10-27-alter_postweg_schulwegsicherung_02-1536x864.jpg 1536w, https:\/\/www.andreas-edler.de\/blog\/wp-content\/uploads\/2023\/10\/2023-10-27-alter_postweg_schulwegsicherung_02-100x56.jpg 100w, https:\/\/www.andreas-edler.de\/blog\/wp-content\/uploads\/2023\/10\/2023-10-27-alter_postweg_schulwegsicherung_02-150x84.jpg 150w, https:\/\/www.andreas-edler.de\/blog\/wp-content\/uploads\/2023\/10\/2023-10-27-alter_postweg_schulwegsicherung_02-200x113.jpg 200w, https:\/\/www.andreas-edler.de\/blog\/wp-content\/uploads\/2023\/10\/2023-10-27-alter_postweg_schulwegsicherung_02-300x169.jpg 300w, https:\/\/www.andreas-edler.de\/blog\/wp-content\/uploads\/2023\/10\/2023-10-27-alter_postweg_schulwegsicherung_02-450x253.jpg 450w, https:\/\/www.andreas-edler.de\/blog\/wp-content\/uploads\/2023\/10\/2023-10-27-alter_postweg_schulwegsicherung_02-600x338.jpg 600w, https:\/\/www.andreas-edler.de\/blog\/wp-content\/uploads\/2023\/10\/2023-10-27-alter_postweg_schulwegsicherung_02-900x506.jpg 900w, https:\/\/www.andreas-edler.de\/blog\/wp-content\/uploads\/2023\/10\/2023-10-27-alter_postweg_schulwegsicherung_02.jpg 1920w\" sizes=\"auto, (max-width: 470px) 100vw, 470px\" \/><\/a><figcaption id=\"caption-attachment-170908\" class=\"wp-caption-text\">M\u00fclltonnen auf dem Geh- und Radweg am Alten Postweg &#8211; Nr. 2<\/figcaption><\/figure>\n<figure id=\"attachment_170909\" aria-describedby=\"caption-attachment-170909\" style=\"width: 470px\" class=\"wp-caption aligncenter\"><a href=\"https:\/\/www.andreas-edler.de\/blog\/wp-content\/uploads\/2023\/10\/2023-10-27-alter_postweg_schulwegsicherung_03.jpg\"><img loading=\"lazy\" decoding=\"async\" src=\"https:\/\/www.andreas-edler.de\/blog\/wp-content\/uploads\/2023\/10\/2023-10-27-alter_postweg_schulwegsicherung_03-470x264.jpg\" alt=\"\" width=\"470\" height=\"264\" class=\"size-large wp-image-170909\" srcset=\"https:\/\/www.andreas-edler.de\/blog\/wp-content\/uploads\/2023\/10\/2023-10-27-alter_postweg_schulwegsicherung_03-470x264.jpg 470w, https:\/\/www.andreas-edler.de\/blog\/wp-content\/uploads\/2023\/10\/2023-10-27-alter_postweg_schulwegsicherung_03-250x141.jpg 250w, https:\/\/www.andreas-edler.de\/blog\/wp-content\/uploads\/2023\/10\/2023-10-27-alter_postweg_schulwegsicherung_03-768x432.jpg 768w, https:\/\/www.andreas-edler.de\/blog\/wp-content\/uploads\/2023\/10\/2023-10-27-alter_postweg_schulwegsicherung_03-1536x864.jpg 1536w, https:\/\/www.andreas-edler.de\/blog\/wp-content\/uploads\/2023\/10\/2023-10-27-alter_postweg_schulwegsicherung_03-100x56.jpg 100w, https:\/\/www.andreas-edler.de\/blog\/wp-content\/uploads\/2023\/10\/2023-10-27-alter_postweg_schulwegsicherung_03-150x84.jpg 150w, https:\/\/www.andreas-edler.de\/blog\/wp-content\/uploads\/2023\/10\/2023-10-27-alter_postweg_schulwegsicherung_03-200x113.jpg 200w, https:\/\/www.andreas-edler.de\/blog\/wp-content\/uploads\/2023\/10\/2023-10-27-alter_postweg_schulwegsicherung_03-300x169.jpg 300w, https:\/\/www.andreas-edler.de\/blog\/wp-content\/uploads\/2023\/10\/2023-10-27-alter_postweg_schulwegsicherung_03-450x253.jpg 450w, https:\/\/www.andreas-edler.de\/blog\/wp-content\/uploads\/2023\/10\/2023-10-27-alter_postweg_schulwegsicherung_03-600x338.jpg 600w, https:\/\/www.andreas-edler.de\/blog\/wp-content\/uploads\/2023\/10\/2023-10-27-alter_postweg_schulwegsicherung_03-900x506.jpg 900w, https:\/\/www.andreas-edler.de\/blog\/wp-content\/uploads\/2023\/10\/2023-10-27-alter_postweg_schulwegsicherung_03.jpg 1920w\" sizes=\"auto, (max-width: 470px) 100vw, 470px\" \/><\/a><figcaption id=\"caption-attachment-170909\" class=\"wp-caption-text\">M\u00fclltonnen auf dem Geh- und Radweg am Alten Postweg &#8211; Nr. 3<\/figcaption><\/figure>\n<figure id=\"attachment_170910\" aria-describedby=\"caption-attachment-170910\" style=\"width: 470px\" class=\"wp-caption aligncenter\"><a href=\"https:\/\/www.andreas-edler.de\/blog\/wp-content\/uploads\/2023\/10\/2023-10-27-alter_postweg_schulwegsicherung_04.jpg\"><img loading=\"lazy\" decoding=\"async\" src=\"https:\/\/www.andreas-edler.de\/blog\/wp-content\/uploads\/2023\/10\/2023-10-27-alter_postweg_schulwegsicherung_04-470x264.jpg\" alt=\"\" width=\"470\" height=\"264\" class=\"size-large wp-image-170910\" srcset=\"https:\/\/www.andreas-edler.de\/blog\/wp-content\/uploads\/2023\/10\/2023-10-27-alter_postweg_schulwegsicherung_04-470x264.jpg 470w, https:\/\/www.andreas-edler.de\/blog\/wp-content\/uploads\/2023\/10\/2023-10-27-alter_postweg_schulwegsicherung_04-250x141.jpg 250w, https:\/\/www.andreas-edler.de\/blog\/wp-content\/uploads\/2023\/10\/2023-10-27-alter_postweg_schulwegsicherung_04-768x432.jpg 768w, https:\/\/www.andreas-edler.de\/blog\/wp-content\/uploads\/2023\/10\/2023-10-27-alter_postweg_schulwegsicherung_04-1536x864.jpg 1536w, https:\/\/www.andreas-edler.de\/blog\/wp-content\/uploads\/2023\/10\/2023-10-27-alter_postweg_schulwegsicherung_04-100x56.jpg 100w, https:\/\/www.andreas-edler.de\/blog\/wp-content\/uploads\/2023\/10\/2023-10-27-alter_postweg_schulwegsicherung_04-150x84.jpg 150w, https:\/\/www.andreas-edler.de\/blog\/wp-content\/uploads\/2023\/10\/2023-10-27-alter_postweg_schulwegsicherung_04-200x113.jpg 200w, https:\/\/www.andreas-edler.de\/blog\/wp-content\/uploads\/2023\/10\/2023-10-27-alter_postweg_schulwegsicherung_04-300x169.jpg 300w, https:\/\/www.andreas-edler.de\/blog\/wp-content\/uploads\/2023\/10\/2023-10-27-alter_postweg_schulwegsicherung_04-450x253.jpg 450w, https:\/\/www.andreas-edler.de\/blog\/wp-content\/uploads\/2023\/10\/2023-10-27-alter_postweg_schulwegsicherung_04-600x338.jpg 600w, https:\/\/www.andreas-edler.de\/blog\/wp-content\/uploads\/2023\/10\/2023-10-27-alter_postweg_schulwegsicherung_04-900x506.jpg 900w, https:\/\/www.andreas-edler.de\/blog\/wp-content\/uploads\/2023\/10\/2023-10-27-alter_postweg_schulwegsicherung_04.jpg 1920w\" sizes=\"auto, (max-width: 470px) 100vw, 470px\" \/><\/a><figcaption id=\"caption-attachment-170910\" class=\"wp-caption-text\">M\u00fclltonnen auf dem Geh- und Radweg am Alten Postweg &#8211; Nr. 4<\/figcaption><\/figure>\n<p>Zudem stehen dort auf dem in beide Richtungen f\u00fcr den Raadverkehr freigegebenen Gehweg auch reichlich M\u00fclltonnen herum. Nicht am Rand, sondern mitten auf dem Weg, so dass auch wirklich der minimal m\u00f6gliche Platz f\u00fcr den Fu\u00df- und Radverkehr erreicht wird. Das sind Dinge, die man vielleicht seitens der Stadt an PreZero weiter geben sollte. Man k\u00f6nnte, wenn man wollte. Ja, dauert l\u00e4nger, ist etwas aufw\u00e4ndiger. Man kann nat\u00fcrllich auch so r\u00fccksichts- und gedankenlos handeln, wie es aktuell passiert. Und man kann auch einfach dabei zu schauen und auf Hinweise nicht reagieren.<\/p>\n<figure id=\"attachment_170911\" aria-describedby=\"caption-attachment-170911\" style=\"width: 470px\" class=\"wp-caption aligncenter\"><a href=\"https:\/\/www.andreas-edler.de\/blog\/wp-content\/uploads\/2023\/10\/2023-10-27-eidinghausener_schulwegsicherung_01.jpg\"><img loading=\"lazy\" decoding=\"async\" src=\"https:\/\/www.andreas-edler.de\/blog\/wp-content\/uploads\/2023\/10\/2023-10-27-eidinghausener_schulwegsicherung_01-470x264.jpg\" alt=\"\" width=\"470\" height=\"264\" class=\"size-large wp-image-170911\" srcset=\"https:\/\/www.andreas-edler.de\/blog\/wp-content\/uploads\/2023\/10\/2023-10-27-eidinghausener_schulwegsicherung_01-470x264.jpg 470w, https:\/\/www.andreas-edler.de\/blog\/wp-content\/uploads\/2023\/10\/2023-10-27-eidinghausener_schulwegsicherung_01-250x141.jpg 250w, https:\/\/www.andreas-edler.de\/blog\/wp-content\/uploads\/2023\/10\/2023-10-27-eidinghausener_schulwegsicherung_01-768x432.jpg 768w, https:\/\/www.andreas-edler.de\/blog\/wp-content\/uploads\/2023\/10\/2023-10-27-eidinghausener_schulwegsicherung_01-1536x864.jpg 1536w, https:\/\/www.andreas-edler.de\/blog\/wp-content\/uploads\/2023\/10\/2023-10-27-eidinghausener_schulwegsicherung_01-100x56.jpg 100w, https:\/\/www.andreas-edler.de\/blog\/wp-content\/uploads\/2023\/10\/2023-10-27-eidinghausener_schulwegsicherung_01-150x84.jpg 150w, https:\/\/www.andreas-edler.de\/blog\/wp-content\/uploads\/2023\/10\/2023-10-27-eidinghausener_schulwegsicherung_01-200x113.jpg 200w, https:\/\/www.andreas-edler.de\/blog\/wp-content\/uploads\/2023\/10\/2023-10-27-eidinghausener_schulwegsicherung_01-300x169.jpg 300w, https:\/\/www.andreas-edler.de\/blog\/wp-content\/uploads\/2023\/10\/2023-10-27-eidinghausener_schulwegsicherung_01-450x253.jpg 450w, https:\/\/www.andreas-edler.de\/blog\/wp-content\/uploads\/2023\/10\/2023-10-27-eidinghausener_schulwegsicherung_01-600x338.jpg 600w, https:\/\/www.andreas-edler.de\/blog\/wp-content\/uploads\/2023\/10\/2023-10-27-eidinghausener_schulwegsicherung_01-900x506.jpg 900w, https:\/\/www.andreas-edler.de\/blog\/wp-content\/uploads\/2023\/10\/2023-10-27-eidinghausener_schulwegsicherung_01.jpg 1920w\" sizes=\"auto, (max-width: 470px) 100vw, 470px\" \/><\/a><figcaption id=\"caption-attachment-170911\" class=\"wp-caption-text\">M\u00fclltonnen auf dem Geh- und Radweg am Eidinghausener Stra\u00dfe<\/figcaption><\/figure>\n<p>Nat\u00fcrlich ist das auf dem Gehweg an der Eidinghausener Stra\u00dfe nicht anders. Ja, der Weg ist in die Richtung gar nicht freigegeben. Aber leider steht die Bettelampel f\u00fcr die Querung der Eidinghausener Stra\u00dfe auf der &#8222;verkehrten&#8220; Seite der Kreuzung. Die dutzende Kinder, die dort jeden Morgen zur Grundschule fahren und gehen k\u00f6nnen quasi gar nicht anders. Korrekterweise m\u00fcssten die 10 Meter geschoben werden. Ich habe unserem daher auch den Weg oben an der Kirchbreite erkl\u00e4rt, den man aktuell aufgrund der Bauarbeiten nicht nutzen kann. Und die Verwaltung tut ja so gut wie nichts, um den Fu\u00df- und Radverkehr um die Schule sicherer zu machen.<\/p>\n<p>Das f\u00fchrte auch dazu, dass ich im Ausschuss f\u00fcr Stadtentwicklung mal wieder nach der Situation an der Grundschule Eidinghausen fragte und dabei auch explizit <a href=\"https:\/\/www.andreas-edler.de\/blog\/2023\/10\/parkplaetze-an-der-grundschule-eidinghausen\/\" rel=\"noopener\" target=\"_blank\">die Vorgehensweise in der Zukunft beim Neubau<\/a> ansprach.<\/p>\n<p><cite>ASE vom 19.10.2023: <strong><a href=\"https:\/\/www.sitzungsdienst-bad-oeynhausen.de\/bi\/to020.asp?TOLFDNR=25279\" target=\"_new\" rel=\"noopener\">Bekanntgaben und Anfragen<\/a><\/strong><br \/>\n<strong>19.4 RH Edler:<\/strong> weist darauf hin, dass es an der Grundschule Eidinghausen zu Schulbeginn und Schulende erneut zu katastrophalen Zust\u00e4nden durch parkende Pkw\u00b4s kommt.<br \/>\nAuch teilt er mit, dass die Fahrradst\u00e4nder am Neubau direkt an der neuen Rue de Fismes angeordnet sind und dieses zu Problemen f\u00fchren kann und Zweifel daran bestehen, dass die Kinder sicher zur Schule gelangen. K\u00f6nnten evtl. Poller angebracht werden?<br \/>\n<strong>TB:<\/strong> Der Bereich 66 setzt sich mit dem Bereich 65 (Hochbau) in Verbindung und anschlie\u00dfend wird das Ergebnis mitgeteilt.<\/cite><\/p>\n<figure id=\"attachment_170913\" aria-describedby=\"caption-attachment-170913\" style=\"width: 470px\" class=\"wp-caption aligncenter\"><a href=\"https:\/\/www.andreas-edler.de\/blog\/wp-content\/uploads\/2023\/10\/2023-10-27-apostelweg_schulwegsicherung_01.jpg\"><img loading=\"lazy\" decoding=\"async\" src=\"https:\/\/www.andreas-edler.de\/blog\/wp-content\/uploads\/2023\/10\/2023-10-27-apostelweg_schulwegsicherung_01-470x264.jpg\" alt=\"\" width=\"470\" height=\"264\" class=\"size-large wp-image-170913\" srcset=\"https:\/\/www.andreas-edler.de\/blog\/wp-content\/uploads\/2023\/10\/2023-10-27-apostelweg_schulwegsicherung_01-470x264.jpg 470w, https:\/\/www.andreas-edler.de\/blog\/wp-content\/uploads\/2023\/10\/2023-10-27-apostelweg_schulwegsicherung_01-250x141.jpg 250w, https:\/\/www.andreas-edler.de\/blog\/wp-content\/uploads\/2023\/10\/2023-10-27-apostelweg_schulwegsicherung_01-768x432.jpg 768w, https:\/\/www.andreas-edler.de\/blog\/wp-content\/uploads\/2023\/10\/2023-10-27-apostelweg_schulwegsicherung_01-1536x864.jpg 1536w, https:\/\/www.andreas-edler.de\/blog\/wp-content\/uploads\/2023\/10\/2023-10-27-apostelweg_schulwegsicherung_01-100x56.jpg 100w, https:\/\/www.andreas-edler.de\/blog\/wp-content\/uploads\/2023\/10\/2023-10-27-apostelweg_schulwegsicherung_01-150x84.jpg 150w, https:\/\/www.andreas-edler.de\/blog\/wp-content\/uploads\/2023\/10\/2023-10-27-apostelweg_schulwegsicherung_01-200x113.jpg 200w, https:\/\/www.andreas-edler.de\/blog\/wp-content\/uploads\/2023\/10\/2023-10-27-apostelweg_schulwegsicherung_01-300x169.jpg 300w, https:\/\/www.andreas-edler.de\/blog\/wp-content\/uploads\/2023\/10\/2023-10-27-apostelweg_schulwegsicherung_01-450x253.jpg 450w, https:\/\/www.andreas-edler.de\/blog\/wp-content\/uploads\/2023\/10\/2023-10-27-apostelweg_schulwegsicherung_01-600x338.jpg 600w, https:\/\/www.andreas-edler.de\/blog\/wp-content\/uploads\/2023\/10\/2023-10-27-apostelweg_schulwegsicherung_01-900x506.jpg 900w, https:\/\/www.andreas-edler.de\/blog\/wp-content\/uploads\/2023\/10\/2023-10-27-apostelweg_schulwegsicherung_01.jpg 1920w\" sizes=\"auto, (max-width: 470px) 100vw, 470px\" \/><\/a><figcaption id=\"caption-attachment-170913\" class=\"wp-caption-text\">Apostelweg an der Grundschule bei trockenem Wetter<\/figcaption><\/figure>\n<p>Immer noch fahren die Eltern ihre Kinder mit riesigen Fahrzeugen bis direkt vor den Eingang der Schule. Zu Fu\u00df und auf dem Fahrrad m\u00fcssen sich die etwas verantwortungsbewussteren Menschen durch die Blechlawine schl\u00e4ngeln und quetschen.<\/p>\n<figure id=\"attachment_170914\" aria-describedby=\"caption-attachment-170914\" style=\"width: 470px\" class=\"wp-caption aligncenter\"><a href=\"https:\/\/www.andreas-edler.de\/blog\/wp-content\/uploads\/2023\/10\/2023-10-27-apostelweg_schulwegsicherung_03.jpg\"><img loading=\"lazy\" decoding=\"async\" src=\"https:\/\/www.andreas-edler.de\/blog\/wp-content\/uploads\/2023\/10\/2023-10-27-apostelweg_schulwegsicherung_03-470x264.jpg\" alt=\"\" width=\"470\" height=\"264\" class=\"size-large wp-image-170914\" srcset=\"https:\/\/www.andreas-edler.de\/blog\/wp-content\/uploads\/2023\/10\/2023-10-27-apostelweg_schulwegsicherung_03-470x264.jpg 470w, https:\/\/www.andreas-edler.de\/blog\/wp-content\/uploads\/2023\/10\/2023-10-27-apostelweg_schulwegsicherung_03-250x141.jpg 250w, https:\/\/www.andreas-edler.de\/blog\/wp-content\/uploads\/2023\/10\/2023-10-27-apostelweg_schulwegsicherung_03-768x432.jpg 768w, https:\/\/www.andreas-edler.de\/blog\/wp-content\/uploads\/2023\/10\/2023-10-27-apostelweg_schulwegsicherung_03-1536x864.jpg 1536w, https:\/\/www.andreas-edler.de\/blog\/wp-content\/uploads\/2023\/10\/2023-10-27-apostelweg_schulwegsicherung_03-100x56.jpg 100w, https:\/\/www.andreas-edler.de\/blog\/wp-content\/uploads\/2023\/10\/2023-10-27-apostelweg_schulwegsicherung_03-150x84.jpg 150w, https:\/\/www.andreas-edler.de\/blog\/wp-content\/uploads\/2023\/10\/2023-10-27-apostelweg_schulwegsicherung_03-200x113.jpg 200w, https:\/\/www.andreas-edler.de\/blog\/wp-content\/uploads\/2023\/10\/2023-10-27-apostelweg_schulwegsicherung_03-300x169.jpg 300w, https:\/\/www.andreas-edler.de\/blog\/wp-content\/uploads\/2023\/10\/2023-10-27-apostelweg_schulwegsicherung_03-450x253.jpg 450w, https:\/\/www.andreas-edler.de\/blog\/wp-content\/uploads\/2023\/10\/2023-10-27-apostelweg_schulwegsicherung_03-600x338.jpg 600w, https:\/\/www.andreas-edler.de\/blog\/wp-content\/uploads\/2023\/10\/2023-10-27-apostelweg_schulwegsicherung_03-900x506.jpg 900w, https:\/\/www.andreas-edler.de\/blog\/wp-content\/uploads\/2023\/10\/2023-10-27-apostelweg_schulwegsicherung_03.jpg 1920w\" sizes=\"auto, (max-width: 470px) 100vw, 470px\" \/><\/a><figcaption id=\"caption-attachment-170914\" class=\"wp-caption-text\">Wenige Zentimeter zwischen den meist unter zenhj\u00e4hrigen Kindern und den zwei Tonnen Blech der Autos.<\/figcaption><\/figure>\n<p>Ich verstehe einfach nicht, warum die Stadt Bad Oeynhausen die Durchfahrt f\u00fcr den Apostelweg an der Grundschule frei gegeben hat, statt diesen komplett dicht zu machen. Da haben bei den beengten Verh\u00e4ltnissen Menschen in Autos nichts zu suchen! Man kann auch an der Kirchbreite stehen, oder im Eidingsen bzw. sogar beim WEZ auf dem Parkplatz und die Kinder die letzten 100 Meter zu Fu\u00df gehen lassen. <strong>Das<\/strong> w\u00e4re mal ein Beitrag zur Sicherheit! Leider sieht es so aus, als w\u00fcrde es am Neubau genau so weiter gehen :-\/<\/p>\n","protected":false},"excerpt":{"rendered":"<p>Manchmal, besonders wenn es morgens dunkel ist, begleiten wir den J\u00fcngsten auf dem Fahrrad noch zur Grundschule. Das ist in Eidinghausen entlang der Hahnenkampstra\u00dfe und dem Alten Postweg besonders an den Einm\u00fcndungen schon ziemlich kribbelig. Da wird trotz 30-Zone alles &hellip;<\/p>\n<p class=\"read-more\"> <a class=\"more-link\" href=\"https:\/\/www.andreas-edler.de\/blog\/2023\/10\/sicherer-schulweg-in-bad-oeynhausen\/\"> <span class=\"screen-reader-text\">sicherer Schulweg in Bad Oeynhausen<\/span> Weiterlesen &raquo;<\/a><\/p>\n","protected":false},"author":1,"featured_media":0,"comment_status":"open","ping_status":"open","sticky":false,"template":"","format":"standard","meta":{"ngg_post_thumbnail":0,"activitypub_content_warning":"","activitypub_content_visibility":"","activitypub_max_image_attachments":2,"activitypub_interaction_policy_quote":"anyone","activitypub_status":"","footnotes":""},"categories":[14,15,45,13],"tags":[413,499,237,63,419,262,110,478,340,511,510,71,474,76,72],"class_list":["post-170906","post","type-post","status-publish","format-standard","hentry","category-bad-oeynhausen","category-fahrrad","category-politik","category-verkehr","tag-alter-postweg","tag-apostelweg","tag-ausschuss-fuer-stadtentwicklung","tag-benehmen","tag-eidinghausen","tag-eidinghausener-strasse","tag-fahrradfreundliche-stadt","tag-grundschule","tag-hahnenkampstrasse","tag-mdrzs","tag-mit-dem-rad-zur-schule","tag-regeln","tag-schulweg","tag-sicherheit","tag-verwaltung"],"share_on_mastodon":{"url":"","error":""},"_links":{"self":[{"href":"https:\/\/www.andreas-edler.de\/blog\/wp-json\/wp\/v2\/posts\/170906","targetHints":{"allow":["GET"]}}],"collection":[{"href":"https:\/\/www.andreas-edler.de\/blog\/wp-json\/wp\/v2\/posts"}],"about":[{"href":"https:\/\/www.andreas-edler.de\/blog\/wp-json\/wp\/v2\/types\/post"}],"author":[{"embeddable":true,"href":"https:\/\/www.andreas-edler.de\/blog\/wp-json\/wp\/v2\/users\/1"}],"replies":[{"embeddable":true,"href":"https:\/\/www.andreas-edler.de\/blog\/wp-json\/wp\/v2\/comments?post=170906"}],"version-history":[{"count":0,"href":"https:\/\/www.andreas-edler.de\/blog\/wp-json\/wp\/v2\/posts\/170906\/revisions"}],"wp:attachment":[{"href":"https:\/\/www.andreas-edler.de\/blog\/wp-json\/wp\/v2\/media?parent=170906"}],"wp:term":[{"taxonomy":"category","embeddable":true,"href":"https:\/\/www.andreas-edler.de\/blog\/wp-json\/wp\/v2\/categories?post=170906"},{"taxonomy":"post_tag","embeddable":true,"href":"https:\/\/www.andreas-edler.de\/blog\/wp-json\/wp\/v2\/tags?post=170906"}],"curies":[{"name":"wp","href":"https:\/\/api.w.org\/{rel}","templated":true}]}}