{"id":170795,"date":"2023-10-12T12:22:01","date_gmt":"2023-10-12T10:22:01","guid":{"rendered":"https:\/\/www.andreas-edler.de\/blog\/?p=170795"},"modified":"2024-05-05T13:47:07","modified_gmt":"2024-05-05T11:47:07","slug":"corona-die-zweite","status":"publish","type":"post","link":"https:\/\/www.andreas-edler.de\/blog\/2023\/10\/corona-die-zweite\/","title":{"rendered":"Corona, die Zweite"},"content":{"rendered":"<p><figure id=\"attachment_170796\" aria-describedby=\"caption-attachment-170796\" style=\"width: 208px\" class=\"wp-caption alignright\"><a href=\"https:\/\/www.andreas-edler.de\/blog\/wp-content\/uploads\/2023\/10\/2023-10-10-17.09.30-1.jpg\"><img loading=\"lazy\" decoding=\"async\" src=\"https:\/\/www.andreas-edler.de\/blog\/wp-content\/uploads\/2023\/10\/2023-10-10-17.09.30-1-208x250.jpg\" alt=\"\" width=\"208\" height=\"250\" class=\"size-medium wp-image-170796\" srcset=\"https:\/\/www.andreas-edler.de\/blog\/wp-content\/uploads\/2023\/10\/2023-10-10-17.09.30-1-208x250.jpg 208w, https:\/\/www.andreas-edler.de\/blog\/wp-content\/uploads\/2023\/10\/2023-10-10-17.09.30-1-390x470.jpg 390w, https:\/\/www.andreas-edler.de\/blog\/wp-content\/uploads\/2023\/10\/2023-10-10-17.09.30-1-768x925.jpg 768w, https:\/\/www.andreas-edler.de\/blog\/wp-content\/uploads\/2023\/10\/2023-10-10-17.09.30-1-1276x1536.jpg 1276w, https:\/\/www.andreas-edler.de\/blog\/wp-content\/uploads\/2023\/10\/2023-10-10-17.09.30-1-1701x2048.jpg 1701w, https:\/\/www.andreas-edler.de\/blog\/wp-content\/uploads\/2023\/10\/2023-10-10-17.09.30-1-100x120.jpg 100w, https:\/\/www.andreas-edler.de\/blog\/wp-content\/uploads\/2023\/10\/2023-10-10-17.09.30-1-150x181.jpg 150w, https:\/\/www.andreas-edler.de\/blog\/wp-content\/uploads\/2023\/10\/2023-10-10-17.09.30-1-200x241.jpg 200w, https:\/\/www.andreas-edler.de\/blog\/wp-content\/uploads\/2023\/10\/2023-10-10-17.09.30-1-300x361.jpg 300w, https:\/\/www.andreas-edler.de\/blog\/wp-content\/uploads\/2023\/10\/2023-10-10-17.09.30-1-450x542.jpg 450w, https:\/\/www.andreas-edler.de\/blog\/wp-content\/uploads\/2023\/10\/2023-10-10-17.09.30-1-600x722.jpg 600w, https:\/\/www.andreas-edler.de\/blog\/wp-content\/uploads\/2023\/10\/2023-10-10-17.09.30-1-900x1084.jpg 900w, https:\/\/www.andreas-edler.de\/blog\/wp-content\/uploads\/2023\/10\/2023-10-10-17.09.30-1.jpg 1969w\" sizes=\"auto, (max-width: 208px) 100vw, 208px\" \/><\/a><figcaption id=\"caption-attachment-170796\" class=\"wp-caption-text\">Zweiter positiver Corona-Test<\/figcaption><\/figure> <a href=\"https:\/\/www.andreas-edler.de\/blog\/urlaub\/legoland-guenzburg-2023\/\" rel=\"noopener\" target=\"_blank\">Sonntag aus dem Legoland nach Hause gekommen<\/a>, Montag noch alles gut und <a href=\"https:\/\/www.andreas-edler.de\/blog\/2023\/10\/vespa-px-125-lusso-abgemeldet\/\" rel=\"noopener\" target=\"_blank\">im Stra\u00dfenverkehrsamt<\/a> gewesen. Dienstag kratze es am Morgen schon ein wenig im Hals, ich hatte Kopfschmerzen und die Nase war leicht angeschlagen. Dachte aber, es w\u00e4re nur ein bisschen Erk\u00e4ltung. Am Nachmittag habe ich mich dann auf das neue <a href=\"https:\/\/www.andreas-edler.de\/blog\/2023\/10\/serious-gravix-pro-650b\/\" rel=\"noopener\" target=\"_blank\">Serious-Fahrrad<\/a> gesetzt, weil ich dachte <a href=\"https:\/\/www.strava.com\/activities\/10012800663\" rel=\"noopener\" target=\"_blank\">ein bischen frische Luft<\/a> w\u00fcrde gut tun. W\u00e4hrend der Fahrt bei f\u00fcr den Oktober v\u00f6llig normalen 24\u00b0C bin ich aber fies zu schwitzen angefangen und f\u00fchlte mich wie ausgekotzt. Da habe ich schon gedacht, ich teste mich zu Hause mal.<\/p>\n<p>Als die Frau mich sah, wie ich das Rad in den Schuppen stellte, sagte sie auch gleich ob ich mich mal testen wolle. Habe ich dann auch getan und der zweite Strich erschien auf dem Teststreifen. Herzlichen Gl\u00fcckwunsch. Beim Arzt gab es dann die AU-Bescheinigung und die Nacht war schei\u00dfe. Die Nase ist seitdem zu, ich habe st\u00e4ndig Kopfschmerzen und die Knochen tun mir weh. Gestern keine Besserung und weder Ibuprofen noch Paracetamol bringen richtig was. Die Frau ist in das leere Studentenzimmer ausgewandert und wir habe uns weitgehend getrennt gehalten. Vor allen Dingen den kleinen Jungen will ich echt nicht anstecken. Mal sehen. Seit heute Nacht ist allerdings auch Alex positiv und liegt mir Symptomen flach. Der gro\u00dfe Junge ist ja gleich am Sonntag zur\u00fcck nach Paderborn und berichtet von dort, dass er keine Symptome hat. Ben turnt noch (eher schlecht gelaunt, weil mit Freunden verabreden ist wohl keine gute Idee) symptomfrei durchs Haus, den Garten und den Wendehammer. Hoffen wir, dass es so bleibt.<\/p>\n","protected":false},"excerpt":{"rendered":"<p>Sonntag aus dem Legoland nach Hause gekommen, Montag noch alles gut und im Stra\u00dfenverkehrsamt gewesen. Dienstag kratze es am Morgen schon ein wenig im Hals, ich hatte Kopfschmerzen und die Nase war leicht angeschlagen. Dachte aber, es w\u00e4re nur ein &hellip;<\/p>\n<p class=\"read-more\"> <a class=\"more-link\" href=\"https:\/\/www.andreas-edler.de\/blog\/2023\/10\/corona-die-zweite\/\"> <span class=\"screen-reader-text\">Corona, die Zweite<\/span> Weiterlesen &raquo;<\/a><\/p>\n","protected":false},"author":1,"featured_media":0,"comment_status":"open","ping_status":"open","sticky":false,"template":"","format":"standard","meta":{"ngg_post_thumbnail":0,"activitypub_content_warning":"","activitypub_content_visibility":"","activitypub_max_image_attachments":2,"activitypub_interaction_policy_quote":"anyone","activitypub_status":"federated","footnotes":""},"categories":[1],"tags":[7,132,601],"class_list":["post-170795","post","type-post","status-publish","format-standard","hentry","category-allgemein","tag-gesundheit","tag-radtour","tag-serious"],"share_on_mastodon":{"url":"","error":""},"_links":{"self":[{"href":"https:\/\/www.andreas-edler.de\/blog\/wp-json\/wp\/v2\/posts\/170795","targetHints":{"allow":["GET"]}}],"collection":[{"href":"https:\/\/www.andreas-edler.de\/blog\/wp-json\/wp\/v2\/posts"}],"about":[{"href":"https:\/\/www.andreas-edler.de\/blog\/wp-json\/wp\/v2\/types\/post"}],"author":[{"embeddable":true,"href":"https:\/\/www.andreas-edler.de\/blog\/wp-json\/wp\/v2\/users\/1"}],"replies":[{"embeddable":true,"href":"https:\/\/www.andreas-edler.de\/blog\/wp-json\/wp\/v2\/comments?post=170795"}],"version-history":[{"count":0,"href":"https:\/\/www.andreas-edler.de\/blog\/wp-json\/wp\/v2\/posts\/170795\/revisions"}],"wp:attachment":[{"href":"https:\/\/www.andreas-edler.de\/blog\/wp-json\/wp\/v2\/media?parent=170795"}],"wp:term":[{"taxonomy":"category","embeddable":true,"href":"https:\/\/www.andreas-edler.de\/blog\/wp-json\/wp\/v2\/categories?post=170795"},{"taxonomy":"post_tag","embeddable":true,"href":"https:\/\/www.andreas-edler.de\/blog\/wp-json\/wp\/v2\/tags?post=170795"}],"curies":[{"name":"wp","href":"https:\/\/api.w.org\/{rel}","templated":true}]}}