{"id":170727,"date":"2023-09-29T07:28:20","date_gmt":"2023-09-29T05:28:20","guid":{"rendered":"https:\/\/www.andreas-edler.de\/blog\/?p=170727"},"modified":"2023-09-29T07:28:20","modified_gmt":"2023-09-29T05:28:20","slug":"fahrradreparaturstation-an-der-rehmer-insel-mit-reparaturstau","status":"publish","type":"post","link":"https:\/\/www.andreas-edler.de\/blog\/2023\/09\/fahrradreparaturstation-an-der-rehmer-insel-mit-reparaturstau\/","title":{"rendered":"Fahrradreparaturstation an der Rehmer Insel mit Reparaturstau"},"content":{"rendered":"<p>Erst im Fr\u00fchjahr diesen Jahres haben wir die Strecke des Weserradweges zwischen Werrem\u00fcndung und Sportplatz an der Rehmer Insel f\u00fcr Millionen Euro neu gestaltet. Sieht auch gut aus. Allerdings habe ich in den Beratungen bereits deutlich darauf hingewiesen, dass die viele M\u00f6blierung auch gepflegt werden will. Irritierte Blicke waren die Antwort. <a href=\"https:\/\/www.andreas-edler.de\/blog\/2023\/05\/werkzeugstation-an-der-rehmer-insel\/\" rel=\"noopener\" target=\"_blank\">Wenige Wochen nach Freigabe zeigte sich, dass mein Einwand berechtigt war.<\/a><\/p>\n<figure id=\"attachment_170728\" aria-describedby=\"caption-attachment-170728\" style=\"width: 470px\" class=\"wp-caption aligncenter\"><a href=\"https:\/\/www.andreas-edler.de\/blog\/wp-content\/uploads\/2023\/09\/2023-09-28-19.06.47.jpg\"><img loading=\"lazy\" decoding=\"async\" src=\"https:\/\/www.andreas-edler.de\/blog\/wp-content\/uploads\/2023\/09\/2023-09-28-19.06.47-470x301.jpg\" alt=\"\" width=\"470\" height=\"301\" class=\"size-large wp-image-170728\" srcset=\"https:\/\/www.andreas-edler.de\/blog\/wp-content\/uploads\/2023\/09\/2023-09-28-19.06.47-470x301.jpg 470w, https:\/\/www.andreas-edler.de\/blog\/wp-content\/uploads\/2023\/09\/2023-09-28-19.06.47-250x160.jpg 250w, https:\/\/www.andreas-edler.de\/blog\/wp-content\/uploads\/2023\/09\/2023-09-28-19.06.47-768x492.jpg 768w, https:\/\/www.andreas-edler.de\/blog\/wp-content\/uploads\/2023\/09\/2023-09-28-19.06.47-1536x984.jpg 1536w, https:\/\/www.andreas-edler.de\/blog\/wp-content\/uploads\/2023\/09\/2023-09-28-19.06.47-2048x1312.jpg 2048w, https:\/\/www.andreas-edler.de\/blog\/wp-content\/uploads\/2023\/09\/2023-09-28-19.06.47-100x64.jpg 100w, https:\/\/www.andreas-edler.de\/blog\/wp-content\/uploads\/2023\/09\/2023-09-28-19.06.47-150x96.jpg 150w, https:\/\/www.andreas-edler.de\/blog\/wp-content\/uploads\/2023\/09\/2023-09-28-19.06.47-200x128.jpg 200w, https:\/\/www.andreas-edler.de\/blog\/wp-content\/uploads\/2023\/09\/2023-09-28-19.06.47-300x192.jpg 300w, https:\/\/www.andreas-edler.de\/blog\/wp-content\/uploads\/2023\/09\/2023-09-28-19.06.47-450x288.jpg 450w, https:\/\/www.andreas-edler.de\/blog\/wp-content\/uploads\/2023\/09\/2023-09-28-19.06.47-600x384.jpg 600w, https:\/\/www.andreas-edler.de\/blog\/wp-content\/uploads\/2023\/09\/2023-09-28-19.06.47-900x577.jpg 900w\" sizes=\"auto, (max-width: 470px) 100vw, 470px\" \/><\/a><figcaption id=\"caption-attachment-170728\" class=\"wp-caption-text\">Neben dem Pumpenkopf fehlt nun auch das restliche Werkzeug.<\/figcaption><\/figure>\n<p>Mehrfach habe ich die Verwaltung auf den fehlenden Pumpenkopf hingewiesen. Allerdings scheint man sich nicht dar\u00fcber im Klaren zu sein, wer daf\u00fcr zust\u00e4ndig ist, denn getan wurde monatelang gar nichts. Und nun ist auch das restliche Werkzeug verlustig gegangen. Vielleicht wurde es aber vorsorglich entfernt, damit es nicht geklaut wird. Wer wei\u00df.<\/p>\n<figure id=\"attachment_170729\" aria-describedby=\"caption-attachment-170729\" style=\"width: 470px\" class=\"wp-caption aligncenter\"><a href=\"https:\/\/www.andreas-edler.de\/blog\/wp-content\/uploads\/2023\/09\/2023-09-28-19.06.55.jpg\"><img loading=\"lazy\" decoding=\"async\" src=\"https:\/\/www.andreas-edler.de\/blog\/wp-content\/uploads\/2023\/09\/2023-09-28-19.06.55-470x226.jpg\" alt=\"\" width=\"470\" height=\"226\" class=\"size-large wp-image-170729\" srcset=\"https:\/\/www.andreas-edler.de\/blog\/wp-content\/uploads\/2023\/09\/2023-09-28-19.06.55-470x226.jpg 470w, https:\/\/www.andreas-edler.de\/blog\/wp-content\/uploads\/2023\/09\/2023-09-28-19.06.55-250x120.jpg 250w, https:\/\/www.andreas-edler.de\/blog\/wp-content\/uploads\/2023\/09\/2023-09-28-19.06.55-768x369.jpg 768w, https:\/\/www.andreas-edler.de\/blog\/wp-content\/uploads\/2023\/09\/2023-09-28-19.06.55-1536x737.jpg 1536w, https:\/\/www.andreas-edler.de\/blog\/wp-content\/uploads\/2023\/09\/2023-09-28-19.06.55-2048x983.jpg 2048w, https:\/\/www.andreas-edler.de\/blog\/wp-content\/uploads\/2023\/09\/2023-09-28-19.06.55-100x48.jpg 100w, https:\/\/www.andreas-edler.de\/blog\/wp-content\/uploads\/2023\/09\/2023-09-28-19.06.55-150x72.jpg 150w, https:\/\/www.andreas-edler.de\/blog\/wp-content\/uploads\/2023\/09\/2023-09-28-19.06.55-200x96.jpg 200w, https:\/\/www.andreas-edler.de\/blog\/wp-content\/uploads\/2023\/09\/2023-09-28-19.06.55-300x144.jpg 300w, https:\/\/www.andreas-edler.de\/blog\/wp-content\/uploads\/2023\/09\/2023-09-28-19.06.55-450x216.jpg 450w, https:\/\/www.andreas-edler.de\/blog\/wp-content\/uploads\/2023\/09\/2023-09-28-19.06.55-600x288.jpg 600w, https:\/\/www.andreas-edler.de\/blog\/wp-content\/uploads\/2023\/09\/2023-09-28-19.06.55-900x432.jpg 900w\" sizes=\"auto, (max-width: 470px) 100vw, 470px\" \/><\/a><figcaption id=\"caption-attachment-170729\" class=\"wp-caption-text\">Nur die Reifenheber h\u00e4ngen noch.<\/figcaption><\/figure>\n<p>Die Reifenheber wurden h\u00e4ngen gelassen. Die Plastikdinger sind eh Mist. Es ist kein Aush\u00e4ngeschild, wenn die Stadt &#8211; wer auch immer daf\u00fcr zust\u00e4ndig ist &#8211; sich nicht darum k\u00fcmmert, dass solche neuen Anlagen gepflegt werden. Die Zerst\u00f6rung kommt leider mit Ansage. Ich habe darauf hingewiesen. Aber wenn ich die Hand hebe, rollen einige ja schon mit den Augen. Vielleicht sollte man sowas nicht aufstellen, wenn danach keiner mehr Lust hat, sich darum zu k\u00fcmmern?<\/p>\n","protected":false},"excerpt":{"rendered":"<p>Erst im Fr\u00fchjahr diesen Jahres haben wir die Strecke des Weserradweges zwischen Werrem\u00fcndung und Sportplatz an der Rehmer Insel f\u00fcr Millionen Euro neu gestaltet. Sieht auch gut aus. Allerdings habe ich in den Beratungen bereits deutlich darauf hingewiesen, dass die &hellip;<\/p>\n<p class=\"read-more\"> <a class=\"more-link\" href=\"https:\/\/www.andreas-edler.de\/blog\/2023\/09\/fahrradreparaturstation-an-der-rehmer-insel-mit-reparaturstau\/\"> <span class=\"screen-reader-text\">Fahrradreparaturstation an der Rehmer Insel mit Reparaturstau<\/span> Weiterlesen &raquo;<\/a><\/p>\n","protected":false},"author":1,"featured_media":0,"comment_status":"open","ping_status":"open","sticky":false,"template":"","format":"standard","meta":{"ngg_post_thumbnail":0,"activitypub_content_warning":"","activitypub_content_visibility":"","activitypub_max_image_attachments":2,"activitypub_interaction_policy_quote":"anyone","activitypub_status":"","footnotes":""},"categories":[14,15,18,45,13],"tags":[237,251,207,434,316,33,79,72,201,301],"class_list":["post-170727","post","type-post","status-publish","format-standard","hentry","category-bad-oeynhausen","category-fahrrad","category-fraglich","category-politik","category-verkehr","tag-ausschuss-fuer-stadtentwicklung","tag-infrastruktur","tag-radweg","tag-rehmer-insel","tag-reparieren","tag-service","tag-stadtwerke","tag-verwaltung","tag-werkzeug","tag-weserradweg"],"share_on_mastodon":{"url":"https:\/\/social.tchncs.de\/@filmfacts\/111146782938659405","error":""},"_links":{"self":[{"href":"https:\/\/www.andreas-edler.de\/blog\/wp-json\/wp\/v2\/posts\/170727","targetHints":{"allow":["GET"]}}],"collection":[{"href":"https:\/\/www.andreas-edler.de\/blog\/wp-json\/wp\/v2\/posts"}],"about":[{"href":"https:\/\/www.andreas-edler.de\/blog\/wp-json\/wp\/v2\/types\/post"}],"author":[{"embeddable":true,"href":"https:\/\/www.andreas-edler.de\/blog\/wp-json\/wp\/v2\/users\/1"}],"replies":[{"embeddable":true,"href":"https:\/\/www.andreas-edler.de\/blog\/wp-json\/wp\/v2\/comments?post=170727"}],"version-history":[{"count":0,"href":"https:\/\/www.andreas-edler.de\/blog\/wp-json\/wp\/v2\/posts\/170727\/revisions"}],"wp:attachment":[{"href":"https:\/\/www.andreas-edler.de\/blog\/wp-json\/wp\/v2\/media?parent=170727"}],"wp:term":[{"taxonomy":"category","embeddable":true,"href":"https:\/\/www.andreas-edler.de\/blog\/wp-json\/wp\/v2\/categories?post=170727"},{"taxonomy":"post_tag","embeddable":true,"href":"https:\/\/www.andreas-edler.de\/blog\/wp-json\/wp\/v2\/tags?post=170727"}],"curies":[{"name":"wp","href":"https:\/\/api.w.org\/{rel}","templated":true}]}}