{"id":170704,"date":"2023-09-24T12:39:48","date_gmt":"2023-09-24T10:39:48","guid":{"rendered":"https:\/\/www.andreas-edler.de\/blog\/?p=170704"},"modified":"2023-09-24T12:47:10","modified_gmt":"2023-09-24T10:47:10","slug":"kein-campingurlaub-mehr-in-diesem-jahr","status":"publish","type":"post","link":"https:\/\/www.andreas-edler.de\/blog\/2023\/09\/kein-campingurlaub-mehr-in-diesem-jahr\/","title":{"rendered":"Kein Campingurlaub mehr in diesem Jahr"},"content":{"rendered":"<p>Wir hatten den Wohnwagen ziemlich lange bei uns auf dem Hof stehen. Von Anfang Juli, bis vor einer Woche belegte der Eriba Nova 545 einen Stellplatz bei uns auf dem Grundst\u00fcck. Naja, au\u00dfer in der Zeit, in welcher <a href=\"https:\/\/www.andreas-edler.de\/blog\/urlaub\/kroatien-2023\/\" rel=\"noopener\" target=\"_blank\">wir in Kroatien<\/a> waren. Davor und danach wurde er sehr selten mal zum \u00dcbernachten genutzt.<\/p>\n<figure id=\"attachment_170705\" aria-describedby=\"caption-attachment-170705\" style=\"width: 470px\" class=\"wp-caption aligncenter\"><a href=\"https:\/\/www.andreas-edler.de\/blog\/wp-content\/uploads\/2023\/09\/2023-09-16-15.02.30.jpg\"><img loading=\"lazy\" decoding=\"async\" src=\"https:\/\/www.andreas-edler.de\/blog\/wp-content\/uploads\/2023\/09\/2023-09-16-15.02.30-470x147.jpg\" alt=\"\" width=\"470\" height=\"147\" class=\"size-large wp-image-170705\" srcset=\"https:\/\/www.andreas-edler.de\/blog\/wp-content\/uploads\/2023\/09\/2023-09-16-15.02.30-470x147.jpg 470w, https:\/\/www.andreas-edler.de\/blog\/wp-content\/uploads\/2023\/09\/2023-09-16-15.02.30-250x78.jpg 250w, https:\/\/www.andreas-edler.de\/blog\/wp-content\/uploads\/2023\/09\/2023-09-16-15.02.30-768x240.jpg 768w, https:\/\/www.andreas-edler.de\/blog\/wp-content\/uploads\/2023\/09\/2023-09-16-15.02.30-1536x480.jpg 1536w, https:\/\/www.andreas-edler.de\/blog\/wp-content\/uploads\/2023\/09\/2023-09-16-15.02.30-2048x640.jpg 2048w, https:\/\/www.andreas-edler.de\/blog\/wp-content\/uploads\/2023\/09\/2023-09-16-15.02.30-100x31.jpg 100w, https:\/\/www.andreas-edler.de\/blog\/wp-content\/uploads\/2023\/09\/2023-09-16-15.02.30-150x47.jpg 150w, https:\/\/www.andreas-edler.de\/blog\/wp-content\/uploads\/2023\/09\/2023-09-16-15.02.30-200x63.jpg 200w, https:\/\/www.andreas-edler.de\/blog\/wp-content\/uploads\/2023\/09\/2023-09-16-15.02.30-300x94.jpg 300w, https:\/\/www.andreas-edler.de\/blog\/wp-content\/uploads\/2023\/09\/2023-09-16-15.02.30-450x141.jpg 450w, https:\/\/www.andreas-edler.de\/blog\/wp-content\/uploads\/2023\/09\/2023-09-16-15.02.30-600x188.jpg 600w, https:\/\/www.andreas-edler.de\/blog\/wp-content\/uploads\/2023\/09\/2023-09-16-15.02.30-900x281.jpg 900w\" sizes=\"auto, (max-width: 470px) 100vw, 470px\" \/><\/a><figcaption id=\"caption-attachment-170705\" class=\"wp-caption-text\">Eriba Nova 545 hinter Skoda Yeti auf dem Weg ins Winterquartier<\/figcaption><\/figure>\n<p>Vergangenen Samstag ging es mir aber auf die Nerven, dass das Trumm die Sicht aus der K\u00fcche versperrt und ich habe den Caravan mit den beiden Jungs zu meiner Mama gefahren. Alex war derweil auf einem Betriebsausflug. Ich habe an dem Tag aber lieber <a href=\"https:\/\/www.gruene-badoeynhausen.de\/wp\/2023\/09\/world-cleanup-day\/\" rel=\"noopener\" target=\"_blank\">im Sielpark M\u00fcll gesammelt<\/a> &#8211; und eben zu Hause klar Schiff gemacht.<\/p>\n<figure id=\"attachment_170707\" aria-describedby=\"caption-attachment-170707\" style=\"width: 470px\" class=\"wp-caption aligncenter\"><a href=\"https:\/\/www.andreas-edler.de\/blog\/wp-content\/uploads\/2023\/09\/2023-09-16-17.44.38.jpg\"><img loading=\"lazy\" decoding=\"async\" src=\"https:\/\/www.andreas-edler.de\/blog\/wp-content\/uploads\/2023\/09\/2023-09-16-17.44.38-470x267.jpg\" alt=\"\" width=\"470\" height=\"267\" class=\"size-large wp-image-170707\" srcset=\"https:\/\/www.andreas-edler.de\/blog\/wp-content\/uploads\/2023\/09\/2023-09-16-17.44.38-470x267.jpg 470w, https:\/\/www.andreas-edler.de\/blog\/wp-content\/uploads\/2023\/09\/2023-09-16-17.44.38-250x142.jpg 250w, https:\/\/www.andreas-edler.de\/blog\/wp-content\/uploads\/2023\/09\/2023-09-16-17.44.38-768x436.jpg 768w, https:\/\/www.andreas-edler.de\/blog\/wp-content\/uploads\/2023\/09\/2023-09-16-17.44.38-1536x872.jpg 1536w, https:\/\/www.andreas-edler.de\/blog\/wp-content\/uploads\/2023\/09\/2023-09-16-17.44.38-2048x1163.jpg 2048w, https:\/\/www.andreas-edler.de\/blog\/wp-content\/uploads\/2023\/09\/2023-09-16-17.44.38-100x57.jpg 100w, https:\/\/www.andreas-edler.de\/blog\/wp-content\/uploads\/2023\/09\/2023-09-16-17.44.38-150x85.jpg 150w, https:\/\/www.andreas-edler.de\/blog\/wp-content\/uploads\/2023\/09\/2023-09-16-17.44.38-200x114.jpg 200w, https:\/\/www.andreas-edler.de\/blog\/wp-content\/uploads\/2023\/09\/2023-09-16-17.44.38-300x170.jpg 300w, https:\/\/www.andreas-edler.de\/blog\/wp-content\/uploads\/2023\/09\/2023-09-16-17.44.38-450x256.jpg 450w, https:\/\/www.andreas-edler.de\/blog\/wp-content\/uploads\/2023\/09\/2023-09-16-17.44.38-600x341.jpg 600w, https:\/\/www.andreas-edler.de\/blog\/wp-content\/uploads\/2023\/09\/2023-09-16-17.44.38-900x511.jpg 900w\" sizes=\"auto, (max-width: 470px) 100vw, 470px\" \/><\/a><figcaption id=\"caption-attachment-170707\" class=\"wp-caption-text\">Autohome Airtop 360 auf Skoda Yeti mit selbstgebauter &#8222;Markise&#8220;<\/figcaption><\/figure>\n<p><a href=\"https:\/\/www.andreas-edler.de\/blog\/2018\/11\/autohome-airtop-range-360\/\" rel=\"noopener\" target=\"_blank\">Das Dachzelt<\/a> hatte ich immer noch auf dem Yeti und gleich nachdem der Wohnwagen weg und wieder Platz auf dem Hof war, habe ich mal ausprobiert, was <a href=\"https:\/\/www.andreas-edler.de\/blog\/2019\/10\/kederschiene-fuer-den-skoda-yeti\/\" rel=\"noopener\" target=\"_blank\">vor vier Jahren gebastelt<\/a> worden ist. Als ich 2019 im September <a href=\"https:\/\/www.andreas-edler.de\/blog\/urlaub\/kroatien-2019-single-urlaub-und-allgaeu\/\" rel=\"noopener\" target=\"_blank\">alleine nach Kroatien<\/a> gefahren bin, hatte ich mir ein Tarp f\u00fcr den Skoda Yeti gekauft. Das hat eine Schlaufe zum Einziehen einer Stange, mehrere Laschen mit Klipsen und eben eine Kederleiste zum Einziehen in eine passende Schiene angen\u00e4ht. Ich habe damals die Schlaufen genutzt und das Vordach an der Reling des Yeti befestigt. Funktionierte.<\/p>\n<p>Nun habe ich aber die seit Jahren in der Ecke liegende Kederleiste wie vorgesehen am Dachgep\u00e4cktr\u00e4ger verschaubt und es ist genau so, wie ich es geplant hatte. Sch\u00f6n straff, sehr glatt und h\u00e4lt bombenfeste. Prima. Am n\u00e4chsten Tag alles wieder verpackt.<\/p>\n<figure id=\"attachment_170709\" aria-describedby=\"caption-attachment-170709\" style=\"width: 470px\" class=\"wp-caption aligncenter\"><a href=\"https:\/\/www.andreas-edler.de\/blog\/wp-content\/uploads\/2023\/09\/2023-09-24-11.53.12.jpg\"><img loading=\"lazy\" decoding=\"async\" src=\"https:\/\/www.andreas-edler.de\/blog\/wp-content\/uploads\/2023\/09\/2023-09-24-11.53.12-470x252.jpg\" alt=\"\" width=\"470\" height=\"252\" class=\"size-large wp-image-170709\" srcset=\"https:\/\/www.andreas-edler.de\/blog\/wp-content\/uploads\/2023\/09\/2023-09-24-11.53.12-470x252.jpg 470w, https:\/\/www.andreas-edler.de\/blog\/wp-content\/uploads\/2023\/09\/2023-09-24-11.53.12-250x134.jpg 250w, https:\/\/www.andreas-edler.de\/blog\/wp-content\/uploads\/2023\/09\/2023-09-24-11.53.12-768x413.jpg 768w, https:\/\/www.andreas-edler.de\/blog\/wp-content\/uploads\/2023\/09\/2023-09-24-11.53.12-1536x825.jpg 1536w, https:\/\/www.andreas-edler.de\/blog\/wp-content\/uploads\/2023\/09\/2023-09-24-11.53.12-2048x1100.jpg 2048w, https:\/\/www.andreas-edler.de\/blog\/wp-content\/uploads\/2023\/09\/2023-09-24-11.53.12-100x54.jpg 100w, https:\/\/www.andreas-edler.de\/blog\/wp-content\/uploads\/2023\/09\/2023-09-24-11.53.12-150x81.jpg 150w, https:\/\/www.andreas-edler.de\/blog\/wp-content\/uploads\/2023\/09\/2023-09-24-11.53.12-200x107.jpg 200w, https:\/\/www.andreas-edler.de\/blog\/wp-content\/uploads\/2023\/09\/2023-09-24-11.53.12-300x161.jpg 300w, https:\/\/www.andreas-edler.de\/blog\/wp-content\/uploads\/2023\/09\/2023-09-24-11.53.12-450x242.jpg 450w, https:\/\/www.andreas-edler.de\/blog\/wp-content\/uploads\/2023\/09\/2023-09-24-11.53.12-600x322.jpg 600w, https:\/\/www.andreas-edler.de\/blog\/wp-content\/uploads\/2023\/09\/2023-09-24-11.53.12-900x483.jpg 900w\" sizes=\"auto, (max-width: 470px) 100vw, 470px\" \/><\/a><figcaption id=\"caption-attachment-170709\" class=\"wp-caption-text\">Autohome Airtop 360 im Winterquartier<\/figcaption><\/figure>\n<p>Da wir f\u00fcr die Herbstferien dieses Jahr zum einen mal etwas geplant haben und dies zum anderen kein Camping wird, haben wir eben das Dachzelt auch ins Winterquartier getragen. Der Yeti ist nun wieder oben-ohne und wir k\u00f6nnen das Zelt auch zum bequemen Liegen (und \u00fcbernachten) im Garten nutzen.<\/p>\n<p>Der Sommer scheint vorbei zu sein.<\/p>\n","protected":false},"excerpt":{"rendered":"<p>Wir hatten den Wohnwagen ziemlich lange bei uns auf dem Hof stehen. Von Anfang Juli, bis vor einer Woche belegte der Eriba Nova 545 einen Stellplatz bei uns auf dem Grundst\u00fcck. Naja, au\u00dfer in der Zeit, in welcher wir in &hellip;<\/p>\n<p class=\"read-more\"> <a class=\"more-link\" href=\"https:\/\/www.andreas-edler.de\/blog\/2023\/09\/kein-campingurlaub-mehr-in-diesem-jahr\/\"> <span class=\"screen-reader-text\">Kein Campingurlaub mehr in diesem Jahr<\/span> Weiterlesen &raquo;<\/a><\/p>\n","protected":false},"author":1,"featured_media":0,"comment_status":"open","ping_status":"open","sticky":false,"template":"","format":"standard","meta":{"ngg_post_thumbnail":0,"activitypub_content_warning":"","activitypub_content_visibility":"","activitypub_max_image_attachments":2,"activitypub_interaction_policy_quote":"anyone","activitypub_status":"","footnotes":""},"categories":[22,1],"tags":[386,37,254,385,255,31,209,102,253],"class_list":["post-170704","post","type-post","status-publish","format-standard","hentry","category-basteln","category-allgemein","tag-airtop","tag-auto","tag-camping","tag-dachzelt","tag-eriba-nova","tag-garten","tag-skoda-yeti","tag-urlaub","tag-wohnwagen"],"share_on_mastodon":{"url":"https:\/\/social.tchncs.de\/@filmfacts\/111119696807038844","error":""},"_links":{"self":[{"href":"https:\/\/www.andreas-edler.de\/blog\/wp-json\/wp\/v2\/posts\/170704","targetHints":{"allow":["GET"]}}],"collection":[{"href":"https:\/\/www.andreas-edler.de\/blog\/wp-json\/wp\/v2\/posts"}],"about":[{"href":"https:\/\/www.andreas-edler.de\/blog\/wp-json\/wp\/v2\/types\/post"}],"author":[{"embeddable":true,"href":"https:\/\/www.andreas-edler.de\/blog\/wp-json\/wp\/v2\/users\/1"}],"replies":[{"embeddable":true,"href":"https:\/\/www.andreas-edler.de\/blog\/wp-json\/wp\/v2\/comments?post=170704"}],"version-history":[{"count":0,"href":"https:\/\/www.andreas-edler.de\/blog\/wp-json\/wp\/v2\/posts\/170704\/revisions"}],"wp:attachment":[{"href":"https:\/\/www.andreas-edler.de\/blog\/wp-json\/wp\/v2\/media?parent=170704"}],"wp:term":[{"taxonomy":"category","embeddable":true,"href":"https:\/\/www.andreas-edler.de\/blog\/wp-json\/wp\/v2\/categories?post=170704"},{"taxonomy":"post_tag","embeddable":true,"href":"https:\/\/www.andreas-edler.de\/blog\/wp-json\/wp\/v2\/tags?post=170704"}],"curies":[{"name":"wp","href":"https:\/\/api.w.org\/{rel}","templated":true}]}}