{"id":170568,"date":"2023-08-31T23:23:38","date_gmt":"2023-08-31T21:23:38","guid":{"rendered":"https:\/\/www.andreas-edler.de\/blog\/?p=170568"},"modified":"2023-09-24T14:54:52","modified_gmt":"2023-09-24T12:54:52","slug":"verkehrsmittel-und-wetterlage-im-august-2023","status":"publish","type":"post","link":"https:\/\/www.andreas-edler.de\/blog\/2023\/08\/verkehrsmittel-und-wetterlage-im-august-2023\/","title":{"rendered":"Verkehrsmittel und Wetterlage im August 2023"},"content":{"rendered":"<p><figure id=\"attachment_170718\" aria-describedby=\"caption-attachment-170718\" style=\"width: 250px\" class=\"wp-caption alignright\"><a href=\"https:\/\/www.andreas-edler.de\/blog\/wp-content\/uploads\/2023\/08\/2023-08-31_statistik.png\"><img loading=\"lazy\" decoding=\"async\" src=\"https:\/\/www.andreas-edler.de\/blog\/wp-content\/uploads\/2023\/08\/2023-08-31_statistik-250x106.png\" alt=\"\" width=\"250\" height=\"106\" class=\"size-medium wp-image-170718\" srcset=\"https:\/\/www.andreas-edler.de\/blog\/wp-content\/uploads\/2023\/08\/2023-08-31_statistik-250x106.png 250w, https:\/\/www.andreas-edler.de\/blog\/wp-content\/uploads\/2023\/08\/2023-08-31_statistik-470x200.png 470w, https:\/\/www.andreas-edler.de\/blog\/wp-content\/uploads\/2023\/08\/2023-08-31_statistik-768x327.png 768w, https:\/\/www.andreas-edler.de\/blog\/wp-content\/uploads\/2023\/08\/2023-08-31_statistik-100x43.png 100w, https:\/\/www.andreas-edler.de\/blog\/wp-content\/uploads\/2023\/08\/2023-08-31_statistik-150x64.png 150w, https:\/\/www.andreas-edler.de\/blog\/wp-content\/uploads\/2023\/08\/2023-08-31_statistik-200x85.png 200w, https:\/\/www.andreas-edler.de\/blog\/wp-content\/uploads\/2023\/08\/2023-08-31_statistik-300x128.png 300w, https:\/\/www.andreas-edler.de\/blog\/wp-content\/uploads\/2023\/08\/2023-08-31_statistik-450x192.png 450w, https:\/\/www.andreas-edler.de\/blog\/wp-content\/uploads\/2023\/08\/2023-08-31_statistik-600x255.png 600w, https:\/\/www.andreas-edler.de\/blog\/wp-content\/uploads\/2023\/08\/2023-08-31_statistik-900x383.png 900w, https:\/\/www.andreas-edler.de\/blog\/wp-content\/uploads\/2023\/08\/2023-08-31_statistik.png 923w\" sizes=\"auto, (max-width: 250px) 100vw, 250px\" \/><\/a><figcaption id=\"caption-attachment-170718\" class=\"wp-caption-text\">Die Zahlen von Januar bis August 2023<\/figcaption><\/figure> Der August war ein wenig regenreicher als der Rest des Jahres. Ich habe sogar einmal Rainlegs getragen! Ansonsten alles unspektakul\u00e4r. An keinem Tag das Auto benutzt, kein Homeoffice gemacht und auch nicht Bahn gefahren. Immer nur langweilig auf das Fahrrad gesetzt und zur Arbeit gestrampelt. Au\u00dfer in der ersten Augustwoche. Die haben wir genutzt, um aus Kroatien nach Hause zu fahren und danach ganz in Ruhe die Klamotten abzur\u00fcsten und wieder im Haus zu verstauen.<\/p>\n<figure id=\"attachment_170714\" aria-describedby=\"caption-attachment-170714\" style=\"width: 470px\" class=\"wp-caption aligncenter\"><a href=\"https:\/\/www.andreas-edler.de\/blog\/wp-content\/uploads\/2023\/08\/2023-08-31_verkehrsmittel.png\"><img loading=\"lazy\" decoding=\"async\" src=\"https:\/\/www.andreas-edler.de\/blog\/wp-content\/uploads\/2023\/08\/2023-08-31_verkehrsmittel-470x304.png\" alt=\"\" width=\"470\" height=\"304\" class=\"size-large wp-image-170714\" srcset=\"https:\/\/www.andreas-edler.de\/blog\/wp-content\/uploads\/2023\/08\/2023-08-31_verkehrsmittel-470x304.png 470w, https:\/\/www.andreas-edler.de\/blog\/wp-content\/uploads\/2023\/08\/2023-08-31_verkehrsmittel-250x162.png 250w, https:\/\/www.andreas-edler.de\/blog\/wp-content\/uploads\/2023\/08\/2023-08-31_verkehrsmittel-100x65.png 100w, https:\/\/www.andreas-edler.de\/blog\/wp-content\/uploads\/2023\/08\/2023-08-31_verkehrsmittel-150x97.png 150w, https:\/\/www.andreas-edler.de\/blog\/wp-content\/uploads\/2023\/08\/2023-08-31_verkehrsmittel-200x129.png 200w, https:\/\/www.andreas-edler.de\/blog\/wp-content\/uploads\/2023\/08\/2023-08-31_verkehrsmittel-300x194.png 300w, https:\/\/www.andreas-edler.de\/blog\/wp-content\/uploads\/2023\/08\/2023-08-31_verkehrsmittel-450x291.png 450w, https:\/\/www.andreas-edler.de\/blog\/wp-content\/uploads\/2023\/08\/2023-08-31_verkehrsmittel-600x388.png 600w, https:\/\/www.andreas-edler.de\/blog\/wp-content\/uploads\/2023\/08\/2023-08-31_verkehrsmittel.png 693w\" sizes=\"auto, (max-width: 470px) 100vw, 470px\" \/><\/a><figcaption id=\"caption-attachment-170714\" class=\"wp-caption-text\">Die genutzten Verkehrsmittel von Januar bis August 2023<\/figcaption><\/figure>\n<p>Das Tortendiagramm mit den genutzten Verkehrsmitteln ist daher naturgem\u00e4\u00df unver\u00e4ndert und zeigt weiterhin nur den einen Tag an. Mal sehen, ob ich das halten kann. Im August starteten auch die politischen Veranstaltungen, die habe ich hier in den Statistiken gar nicht drin, aber nat\u00fcrlich fahre ich auch dorthin immer mit dem Fahrrad.<\/p>\n<figure id=\"attachment_170713\" aria-describedby=\"caption-attachment-170713\" style=\"width: 470px\" class=\"wp-caption aligncenter\"><a href=\"https:\/\/www.andreas-edler.de\/blog\/wp-content\/uploads\/2023\/08\/2023-08-31_wetterlage.png\"><img loading=\"lazy\" decoding=\"async\" src=\"https:\/\/www.andreas-edler.de\/blog\/wp-content\/uploads\/2023\/08\/2023-08-31_wetterlage-470x227.png\" alt=\"\" width=\"470\" height=\"227\" class=\"size-large wp-image-170713\" srcset=\"https:\/\/www.andreas-edler.de\/blog\/wp-content\/uploads\/2023\/08\/2023-08-31_wetterlage-470x227.png 470w, https:\/\/www.andreas-edler.de\/blog\/wp-content\/uploads\/2023\/08\/2023-08-31_wetterlage-250x121.png 250w, https:\/\/www.andreas-edler.de\/blog\/wp-content\/uploads\/2023\/08\/2023-08-31_wetterlage-100x48.png 100w, https:\/\/www.andreas-edler.de\/blog\/wp-content\/uploads\/2023\/08\/2023-08-31_wetterlage-150x73.png 150w, https:\/\/www.andreas-edler.de\/blog\/wp-content\/uploads\/2023\/08\/2023-08-31_wetterlage-200x97.png 200w, https:\/\/www.andreas-edler.de\/blog\/wp-content\/uploads\/2023\/08\/2023-08-31_wetterlage-300x145.png 300w, https:\/\/www.andreas-edler.de\/blog\/wp-content\/uploads\/2023\/08\/2023-08-31_wetterlage-450x218.png 450w, https:\/\/www.andreas-edler.de\/blog\/wp-content\/uploads\/2023\/08\/2023-08-31_wetterlage-600x290.png 600w, https:\/\/www.andreas-edler.de\/blog\/wp-content\/uploads\/2023\/08\/2023-08-31_wetterlage.png 693w\" sizes=\"auto, (max-width: 470px) 100vw, 470px\" \/><\/a><figcaption id=\"caption-attachment-170713\" class=\"wp-caption-text\">Die Wetterlage von Januar bis August 2023<\/figcaption><\/figure>\n<p>Wie gesagt: das Wetter war durchaus feucht, aber nicht kalt. Es gab etwas Niesel und ein paar Mal Regen. Teilweise auch sehr heftig, aber eben dann, wenn ich nicht mit dem Rad unterwegs war.<\/p>\n<figure id=\"attachment_170716\" aria-describedby=\"caption-attachment-170716\" style=\"width: 470px\" class=\"wp-caption aligncenter\"><a href=\"https:\/\/www.andreas-edler.de\/blog\/wp-content\/uploads\/2023\/08\/2023-08-31_wegstrecke.png\"><img loading=\"lazy\" decoding=\"async\" src=\"https:\/\/www.andreas-edler.de\/blog\/wp-content\/uploads\/2023\/08\/2023-08-31_wegstrecke-470x300.png\" alt=\"\" width=\"470\" height=\"300\" class=\"size-large wp-image-170716\" srcset=\"https:\/\/www.andreas-edler.de\/blog\/wp-content\/uploads\/2023\/08\/2023-08-31_wegstrecke-470x300.png 470w, https:\/\/www.andreas-edler.de\/blog\/wp-content\/uploads\/2023\/08\/2023-08-31_wegstrecke-250x159.png 250w, https:\/\/www.andreas-edler.de\/blog\/wp-content\/uploads\/2023\/08\/2023-08-31_wegstrecke-100x64.png 100w, https:\/\/www.andreas-edler.de\/blog\/wp-content\/uploads\/2023\/08\/2023-08-31_wegstrecke-150x96.png 150w, https:\/\/www.andreas-edler.de\/blog\/wp-content\/uploads\/2023\/08\/2023-08-31_wegstrecke-200x127.png 200w, https:\/\/www.andreas-edler.de\/blog\/wp-content\/uploads\/2023\/08\/2023-08-31_wegstrecke-300x191.png 300w, https:\/\/www.andreas-edler.de\/blog\/wp-content\/uploads\/2023\/08\/2023-08-31_wegstrecke-450x287.png 450w, https:\/\/www.andreas-edler.de\/blog\/wp-content\/uploads\/2023\/08\/2023-08-31_wegstrecke-600x382.png 600w, https:\/\/www.andreas-edler.de\/blog\/wp-content\/uploads\/2023\/08\/2023-08-31_wegstrecke.png 695w\" sizes=\"auto, (max-width: 470px) 100vw, 470px\" \/><\/a><figcaption id=\"caption-attachment-170716\" class=\"wp-caption-text\">Die zur\u00fcckgelegten Wegstrecken von Januar bis August 2023<\/figcaption><\/figure>\n<p>Gleichzeitig ist im August die Aktion &#8222;Mit dem Rad zur Arbeit&#8220; zu Ende gegangen, <a href=\"https:\/\/www.andreas-edler.de\/blog\/2016\/04\/mit-dem-rad-zur-arbeit-ohne-mich\/\" rel=\"noopener\" target=\"_blank\">bei der ich tradtitionell nicht mit mache<\/a>. H\u00e4tte ich dies getan, dann w\u00e4re ich von den 87 Werktagen an an 65 Tagen mit dem Rad zur Arbeit gefahren, h\u00e4tte an einem Tag das Auto genutzt und an 22 Tagen Urlaub oder Krankheit gehabt. Dabei w\u00e4ren 476 Kilometer mit dem Fahrrad zur\u00fcck gelegt worden. Aber ich mach dabei ja nicht mit!<\/p>\n","protected":false},"excerpt":{"rendered":"<p>Der August war ein wenig regenreicher als der Rest des Jahres. Ich habe sogar einmal Rainlegs getragen! Ansonsten alles unspektakul\u00e4r. An keinem Tag das Auto benutzt, kein Homeoffice gemacht und auch nicht Bahn gefahren. Immer nur langweilig auf das Fahrrad &hellip;<\/p>\n<p class=\"read-more\"> <a class=\"more-link\" href=\"https:\/\/www.andreas-edler.de\/blog\/2023\/08\/verkehrsmittel-und-wetterlage-im-august-2023\/\"> <span class=\"screen-reader-text\">Verkehrsmittel und Wetterlage im August 2023<\/span> Weiterlesen &raquo;<\/a><\/p>\n","protected":false},"author":1,"featured_media":0,"comment_status":"open","ping_status":"open","sticky":false,"template":"","format":"standard","meta":{"ngg_post_thumbnail":0,"activitypub_content_warning":"","activitypub_content_visibility":"","activitypub_max_image_attachments":2,"activitypub_interaction_policy_quote":"anyone","activitypub_status":"","footnotes":""},"categories":[15,13],"tags":[168,412,158,244,374,53],"class_list":["post-170568","post","type-post","status-publish","format-standard","hentry","category-fahrrad","category-verkehr","tag-klimafreundliche-mobilitaet","tag-mdrza","tag-mit-dem-rad-zur-arbeit","tag-verkehrsmittel-und-wetterlage","tag-verkehrswende","tag-wetter"],"share_on_mastodon":{"url":"https:\/\/social.tchncs.de\/@filmfacts\/111120196562258206","error":""},"_links":{"self":[{"href":"https:\/\/www.andreas-edler.de\/blog\/wp-json\/wp\/v2\/posts\/170568","targetHints":{"allow":["GET"]}}],"collection":[{"href":"https:\/\/www.andreas-edler.de\/blog\/wp-json\/wp\/v2\/posts"}],"about":[{"href":"https:\/\/www.andreas-edler.de\/blog\/wp-json\/wp\/v2\/types\/post"}],"author":[{"embeddable":true,"href":"https:\/\/www.andreas-edler.de\/blog\/wp-json\/wp\/v2\/users\/1"}],"replies":[{"embeddable":true,"href":"https:\/\/www.andreas-edler.de\/blog\/wp-json\/wp\/v2\/comments?post=170568"}],"version-history":[{"count":0,"href":"https:\/\/www.andreas-edler.de\/blog\/wp-json\/wp\/v2\/posts\/170568\/revisions"}],"wp:attachment":[{"href":"https:\/\/www.andreas-edler.de\/blog\/wp-json\/wp\/v2\/media?parent=170568"}],"wp:term":[{"taxonomy":"category","embeddable":true,"href":"https:\/\/www.andreas-edler.de\/blog\/wp-json\/wp\/v2\/categories?post=170568"},{"taxonomy":"post_tag","embeddable":true,"href":"https:\/\/www.andreas-edler.de\/blog\/wp-json\/wp\/v2\/tags?post=170568"}],"curies":[{"name":"wp","href":"https:\/\/api.w.org\/{rel}","templated":true}]}}