{"id":170525,"date":"2023-09-12T07:56:12","date_gmt":"2023-09-12T05:56:12","guid":{"rendered":"https:\/\/www.andreas-edler.de\/blog\/?p=170525"},"modified":"2023-09-12T08:01:00","modified_gmt":"2023-09-12T06:01:00","slug":"neue-sielwehrbruecke-freigegeben","status":"publish","type":"post","link":"https:\/\/www.andreas-edler.de\/blog\/2023\/09\/neue-sielwehrbruecke-freigegeben\/","title":{"rendered":"neue Sielwehrbr\u00fccke freigegeben"},"content":{"rendered":"<p>Lange hat es gedauert, bis die neue Br\u00fccke \u00fcber die Werre endlich fertig gestellt wurde. <a href=\"https:\/\/www.andreas-edler.de\/blog\/2013\/12\/sielwehrbruecke\/\" rel=\"noopener\" target=\"_blank\">Vor zehn Jahren<\/a> sah es jedenfalls schon so aus, als ob die alte Br\u00fccke am n\u00e4chsten Tag schon nicht mehr zu benutzen w\u00e4re. <a href=\"https:\/\/www.andreas-edler.de\/blog\/2022\/01\/sielwehrbruecke-wird-neu-gebaut\/\" rel=\"noopener\" target=\"_blank\">Fast zwei Jahre hat der Bau der Nachfolgerin gedauert.<\/a> Seit gestern darf man die neue \u00dcberfahrt \u00fcber das Gew\u00e4sser nun nutzen! Ob es wirklich nur am Material und den Kosten lag, welche die Verz\u00f6gerungen bedingten, sei dahin gestellt. <\/p>\n<figure id=\"attachment_170526\" aria-describedby=\"caption-attachment-170526\" style=\"width: 470px\" class=\"wp-caption aligncenter\"><a href=\"https:\/\/www.andreas-edler.de\/blog\/wp-content\/uploads\/2023\/09\/2023-09-11-16.18.19.jpg\"><img loading=\"lazy\" decoding=\"async\" src=\"https:\/\/www.andreas-edler.de\/blog\/wp-content\/uploads\/2023\/09\/2023-09-11-16.18.19-470x317.jpg\" alt=\"\" width=\"470\" height=\"317\" class=\"size-large wp-image-170526\" srcset=\"https:\/\/www.andreas-edler.de\/blog\/wp-content\/uploads\/2023\/09\/2023-09-11-16.18.19-470x317.jpg 470w, https:\/\/www.andreas-edler.de\/blog\/wp-content\/uploads\/2023\/09\/2023-09-11-16.18.19-250x169.jpg 250w, https:\/\/www.andreas-edler.de\/blog\/wp-content\/uploads\/2023\/09\/2023-09-11-16.18.19-768x518.jpg 768w, https:\/\/www.andreas-edler.de\/blog\/wp-content\/uploads\/2023\/09\/2023-09-11-16.18.19-100x67.jpg 100w, https:\/\/www.andreas-edler.de\/blog\/wp-content\/uploads\/2023\/09\/2023-09-11-16.18.19-150x101.jpg 150w, https:\/\/www.andreas-edler.de\/blog\/wp-content\/uploads\/2023\/09\/2023-09-11-16.18.19-200x135.jpg 200w, https:\/\/www.andreas-edler.de\/blog\/wp-content\/uploads\/2023\/09\/2023-09-11-16.18.19-300x202.jpg 300w, https:\/\/www.andreas-edler.de\/blog\/wp-content\/uploads\/2023\/09\/2023-09-11-16.18.19-450x303.jpg 450w, https:\/\/www.andreas-edler.de\/blog\/wp-content\/uploads\/2023\/09\/2023-09-11-16.18.19-600x405.jpg 600w, https:\/\/www.andreas-edler.de\/blog\/wp-content\/uploads\/2023\/09\/2023-09-11-16.18.19-900x607.jpg 900w, https:\/\/www.andreas-edler.de\/blog\/wp-content\/uploads\/2023\/09\/2023-09-11-16.18.19.jpg 1280w\" sizes=\"auto, (max-width: 470px) 100vw, 470px\" \/><\/a><figcaption id=\"caption-attachment-170526\" class=\"wp-caption-text\">S\u00fcdliche Seite der neuen Sielwehrbr\u00fccke<\/figcaption><\/figure>\n<p>Sch\u00f6n breit! Ja, da kommt man nun gut r\u00fcber und wenn alle ein bisschen aufpassen ist auch f\u00fcr Menschen auf dem Rad und zu Fu\u00df genug Platz, um gleichzeitig die Br\u00fccke zu nutzen.<\/p>\n<figure id=\"attachment_170527\" aria-describedby=\"caption-attachment-170527\" style=\"width: 470px\" class=\"wp-caption aligncenter\"><a href=\"https:\/\/www.andreas-edler.de\/blog\/wp-content\/uploads\/2023\/09\/2023-09-11-16.17.36.jpg\"><img loading=\"lazy\" decoding=\"async\" src=\"https:\/\/www.andreas-edler.de\/blog\/wp-content\/uploads\/2023\/09\/2023-09-11-16.17.36-470x197.jpg\" alt=\"\" width=\"470\" height=\"197\" class=\"size-large wp-image-170527\" srcset=\"https:\/\/www.andreas-edler.de\/blog\/wp-content\/uploads\/2023\/09\/2023-09-11-16.17.36-470x197.jpg 470w, https:\/\/www.andreas-edler.de\/blog\/wp-content\/uploads\/2023\/09\/2023-09-11-16.17.36-250x105.jpg 250w, https:\/\/www.andreas-edler.de\/blog\/wp-content\/uploads\/2023\/09\/2023-09-11-16.17.36-768x322.jpg 768w, https:\/\/www.andreas-edler.de\/blog\/wp-content\/uploads\/2023\/09\/2023-09-11-16.17.36-100x42.jpg 100w, https:\/\/www.andreas-edler.de\/blog\/wp-content\/uploads\/2023\/09\/2023-09-11-16.17.36-150x63.jpg 150w, https:\/\/www.andreas-edler.de\/blog\/wp-content\/uploads\/2023\/09\/2023-09-11-16.17.36-200x84.jpg 200w, https:\/\/www.andreas-edler.de\/blog\/wp-content\/uploads\/2023\/09\/2023-09-11-16.17.36-300x126.jpg 300w, https:\/\/www.andreas-edler.de\/blog\/wp-content\/uploads\/2023\/09\/2023-09-11-16.17.36-450x189.jpg 450w, https:\/\/www.andreas-edler.de\/blog\/wp-content\/uploads\/2023\/09\/2023-09-11-16.17.36-600x251.jpg 600w, https:\/\/www.andreas-edler.de\/blog\/wp-content\/uploads\/2023\/09\/2023-09-11-16.17.36-900x377.jpg 900w, https:\/\/www.andreas-edler.de\/blog\/wp-content\/uploads\/2023\/09\/2023-09-11-16.17.36.jpg 981w\" sizes=\"auto, (max-width: 470px) 100vw, 470px\" \/><\/a><figcaption id=\"caption-attachment-170527\" class=\"wp-caption-text\">Zufahrt von S\u00fcden verboten!<\/figcaption><\/figure>\n<p>Allerdings erlaubt die Stadt die Nutzung den von S\u00fcden mit Fahrzeugen anrollenden Menschen nicht! Ein Zeichen 250 verbietet die Durchfahrt! <a href=\"https:\/\/www.andreas-edler.de\/blog\/2023\/07\/fahrradfahrer-sollen-doch-einfach-irgendwo-fahren\/\" rel=\"noopener\" target=\"_blank\">So wie an der Sch\u00fctzenbr\u00fccke<\/a> &#8211; nur hier ohne Ausnahmen. Fairerweise glaube ich, dass das nicht beabsichtigt ist und wieder mal nur vergessen wurde, die Beschilderung anzupassen. Leider ist das in Bad Oeynhausen ja keine Seltenheit.<\/p>\n<figure id=\"attachment_170528\" aria-describedby=\"caption-attachment-170528\" style=\"width: 470px\" class=\"wp-caption aligncenter\"><a href=\"https:\/\/www.andreas-edler.de\/blog\/wp-content\/uploads\/2023\/09\/2023-09-11-16.21.07.jpg\"><img loading=\"lazy\" decoding=\"async\" src=\"https:\/\/www.andreas-edler.de\/blog\/wp-content\/uploads\/2023\/09\/2023-09-11-16.21.07-470x148.jpg\" alt=\"\" width=\"470\" height=\"148\" class=\"size-large wp-image-170528\" srcset=\"https:\/\/www.andreas-edler.de\/blog\/wp-content\/uploads\/2023\/09\/2023-09-11-16.21.07-470x148.jpg 470w, https:\/\/www.andreas-edler.de\/blog\/wp-content\/uploads\/2023\/09\/2023-09-11-16.21.07-250x79.jpg 250w, https:\/\/www.andreas-edler.de\/blog\/wp-content\/uploads\/2023\/09\/2023-09-11-16.21.07-768x242.jpg 768w, https:\/\/www.andreas-edler.de\/blog\/wp-content\/uploads\/2023\/09\/2023-09-11-16.21.07-100x31.jpg 100w, https:\/\/www.andreas-edler.de\/blog\/wp-content\/uploads\/2023\/09\/2023-09-11-16.21.07-150x47.jpg 150w, https:\/\/www.andreas-edler.de\/blog\/wp-content\/uploads\/2023\/09\/2023-09-11-16.21.07-200x63.jpg 200w, https:\/\/www.andreas-edler.de\/blog\/wp-content\/uploads\/2023\/09\/2023-09-11-16.21.07-300x94.jpg 300w, https:\/\/www.andreas-edler.de\/blog\/wp-content\/uploads\/2023\/09\/2023-09-11-16.21.07-450x142.jpg 450w, https:\/\/www.andreas-edler.de\/blog\/wp-content\/uploads\/2023\/09\/2023-09-11-16.21.07-600x189.jpg 600w, https:\/\/www.andreas-edler.de\/blog\/wp-content\/uploads\/2023\/09\/2023-09-11-16.21.07-900x283.jpg 900w, https:\/\/www.andreas-edler.de\/blog\/wp-content\/uploads\/2023\/09\/2023-09-11-16.21.07.jpg 1280w\" sizes=\"auto, (max-width: 470px) 100vw, 470px\" \/><\/a><figcaption id=\"caption-attachment-170528\" class=\"wp-caption-text\">N\u00f6rdliche Seite der neuen Br\u00fccke.<\/figcaption><\/figure>\n<p>Und so verwundert es dann auch nicht, dass auf der n\u00f6rdlichen Seite ebenfalls noch keine Beschilderung vorhanden ist. Von hier sieht es sogar so aus, als d\u00fcrfe man mit einem PKW auf die andere Seite fahren. Jedenfalls habe ich gestern ganz erfreut den vor einiger Zeit frisch asphaltierten Weg entlang der Werre f\u00fcr den Weg nach Hause genutzt. Bisher war dieser f\u00fcr den Radverkehr nicht zugelassen!<\/p>\n<p>&#8222;Fr\u00fcher&#8220; war es \u00fcbrigens auch so, dass zu solchen Er\u00f6ffnungen auch die Politik eingeladen wurde. Entweder der ganze Stadtrat, zumindest aber die an den Entscheidungen beteiligten Mitglieder der Aussch\u00fcsse. Ich w\u00fcrde bei sowas auch keine Schnittchen oder Sekt erwarten, es w\u00e4re aber eine nette Geste, wenn man seitens des Verwaltungsvorstandes zumindest die Termine mitteilen w\u00fcrde mit der Bemerkung &#8222;Kommt doch auch vorbei und schaut euch das an!&#8220;. Wie gesagt, noch vor wenigen Jahren war das durchaus \u00fcblich. Inzwischen scheint man aber lieber alleine zu pr\u00e4sentieren, was in der Politik beschlossen wurde. Das ist im \u00fcbrigen noch nicht einmal mir so deutlich aufgefallen, aber es wird in Gespr\u00e4chen immer \u00f6fter Missfallen \u00fcber diese Vorgehensweise ge\u00e4u\u00dfert. Nunja, vieleicht wollte man vermeiden, dass auf sowas wie eine fehlende Beschilderung nach Freigabe hingewiesen wird ;-)<\/p>\n","protected":false},"excerpt":{"rendered":"<p>Lange hat es gedauert, bis die neue Br\u00fccke \u00fcber die Werre endlich fertig gestellt wurde. Vor zehn Jahren sah es jedenfalls schon so aus, als ob die alte Br\u00fccke am n\u00e4chsten Tag schon nicht mehr zu benutzen w\u00e4re. Fast zwei &hellip;<\/p>\n<p class=\"read-more\"> <a class=\"more-link\" href=\"https:\/\/www.andreas-edler.de\/blog\/2023\/09\/neue-sielwehrbruecke-freigegeben\/\"> <span class=\"screen-reader-text\">neue Sielwehrbr\u00fccke freigegeben<\/span> Weiterlesen &raquo;<\/a><\/p>\n","protected":false},"author":1,"featured_media":0,"comment_status":"open","ping_status":"open","sticky":false,"template":"","format":"standard","meta":{"ngg_post_thumbnail":0,"activitypub_content_warning":"","activitypub_content_visibility":"","activitypub_max_image_attachments":2,"activitypub_interaction_policy_quote":"anyone","activitypub_status":"","footnotes":""},"categories":[14,15,45,13],"tags":[547,580,237,110,251,168,125,77,72,508],"class_list":["post-170525","post","type-post","status-publish","format-standard","hentry","category-bad-oeynhausen","category-fahrrad","category-politik","category-verkehr","tag-am-kokturkanal","tag-am-siel","tag-ausschuss-fuer-stadtentwicklung","tag-fahrradfreundliche-stadt","tag-infrastruktur","tag-klimafreundliche-mobilitaet","tag-sielwehr","tag-stadtrat","tag-verwaltung","tag-werre"],"share_on_mastodon":{"url":"https:\/\/social.tchncs.de\/@filmfacts\/111050633446756626","error":""},"_links":{"self":[{"href":"https:\/\/www.andreas-edler.de\/blog\/wp-json\/wp\/v2\/posts\/170525","targetHints":{"allow":["GET"]}}],"collection":[{"href":"https:\/\/www.andreas-edler.de\/blog\/wp-json\/wp\/v2\/posts"}],"about":[{"href":"https:\/\/www.andreas-edler.de\/blog\/wp-json\/wp\/v2\/types\/post"}],"author":[{"embeddable":true,"href":"https:\/\/www.andreas-edler.de\/blog\/wp-json\/wp\/v2\/users\/1"}],"replies":[{"embeddable":true,"href":"https:\/\/www.andreas-edler.de\/blog\/wp-json\/wp\/v2\/comments?post=170525"}],"version-history":[{"count":0,"href":"https:\/\/www.andreas-edler.de\/blog\/wp-json\/wp\/v2\/posts\/170525\/revisions"}],"wp:attachment":[{"href":"https:\/\/www.andreas-edler.de\/blog\/wp-json\/wp\/v2\/media?parent=170525"}],"wp:term":[{"taxonomy":"category","embeddable":true,"href":"https:\/\/www.andreas-edler.de\/blog\/wp-json\/wp\/v2\/categories?post=170525"},{"taxonomy":"post_tag","embeddable":true,"href":"https:\/\/www.andreas-edler.de\/blog\/wp-json\/wp\/v2\/tags?post=170525"}],"curies":[{"name":"wp","href":"https:\/\/api.w.org\/{rel}","templated":true}]}}