{"id":170429,"date":"2023-09-03T14:04:15","date_gmt":"2023-09-03T12:04:15","guid":{"rendered":"https:\/\/www.andreas-edler.de\/blog\/?p=170429"},"modified":"2023-09-06T08:18:30","modified_gmt":"2023-09-06T06:18:30","slug":"radweg-unter-der-neuen-eisenbahnbruecke-der-steinstrasse","status":"publish","type":"post","link":"https:\/\/www.andreas-edler.de\/blog\/2023\/09\/radweg-unter-der-neuen-eisenbahnbruecke-der-steinstrasse\/","title":{"rendered":"Radweg unter der neuen Eisenbahnbr\u00fccke der Steinstra\u00dfe"},"content":{"rendered":"<p>Seit ein paar Tagen ist die Steinstra\u00dfe im Bereich der Eisenbahnbr\u00fccke nach Jahren wieder f\u00fcr den Verkehr frei gegeben worden. War es vor dem Neubau der Br\u00fccke schon keine Freude mit dem Fahrrad darunter her zu fahren, war ich gespannt, wie man das nun neu gel\u00f6st hat. Der kombinierte Geh- und Radweg ist aus mir nicht erkl\u00e4rlichen Gr\u00fcnden dort immerhin f\u00fcr fahrr\u00e4der benutzungspflichtig.<\/p>\n<figure id=\"attachment_170430\" aria-describedby=\"caption-attachment-170430\" style=\"width: 470px\" class=\"wp-caption aligncenter\"><a href=\"https:\/\/www.andreas-edler.de\/blog\/wp-content\/uploads\/2023\/09\/2023-08-30-08.12.09.jpg\"><img loading=\"lazy\" decoding=\"async\" src=\"https:\/\/www.andreas-edler.de\/blog\/wp-content\/uploads\/2023\/09\/2023-08-30-08.12.09-470x221.jpg\" alt=\"\" width=\"470\" height=\"221\" class=\"size-large wp-image-170430\" srcset=\"https:\/\/www.andreas-edler.de\/blog\/wp-content\/uploads\/2023\/09\/2023-08-30-08.12.09-470x221.jpg 470w, https:\/\/www.andreas-edler.de\/blog\/wp-content\/uploads\/2023\/09\/2023-08-30-08.12.09-250x118.jpg 250w, https:\/\/www.andreas-edler.de\/blog\/wp-content\/uploads\/2023\/09\/2023-08-30-08.12.09-768x362.jpg 768w, https:\/\/www.andreas-edler.de\/blog\/wp-content\/uploads\/2023\/09\/2023-08-30-08.12.09-100x47.jpg 100w, https:\/\/www.andreas-edler.de\/blog\/wp-content\/uploads\/2023\/09\/2023-08-30-08.12.09-150x71.jpg 150w, https:\/\/www.andreas-edler.de\/blog\/wp-content\/uploads\/2023\/09\/2023-08-30-08.12.09-200x94.jpg 200w, https:\/\/www.andreas-edler.de\/blog\/wp-content\/uploads\/2023\/09\/2023-08-30-08.12.09-300x141.jpg 300w, https:\/\/www.andreas-edler.de\/blog\/wp-content\/uploads\/2023\/09\/2023-08-30-08.12.09-450x212.jpg 450w, https:\/\/www.andreas-edler.de\/blog\/wp-content\/uploads\/2023\/09\/2023-08-30-08.12.09-600x283.jpg 600w, https:\/\/www.andreas-edler.de\/blog\/wp-content\/uploads\/2023\/09\/2023-08-30-08.12.09-900x424.jpg 900w, https:\/\/www.andreas-edler.de\/blog\/wp-content\/uploads\/2023\/09\/2023-08-30-08.12.09.jpg 1280w\" sizes=\"auto, (max-width: 470px) 100vw, 470px\" \/><\/a><figcaption id=\"caption-attachment-170430\" class=\"wp-caption-text\">Steinstra\u00dfe: Richtung S\u00fcden vor der Unterf\u00fchrung<\/figcaption><\/figure>\n<p>Von Norden nach S\u00fcden fahrend ist der Radwegteil noch rot gepflastert. W\u00fcrde dort die Streckenkontrolle nicht Fr\u00fchst\u00fcck machen, k\u00f6nnte man dort auch bequem und ungehindert fahren. Dachte ich.<\/p>\n<figure id=\"attachment_170431\" aria-describedby=\"caption-attachment-170431\" style=\"width: 470px\" class=\"wp-caption aligncenter\"><a href=\"https:\/\/www.andreas-edler.de\/blog\/wp-content\/uploads\/2023\/09\/2023-08-30-08.12.51.jpg\"><img loading=\"lazy\" decoding=\"async\" src=\"https:\/\/www.andreas-edler.de\/blog\/wp-content\/uploads\/2023\/09\/2023-08-30-08.12.51-470x157.jpg\" alt=\"\" width=\"470\" height=\"157\" class=\"size-large wp-image-170431\" srcset=\"https:\/\/www.andreas-edler.de\/blog\/wp-content\/uploads\/2023\/09\/2023-08-30-08.12.51-470x157.jpg 470w, https:\/\/www.andreas-edler.de\/blog\/wp-content\/uploads\/2023\/09\/2023-08-30-08.12.51-250x83.jpg 250w, https:\/\/www.andreas-edler.de\/blog\/wp-content\/uploads\/2023\/09\/2023-08-30-08.12.51-768x256.jpg 768w, https:\/\/www.andreas-edler.de\/blog\/wp-content\/uploads\/2023\/09\/2023-08-30-08.12.51-100x33.jpg 100w, https:\/\/www.andreas-edler.de\/blog\/wp-content\/uploads\/2023\/09\/2023-08-30-08.12.51-150x50.jpg 150w, https:\/\/www.andreas-edler.de\/blog\/wp-content\/uploads\/2023\/09\/2023-08-30-08.12.51-200x67.jpg 200w, https:\/\/www.andreas-edler.de\/blog\/wp-content\/uploads\/2023\/09\/2023-08-30-08.12.51-300x100.jpg 300w, https:\/\/www.andreas-edler.de\/blog\/wp-content\/uploads\/2023\/09\/2023-08-30-08.12.51-450x150.jpg 450w, https:\/\/www.andreas-edler.de\/blog\/wp-content\/uploads\/2023\/09\/2023-08-30-08.12.51-600x200.jpg 600w, https:\/\/www.andreas-edler.de\/blog\/wp-content\/uploads\/2023\/09\/2023-08-30-08.12.51-900x300.jpg 900w, https:\/\/www.andreas-edler.de\/blog\/wp-content\/uploads\/2023\/09\/2023-08-30-08.12.51.jpg 1280w\" sizes=\"auto, (max-width: 470px) 100vw, 470px\" \/><\/a><figcaption id=\"caption-attachment-170431\" class=\"wp-caption-text\">Ampelmast wieder im Radwegteil.<\/figcaption><\/figure>\n<p>War vorher schon Mist, wurde aber genau gleich wieder aufgebaut. Die erste Ampelmast f\u00fcr den motorisierten Verkehr steht in der leichten Rechtskurve wieder im Bereich des Radweges. Damit das nicht mehr so auff\u00e4llt, hat mein einfach direkt vor dem Masten mit der zweifarbigen Pflasterung aufgeh\u00f6rt. Man sieht es unter dem, den Radweg blockierenden, Fahrzeug sehr deutlich. Das man sich nun im Bereich von Zeichen Zeichen 240 und nicht mehr 241 befindet, ist \u00fcbrigens nicht gesondert ausgeschildert. Da kommt man schon mit zurecht.<\/p>\n<figure id=\"attachment_170433\" aria-describedby=\"caption-attachment-170433\" style=\"width: 470px\" class=\"wp-caption aligncenter\"><a href=\"https:\/\/www.andreas-edler.de\/blog\/wp-content\/uploads\/2023\/09\/2023-08-30-08.13.29.jpg\"><img loading=\"lazy\" decoding=\"async\" src=\"https:\/\/www.andreas-edler.de\/blog\/wp-content\/uploads\/2023\/09\/2023-08-30-08.13.29-470x224.jpg\" alt=\"\" width=\"470\" height=\"224\" class=\"size-large wp-image-170433\" srcset=\"https:\/\/www.andreas-edler.de\/blog\/wp-content\/uploads\/2023\/09\/2023-08-30-08.13.29-470x224.jpg 470w, https:\/\/www.andreas-edler.de\/blog\/wp-content\/uploads\/2023\/09\/2023-08-30-08.13.29-250x119.jpg 250w, https:\/\/www.andreas-edler.de\/blog\/wp-content\/uploads\/2023\/09\/2023-08-30-08.13.29-768x367.jpg 768w, https:\/\/www.andreas-edler.de\/blog\/wp-content\/uploads\/2023\/09\/2023-08-30-08.13.29-100x48.jpg 100w, https:\/\/www.andreas-edler.de\/blog\/wp-content\/uploads\/2023\/09\/2023-08-30-08.13.29-150x72.jpg 150w, https:\/\/www.andreas-edler.de\/blog\/wp-content\/uploads\/2023\/09\/2023-08-30-08.13.29-200x95.jpg 200w, https:\/\/www.andreas-edler.de\/blog\/wp-content\/uploads\/2023\/09\/2023-08-30-08.13.29-300x143.jpg 300w, https:\/\/www.andreas-edler.de\/blog\/wp-content\/uploads\/2023\/09\/2023-08-30-08.13.29-450x215.jpg 450w, https:\/\/www.andreas-edler.de\/blog\/wp-content\/uploads\/2023\/09\/2023-08-30-08.13.29-600x286.jpg 600w, https:\/\/www.andreas-edler.de\/blog\/wp-content\/uploads\/2023\/09\/2023-08-30-08.13.29-900x430.jpg 900w, https:\/\/www.andreas-edler.de\/blog\/wp-content\/uploads\/2023\/09\/2023-08-30-08.13.29.jpg 1280w\" sizes=\"auto, (max-width: 470px) 100vw, 470px\" \/><\/a><figcaption id=\"caption-attachment-170433\" class=\"wp-caption-text\">Keine Haltelinie f\u00fcr den Radverkehr.<\/figcaption><\/figure>\n<p><del datetime=\"2023-09-06T06:15:36+00:00\">An dieser Stelle muss ich anhalten, m\u00f6chte ich dem Verlauf der Steinstra\u00dfe folgen. Denn die Lichtzeichenanlage weiter rechts im Verlauf der Fu\u00dfg\u00e4ngerfurt zeigt auch nur das Fu\u00dfg\u00e4ngerzeichen. Somit z\u00e4hlt das Lichtzeichen f\u00fcr den motorisierten Verkehr.<\/del> Und wenn man nicht so ein Blindfisch ist wie ich, dann erkennt man auch in der kleinen Streuscheibe, das Fahrrad-Symbol. Somit ist die breite Furt f\u00fcr den Rad- und Fu\u00dfverkehr gedacht. Das finde ich fast noch schlimmer, weil es nun einfach eine Fl\u00e4che ist, wo alle wild rumstehen. Eine rote Markierung der Radverkehrsfurt fehlt selbstverst\u00e4ndlich. Die wird in Bad Oeynhausen <a href=\"https:\/\/www.andreas-edler.de\/blog\/2021\/04\/markierung-der-radwegefurt-im-kreisel-in-eidinghausen\/\" rel=\"noopener\" target=\"_blank\">nur dort aufgebracht, wo es keine benutzungspflichtigen Radwege gibt<\/a>. Wahrscheinlich um das Konfliktpotenzial auf der Fahrbahn zu erh\u00f6hen und den Radverkehr &#8211; vom vielen Hupen, Schneiden und Anp\u00f6beln genervt &#8211; auf den katastrophalen Nichtradweg im n\u00f6rdlichen Teil der Eidinghausener Stra\u00dfe zu &#8222;zwingen&#8220;.<\/p>\n<figure id=\"attachment_170434\" aria-describedby=\"caption-attachment-170434\" style=\"width: 470px\" class=\"wp-caption aligncenter\"><a href=\"https:\/\/www.andreas-edler.de\/blog\/wp-content\/uploads\/2023\/09\/2023-08-30-08.14.12.jpg\"><img loading=\"lazy\" decoding=\"async\" src=\"https:\/\/www.andreas-edler.de\/blog\/wp-content\/uploads\/2023\/09\/2023-08-30-08.14.12-470x236.jpg\" alt=\"\" width=\"470\" height=\"236\" class=\"size-large wp-image-170434\" srcset=\"https:\/\/www.andreas-edler.de\/blog\/wp-content\/uploads\/2023\/09\/2023-08-30-08.14.12-470x236.jpg 470w, https:\/\/www.andreas-edler.de\/blog\/wp-content\/uploads\/2023\/09\/2023-08-30-08.14.12-250x125.jpg 250w, https:\/\/www.andreas-edler.de\/blog\/wp-content\/uploads\/2023\/09\/2023-08-30-08.14.12-768x385.jpg 768w, https:\/\/www.andreas-edler.de\/blog\/wp-content\/uploads\/2023\/09\/2023-08-30-08.14.12-100x50.jpg 100w, https:\/\/www.andreas-edler.de\/blog\/wp-content\/uploads\/2023\/09\/2023-08-30-08.14.12-150x75.jpg 150w, https:\/\/www.andreas-edler.de\/blog\/wp-content\/uploads\/2023\/09\/2023-08-30-08.14.12-200x100.jpg 200w, https:\/\/www.andreas-edler.de\/blog\/wp-content\/uploads\/2023\/09\/2023-08-30-08.14.12-300x150.jpg 300w, https:\/\/www.andreas-edler.de\/blog\/wp-content\/uploads\/2023\/09\/2023-08-30-08.14.12-450x226.jpg 450w, https:\/\/www.andreas-edler.de\/blog\/wp-content\/uploads\/2023\/09\/2023-08-30-08.14.12-600x301.jpg 600w, https:\/\/www.andreas-edler.de\/blog\/wp-content\/uploads\/2023\/09\/2023-08-30-08.14.12-900x451.jpg 900w, https:\/\/www.andreas-edler.de\/blog\/wp-content\/uploads\/2023\/09\/2023-08-30-08.14.12.jpg 1280w\" sizes=\"auto, (max-width: 470px) 100vw, 470px\" \/><\/a><figcaption id=\"caption-attachment-170434\" class=\"wp-caption-text\">Kante des Geh- und Radwegs nicht vollst\u00e4ndig abgesenkt.<\/figcaption><\/figure>\n<p>Warum an dieser Stelle im Verlauf der Radwegfurt und der Aufstellfl\u00e4che f\u00fcr eingeschr\u00e4nkte Personen der Bordstein nicht vollst\u00e4ndig abgesenkt wurde, wird wohl niemand wissen. Ich vermute &#8222;Haben wir schon immer so gemacht!&#8220;. Wo der motorisierte Verkehr beim Abbiegen f\u00e4hrt, sieht man an den Gummir\u00fcckst\u00e4nden sehr sch\u00f6n. Wenn ich dort mit dem Rad geradeaus fahre, muss ich also aufpassen, nicht mit dem Rad weg zu glitschen, wenn der Reifen \u00fcber die Kante rutscht. <\/p>\n<p>\u00dcberhaupt frage ich mich, ob man an dieser Stelle an den Radverkehr gedacht hat. Wo geht die Radverkehrsf\u00fchrung f\u00fcr Menschen die nach rechts wollen entlang? Wenn man wollte, h\u00e4tte man es dem Radverkehr etwas einfacher machen k\u00f6nnen und eine elegantere Rechtsabbiegel\u00f6sung schaffen k\u00f6nnen. Aber gut, im Auto muss ich auch auf gr\u00fcn warten und dann abbiegen. Da hier der KFZ-Verkehr und wartende Menschen auf dem Fahrrad gleichzeitig gr\u00fcn signalisiert bekommen und keine 50 Zentimeter voneinander entfernt stehen, kann das zu sehr &#8222;lustigen&#8220; Situationen f\u00fchren. Nicht vergessen: das ist die Hauptradroute f\u00fcr den Schulverkehr zum Schulzentrum S\u00fcd. Ach, was wei\u00df ich schon.<\/p>\n<figure id=\"attachment_170436\" aria-describedby=\"caption-attachment-170436\" style=\"width: 470px\" class=\"wp-caption aligncenter\"><a href=\"https:\/\/www.andreas-edler.de\/blog\/wp-content\/uploads\/2023\/09\/2023-08-30-08.15.32.jpg\"><img loading=\"lazy\" decoding=\"async\" src=\"https:\/\/www.andreas-edler.de\/blog\/wp-content\/uploads\/2023\/09\/2023-08-30-08.15.32-470x236.jpg\" alt=\"\" width=\"470\" height=\"236\" class=\"size-large wp-image-170436\" srcset=\"https:\/\/www.andreas-edler.de\/blog\/wp-content\/uploads\/2023\/09\/2023-08-30-08.15.32-470x236.jpg 470w, https:\/\/www.andreas-edler.de\/blog\/wp-content\/uploads\/2023\/09\/2023-08-30-08.15.32-250x125.jpg 250w, https:\/\/www.andreas-edler.de\/blog\/wp-content\/uploads\/2023\/09\/2023-08-30-08.15.32-768x385.jpg 768w, https:\/\/www.andreas-edler.de\/blog\/wp-content\/uploads\/2023\/09\/2023-08-30-08.15.32-100x50.jpg 100w, https:\/\/www.andreas-edler.de\/blog\/wp-content\/uploads\/2023\/09\/2023-08-30-08.15.32-150x75.jpg 150w, https:\/\/www.andreas-edler.de\/blog\/wp-content\/uploads\/2023\/09\/2023-08-30-08.15.32-200x100.jpg 200w, https:\/\/www.andreas-edler.de\/blog\/wp-content\/uploads\/2023\/09\/2023-08-30-08.15.32-300x150.jpg 300w, https:\/\/www.andreas-edler.de\/blog\/wp-content\/uploads\/2023\/09\/2023-08-30-08.15.32-450x226.jpg 450w, https:\/\/www.andreas-edler.de\/blog\/wp-content\/uploads\/2023\/09\/2023-08-30-08.15.32-600x301.jpg 600w, https:\/\/www.andreas-edler.de\/blog\/wp-content\/uploads\/2023\/09\/2023-08-30-08.15.32-900x451.jpg 900w, https:\/\/www.andreas-edler.de\/blog\/wp-content\/uploads\/2023\/09\/2023-08-30-08.15.32.jpg 1280w\" sizes=\"auto, (max-width: 470px) 100vw, 470px\" \/><\/a><figcaption id=\"caption-attachment-170436\" class=\"wp-caption-text\">Der Gehweg wird enger und enger.<\/figcaption><\/figure>\n<p>W\u00fcrde man die Ampel ignorieren und einfach \u00fcber den kombinierten Geh- und Radweg nach rechts abbiegen wollen, dann findet man sich auf einem immer enger und enger werdenden Gehweg entlang der K\u00f6nigstra\u00dfe wieder. Dieser ist irgendwann auch f\u00fcr Menschen ohne Fahrrad zu schmal und nicht abgesenkt. Ach, was h\u00e4tte man hier mit einer Absenkung und einer F\u00fchrung f\u00fcr den Radverkehr auf die Fahrbahn doch f\u00fcr Zeichen setzen und guten Willen zeigen k\u00f6nnen. Leider nur wieder Standard mit Einschr\u00e4nkungen.<\/p>\n<p>F\u00fcr eine Kommune, die sich als Ziel die Aufnahme in die Arbeitsgemeinschaft Fahrradfreundlichen St\u00e4dte auf die Fahnen geschrieben hat, ist das bei weitem nicht genug!<\/p>\n","protected":false},"excerpt":{"rendered":"<p>Seit ein paar Tagen ist die Steinstra\u00dfe im Bereich der Eisenbahnbr\u00fccke nach Jahren wieder f\u00fcr den Verkehr frei gegeben worden. War es vor dem Neubau der Br\u00fccke schon keine Freude mit dem Fahrrad darunter her zu fahren, war ich gespannt, &hellip;<\/p>\n<p class=\"read-more\"> <a class=\"more-link\" href=\"https:\/\/www.andreas-edler.de\/blog\/2023\/09\/radweg-unter-der-neuen-eisenbahnbruecke-der-steinstrasse\/\"> <span class=\"screen-reader-text\">Radweg unter der neuen Eisenbahnbr\u00fccke der Steinstra\u00dfe<\/span> Weiterlesen &raquo;<\/a><\/p>\n<div class=\"read-more\"><a href=\"https:\/\/www.andreas-edler.de\/blog\/2023\/09\/radweg-unter-der-neuen-eisenbahnbruecke-der-steinstrasse\/\">Weiterlesen &#8250;<\/a><\/div>\n<p><!-- end of .read-more --><\/p>\n","protected":false},"author":1,"featured_media":0,"comment_status":"open","ping_status":"open","sticky":false,"template":"","format":"standard","meta":{"ngg_post_thumbnail":0,"activitypub_content_warning":"","activitypub_content_visibility":"","activitypub_max_image_attachments":2,"activitypub_interaction_policy_quote":"anyone","activitypub_status":"","footnotes":""},"categories":[14,15,13],"tags":[477,37,110,406,251,168,460,412,511,158,510,207,341,72],"class_list":["post-170429","post","type-post","status-publish","format-standard","hentry","category-bad-oeynhausen","category-fahrrad","category-verkehr","tag-alltagsradverkehr","tag-auto","tag-fahrradfreundliche-stadt","tag-fahrradklimatest","tag-infrastruktur","tag-klimafreundliche-mobilitaet","tag-koenigstrasse","tag-mdrza","tag-mdrzs","tag-mit-dem-rad-zur-arbeit","tag-mit-dem-rad-zur-schule","tag-radweg","tag-steinstrasse","tag-verwaltung"],"share_on_mastodon":{"url":"https:\/\/social.tchncs.de\/@filmfacts\/111001119600311934","error":""},"_links":{"self":[{"href":"https:\/\/www.andreas-edler.de\/blog\/wp-json\/wp\/v2\/posts\/170429","targetHints":{"allow":["GET"]}}],"collection":[{"href":"https:\/\/www.andreas-edler.de\/blog\/wp-json\/wp\/v2\/posts"}],"about":[{"href":"https:\/\/www.andreas-edler.de\/blog\/wp-json\/wp\/v2\/types\/post"}],"author":[{"embeddable":true,"href":"https:\/\/www.andreas-edler.de\/blog\/wp-json\/wp\/v2\/users\/1"}],"replies":[{"embeddable":true,"href":"https:\/\/www.andreas-edler.de\/blog\/wp-json\/wp\/v2\/comments?post=170429"}],"version-history":[{"count":0,"href":"https:\/\/www.andreas-edler.de\/blog\/wp-json\/wp\/v2\/posts\/170429\/revisions"}],"wp:attachment":[{"href":"https:\/\/www.andreas-edler.de\/blog\/wp-json\/wp\/v2\/media?parent=170429"}],"wp:term":[{"taxonomy":"category","embeddable":true,"href":"https:\/\/www.andreas-edler.de\/blog\/wp-json\/wp\/v2\/categories?post=170429"},{"taxonomy":"post_tag","embeddable":true,"href":"https:\/\/www.andreas-edler.de\/blog\/wp-json\/wp\/v2\/tags?post=170429"}],"curies":[{"name":"wp","href":"https:\/\/api.w.org\/{rel}","templated":true}]}}