{"id":170423,"date":"2023-09-01T23:22:13","date_gmt":"2023-09-01T21:22:13","guid":{"rendered":"https:\/\/www.andreas-edler.de\/blog\/?p=170423"},"modified":"2023-09-03T12:48:18","modified_gmt":"2023-09-03T10:48:18","slug":"gestaltung-von-baumscheiben-toll","status":"publish","type":"post","link":"https:\/\/www.andreas-edler.de\/blog\/2023\/09\/gestaltung-von-baumscheiben-toll\/","title":{"rendered":"Gestaltung von &#8222;Baumscheiben&#8220; &#8211; toll!"},"content":{"rendered":"<p>In der Dr-Neuh\u00e4u\u00dfer-Stra\u00dfe gab bzw. gibt es eine Fl\u00e4che zwischen Fahrbahn und Gehweg mit einem Hochbord, in dem die Bepflanzung fehlte. Seit Jahren wurde hier der Boden platt gefahren und Autos parkten auf dem Streifen.<\/p>\n<figure id=\"attachment_170424\" aria-describedby=\"caption-attachment-170424\" style=\"width: 470px\" class=\"wp-caption aligncenter\"><a href=\"https:\/\/www.andreas-edler.de\/blog\/wp-content\/uploads\/2023\/09\/2023-03-09-08.14.11.jpg\"><img loading=\"lazy\" decoding=\"async\" src=\"https:\/\/www.andreas-edler.de\/blog\/wp-content\/uploads\/2023\/09\/2023-03-09-08.14.11-470x259.jpg\" alt=\"\" width=\"470\" height=\"259\" class=\"size-large wp-image-170424\" srcset=\"https:\/\/www.andreas-edler.de\/blog\/wp-content\/uploads\/2023\/09\/2023-03-09-08.14.11-470x259.jpg 470w, https:\/\/www.andreas-edler.de\/blog\/wp-content\/uploads\/2023\/09\/2023-03-09-08.14.11-250x138.jpg 250w, https:\/\/www.andreas-edler.de\/blog\/wp-content\/uploads\/2023\/09\/2023-03-09-08.14.11-768x424.jpg 768w, https:\/\/www.andreas-edler.de\/blog\/wp-content\/uploads\/2023\/09\/2023-03-09-08.14.11-100x55.jpg 100w, https:\/\/www.andreas-edler.de\/blog\/wp-content\/uploads\/2023\/09\/2023-03-09-08.14.11-150x83.jpg 150w, https:\/\/www.andreas-edler.de\/blog\/wp-content\/uploads\/2023\/09\/2023-03-09-08.14.11-200x110.jpg 200w, https:\/\/www.andreas-edler.de\/blog\/wp-content\/uploads\/2023\/09\/2023-03-09-08.14.11-300x165.jpg 300w, https:\/\/www.andreas-edler.de\/blog\/wp-content\/uploads\/2023\/09\/2023-03-09-08.14.11-450x248.jpg 450w, https:\/\/www.andreas-edler.de\/blog\/wp-content\/uploads\/2023\/09\/2023-03-09-08.14.11-600x331.jpg 600w, https:\/\/www.andreas-edler.de\/blog\/wp-content\/uploads\/2023\/09\/2023-03-09-08.14.11-900x496.jpg 900w, https:\/\/www.andreas-edler.de\/blog\/wp-content\/uploads\/2023\/09\/2023-03-09-08.14.11.jpg 1280w\" sizes=\"auto, (max-width: 470px) 100vw, 470px\" \/><\/a><figcaption id=\"caption-attachment-170424\" class=\"wp-caption-text\">Seitestreifen der Dr.-Neuh\u00e4u\u00dfer-Stra\u00dfe im M\u00e4rz 2023<\/figcaption><\/figure>\n<p>Das sah nicht gut aus. Wir haben unter anderem deshalb bereits am <a href=\"https:\/\/www.gruene-badoeynhausen.de\/wp\/2022\/04\/antrag-absicherung-von-baumscheiben-im-stadtgebiet-von-bad-oeynhausen\/\" rel=\"noopener\" target=\"_blank\">03.04.2022 einen entsprechenden Antrag bei der Stadt eingereicht<\/a>. Im Umweltausschuss am 22.05.2022 (das ist extrem schnell!) wurde dieser tats\u00e4chlich auch beschlossen.<\/p>\n<p><cite>Umweltausschuss: <strong><a href=\"https:\/\/www.sitzungsdienst-bad-oeynhausen.de\/bi\/vo020.asp?VOLFDNR=11219\">Absicherung von Baumscheiben im Stadtgebiet von Bad Oeynhausen<\/a><\/strong><br \/>\nDer Ausschuss stimmt dem Verwaltungsvorschlag der Ausf\u00fchrung einer linearen Absicherung der Baumscheiben an notwendigen Stellen im Stadtgebiet zu. Die Umsetzung erfolgt sukzessive nach Priorit\u00e4t. <\/cite><\/p>\n<p>10.000 Euro sind daf\u00fcr jeweils f\u00fcr 2023, 2024 und 2025 in den Haushalt eingestellt worden. Irgendeine neue Absicherung konnte ich in 2023 allerdings noch nirgends entdecken.<\/p>\n<figure id=\"attachment_170425\" aria-describedby=\"caption-attachment-170425\" style=\"width: 470px\" class=\"wp-caption aligncenter\"><a href=\"https:\/\/www.andreas-edler.de\/blog\/wp-content\/uploads\/2023\/09\/2023-08-28-17.44.57.jpg\"><img loading=\"lazy\" decoding=\"async\" src=\"https:\/\/www.andreas-edler.de\/blog\/wp-content\/uploads\/2023\/09\/2023-08-28-17.44.57-470x252.jpg\" alt=\"\" width=\"470\" height=\"252\" class=\"size-large wp-image-170425\" srcset=\"https:\/\/www.andreas-edler.de\/blog\/wp-content\/uploads\/2023\/09\/2023-08-28-17.44.57-470x252.jpg 470w, https:\/\/www.andreas-edler.de\/blog\/wp-content\/uploads\/2023\/09\/2023-08-28-17.44.57-250x134.jpg 250w, https:\/\/www.andreas-edler.de\/blog\/wp-content\/uploads\/2023\/09\/2023-08-28-17.44.57-768x411.jpg 768w, https:\/\/www.andreas-edler.de\/blog\/wp-content\/uploads\/2023\/09\/2023-08-28-17.44.57-100x54.jpg 100w, https:\/\/www.andreas-edler.de\/blog\/wp-content\/uploads\/2023\/09\/2023-08-28-17.44.57-150x80.jpg 150w, https:\/\/www.andreas-edler.de\/blog\/wp-content\/uploads\/2023\/09\/2023-08-28-17.44.57-200x107.jpg 200w, https:\/\/www.andreas-edler.de\/blog\/wp-content\/uploads\/2023\/09\/2023-08-28-17.44.57-300x161.jpg 300w, https:\/\/www.andreas-edler.de\/blog\/wp-content\/uploads\/2023\/09\/2023-08-28-17.44.57-450x241.jpg 450w, https:\/\/www.andreas-edler.de\/blog\/wp-content\/uploads\/2023\/09\/2023-08-28-17.44.57-600x321.jpg 600w, https:\/\/www.andreas-edler.de\/blog\/wp-content\/uploads\/2023\/09\/2023-08-28-17.44.57-900x482.jpg 900w, https:\/\/www.andreas-edler.de\/blog\/wp-content\/uploads\/2023\/09\/2023-08-28-17.44.57.jpg 1280w\" sizes=\"auto, (max-width: 470px) 100vw, 470px\" \/><\/a><figcaption id=\"caption-attachment-170425\" class=\"wp-caption-text\">Baumst\u00fcmpfe zum Verrotten halb eingebuddelt.<\/figcaption><\/figure>\n<p>Bis ich Ende August Umgestaltungsma\u00dfnahmen auf dem Seitenstreifen der Dr.Neuh\u00e4u\u00dfer-Stra\u00dfe entdeckte. Das ist nicht exakt das, was ich mir unter einer Absicherung mit einem Stahlb\u00fcgel vorstelle, aber immerhin eine sehr sch\u00f6ne Variante. Fand ich so schon gut. So machen wir das bei uns im Garten auch regelm\u00e4\u00dfig und verteilen hier und da einen Baumstumpf, der dann verrotten darf.<\/p>\n<figure id=\"attachment_170427\" aria-describedby=\"caption-attachment-170427\" style=\"width: 470px\" class=\"wp-caption aligncenter\"><a href=\"https:\/\/www.andreas-edler.de\/blog\/wp-content\/uploads\/2023\/09\/2023-09-01-12.54.38.jpg\"><img loading=\"lazy\" decoding=\"async\" src=\"https:\/\/www.andreas-edler.de\/blog\/wp-content\/uploads\/2023\/09\/2023-09-01-12.54.38-470x236.jpg\" alt=\"\" width=\"470\" height=\"236\" class=\"size-large wp-image-170427\" srcset=\"https:\/\/www.andreas-edler.de\/blog\/wp-content\/uploads\/2023\/09\/2023-09-01-12.54.38-470x236.jpg 470w, https:\/\/www.andreas-edler.de\/blog\/wp-content\/uploads\/2023\/09\/2023-09-01-12.54.38-250x126.jpg 250w, https:\/\/www.andreas-edler.de\/blog\/wp-content\/uploads\/2023\/09\/2023-09-01-12.54.38-768x386.jpg 768w, https:\/\/www.andreas-edler.de\/blog\/wp-content\/uploads\/2023\/09\/2023-09-01-12.54.38-100x50.jpg 100w, https:\/\/www.andreas-edler.de\/blog\/wp-content\/uploads\/2023\/09\/2023-09-01-12.54.38-150x75.jpg 150w, https:\/\/www.andreas-edler.de\/blog\/wp-content\/uploads\/2023\/09\/2023-09-01-12.54.38-200x101.jpg 200w, https:\/\/www.andreas-edler.de\/blog\/wp-content\/uploads\/2023\/09\/2023-09-01-12.54.38-300x151.jpg 300w, https:\/\/www.andreas-edler.de\/blog\/wp-content\/uploads\/2023\/09\/2023-09-01-12.54.38-450x226.jpg 450w, https:\/\/www.andreas-edler.de\/blog\/wp-content\/uploads\/2023\/09\/2023-09-01-12.54.38-600x302.jpg 600w, https:\/\/www.andreas-edler.de\/blog\/wp-content\/uploads\/2023\/09\/2023-09-01-12.54.38-900x452.jpg 900w, https:\/\/www.andreas-edler.de\/blog\/wp-content\/uploads\/2023\/09\/2023-09-01-12.54.38.jpg 1267w\" sizes=\"auto, (max-width: 470px) 100vw, 470px\" \/><\/a><figcaption id=\"caption-attachment-170427\" class=\"wp-caption-text\">Sehr sch\u00f6n gestalteter Seitenstreifen<\/figcaption><\/figure>\n<p>Drei Tage sp\u00e4ter staunte ich auf dem Weg nach Hause dann nicht schlecht, dass hier sogar noch einer drauf gelegt wurde. <strong>Das<\/strong> gef\u00e4llt mir wirklich sehr gut. So kann man von mir aus an noch viel mehr Stellen im Stadtgebiet versch\u00f6nern. Ich hoffe, das h\u00e4lt auch Menschen davon ab, ihr Auto dort abzustellen. Wundern w\u00fcrde es mich aber nicht.<\/p>\n","protected":false},"excerpt":{"rendered":"<p>In der Dr-Neuh\u00e4u\u00dfer-Stra\u00dfe gab bzw. gibt es eine Fl\u00e4che zwischen Fahrbahn und Gehweg mit einem Hochbord, in dem die Bepflanzung fehlte. Seit Jahren wurde hier der Boden platt gefahren und Autos parkten auf dem Streifen. Das sah nicht gut aus. &hellip;<\/p>\n<p class=\"read-more\"> <a class=\"more-link\" href=\"https:\/\/www.andreas-edler.de\/blog\/2023\/09\/gestaltung-von-baumscheiben-toll\/\"> <span class=\"screen-reader-text\">Gestaltung von &#8222;Baumscheiben&#8220; &#8211; toll!<\/span> Weiterlesen &raquo;<\/a><\/p>\n","protected":false},"author":1,"featured_media":0,"comment_status":"open","ping_status":"open","sticky":false,"template":"","format":"standard","meta":{"ngg_post_thumbnail":0,"activitypub_content_warning":"","activitypub_content_visibility":"","activitypub_max_image_attachments":2,"activitypub_interaction_policy_quote":"anyone","activitypub_status":"","footnotes":""},"categories":[1],"tags":[],"class_list":["post-170423","post","type-post","status-publish","format-standard","hentry","category-allgemein"],"share_on_mastodon":{"url":"https:\/\/social.tchncs.de\/@filmfacts\/111000821056339335","error":""},"_links":{"self":[{"href":"https:\/\/www.andreas-edler.de\/blog\/wp-json\/wp\/v2\/posts\/170423","targetHints":{"allow":["GET"]}}],"collection":[{"href":"https:\/\/www.andreas-edler.de\/blog\/wp-json\/wp\/v2\/posts"}],"about":[{"href":"https:\/\/www.andreas-edler.de\/blog\/wp-json\/wp\/v2\/types\/post"}],"author":[{"embeddable":true,"href":"https:\/\/www.andreas-edler.de\/blog\/wp-json\/wp\/v2\/users\/1"}],"replies":[{"embeddable":true,"href":"https:\/\/www.andreas-edler.de\/blog\/wp-json\/wp\/v2\/comments?post=170423"}],"version-history":[{"count":0,"href":"https:\/\/www.andreas-edler.de\/blog\/wp-json\/wp\/v2\/posts\/170423\/revisions"}],"wp:attachment":[{"href":"https:\/\/www.andreas-edler.de\/blog\/wp-json\/wp\/v2\/media?parent=170423"}],"wp:term":[{"taxonomy":"category","embeddable":true,"href":"https:\/\/www.andreas-edler.de\/blog\/wp-json\/wp\/v2\/categories?post=170423"},{"taxonomy":"post_tag","embeddable":true,"href":"https:\/\/www.andreas-edler.de\/blog\/wp-json\/wp\/v2\/tags?post=170423"}],"curies":[{"name":"wp","href":"https:\/\/api.w.org\/{rel}","templated":true}]}}