{"id":170404,"date":"2023-08-31T07:38:10","date_gmt":"2023-08-31T05:38:10","guid":{"rendered":"https:\/\/www.andreas-edler.de\/blog\/?p=170404"},"modified":"2023-08-31T16:30:49","modified_gmt":"2023-08-31T14:30:49","slug":"fuehle-mich-von-der-verwaltung-veralbert","status":"publish","type":"post","link":"https:\/\/www.andreas-edler.de\/blog\/2023\/08\/fuehle-mich-von-der-verwaltung-veralbert\/","title":{"rendered":"F\u00fchle mich von der Verwaltung veralbert"},"content":{"rendered":"<p>Da wird im Ausschuss f\u00fcr Stadtentwicklung ein Provisorium f\u00fcr den Busverkehr vorgestellt und der Ausschuss lehnt dieses ab. Nein, das ist nicht korrekt, er m\u00f6chte den neu einzurichtenden Pendelbusverkehr angesichts der horrenden Kosten erst in den Fraktionen besprechen und dann m\u00f6glicherweise e 1\/2 Wochen sp\u00e4ter im Stadtrat beschlie\u00dfen. Denn die Zahlen wurden dem ASE erst in der Sitzung pr\u00e4sentiert. Und das auch noch mit einer angesagten Frist von 24 Stunden. Denn schon am n\u00e4chsten Tag sollte der Vertrag unterschrieben werden. Allein das ist schon frech. Vor allen Dingen angesichts der Tatsache, dass laut Verwaltung mit den Verhandlungen erst 2 1\/2 Wochen vor der Ausschusssitzung begonnen wurde &#8211; obwohl seit Monaten bekannt ist, wo der Ausweich-Busbahnhof hin kommt.<\/p>\n<p>Nun schreibt die Neue-Westf\u00e4lische heute<br \/>\n<cite>NW vom 31.08.2023: <strong><a href=\"https:\/\/epaper.nw.de\/data\/64653\/reader\/reader.html?social#!preferred\/0\/package\/64653\/pub\/135361\/page\/17\/alb\/11171847\">Der Pendelbus kommt doch<\/a><\/strong><br \/>\n[&#8230;] \u201eDer Regionalverkehr ist Sache des Kreises und wird von der MHV in dessen Auftrag organisiert\u201c, erl\u00e4utert Overath. [&#8230;]<\/cite><br \/>\nWir w\u00e4ren also im ASE gar nicht f\u00fcr alle Linien zust\u00e4ndig gewesen. Eine weitere ist f\u00fcr den \u00fcber\u00f6rtlichen Verkehr notwendig &#8211; und den m\u00fcssten wir sowieso bezahlen.<\/p>\n<p><cite>[&#8230;] Deshalb habe man auch bereits am Vormittag des 24. August \u2013 dem Tag, an dem abends der ASE tagte \u2013 im Aufsichtsrat der MHV beschlossen, eine solche Pendelbuslinie als MHV in Auftrag zu geben. [&#8230;]<\/cite><\/p>\n<p>Es stand w\u00e4hrend der Sitzung bereits fest, dass es einen Pendelbus geben w\u00fcrde! Als Begr\u00fcndung unter anderem:<br \/>\n<cite>[&#8230;] Das h\u00e4tte Auswirkungen [&#8230;] auch auf die Sch\u00fclerbef\u00f6rderung. [&#8230;]<\/cite><br \/>\nDanach hatte ich ausdr\u00fccklich gefragt und es wurde verneint!<\/p>\n<p><cite>[&#8230;] \u201eNun werden beide Pendelbuslinien der Stadt Bad Oeynhausen \u00fcber den Kreis in Rechnung gestellt, so wie es im Gesellschaftervertrag der MHV festgelegt ist\u201c [&#8230;]<\/cite><br \/>\nVon einem zweiten Pendelbus war, obwohl zu diesem Zeitpunkt schon von der MHV beschlossen, im Ausschuss nie die Rede. Auch bei den Kosten wurde nur eine Linie vorgestellt. Nun sind es also \u00fcber 1,2 Millionen Euro, die wir zahlen m\u00fcssen. Und auch h\u00e4tten zahlen m\u00fcssen, wenn wir in der vergangenen Woche beschlossen h\u00e4tten.<\/p>\n<p>Als wir damals noch im F\u00fcnferb\u00fcndnis die Erh\u00f6hung der Zusch\u00fcsse zum \u00d6PNV um 400.000 Euro beschlossen habe &#8211; ich erinnere mich lebhaft an die Diskussion in der Klausur und wie ich daf\u00fcr gesprochen habe &#8211; da standen 1,2 Millionen als die Summe im Raum, die Bad Oeynhausen aufbringen m\u00fcsse, um einen komplett fahrscheinlosen \u00d6PNV anbieten zu k\u00f6nnen! Heute zwei Pendelbuslinien.<\/p>\n<p><cite>[&#8230;] Als Fehler mag es B\u00fcrgermeister Lars B\u00f6kenkr\u00f6ger trotzdem nicht sehen, dass die Busbuchung dem ASE zur Entscheidung vorgelegt wurde. \u201eWir wollen solche Entscheidungen ja nicht an der Politik vorbei treffen\u201c, sagt er. \u201eWir sind aber davon ausgegangen, dass die Politik das mittr\u00e4gt.\u201e [&#8230;]<\/cite><\/p>\n<p>Das allerdings ist schon ein dolles Ding. Wurde da gerade gesagt &#8222;Wir wissen, dass die Politik da nichts dran machen kann, aber wir legen es trotzdem mal vor, damit die denken sie h\u00e4tten was entschieden und sich nicht \u00fcbergangen f\u00fchlen. Wir konnten ja nicht ahnen, dass die Politik Dinge nicht beschlie\u00dft, von denen sie vorher noch gar nichts wusste.&#8220;?<\/p>\n<p>Das war auch kein Fehler, es war ja offensichtlich Absicht. Und da f\u00fchle ich mich veralbert!<\/p>\n","protected":false},"excerpt":{"rendered":"<p>Da wird im Ausschuss f\u00fcr Stadtentwicklung ein Provisorium f\u00fcr den Busverkehr vorgestellt und der Ausschuss lehnt dieses ab. Nein, das ist nicht korrekt, er m\u00f6chte den neu einzurichtenden Pendelbusverkehr angesichts der horrenden Kosten erst in den Fraktionen besprechen und dann &hellip;<\/p>\n<p class=\"read-more\"> <a class=\"more-link\" href=\"https:\/\/www.andreas-edler.de\/blog\/2023\/08\/fuehle-mich-von-der-verwaltung-veralbert\/\"> <span class=\"screen-reader-text\">F\u00fchle mich von der Verwaltung veralbert<\/span> Weiterlesen &raquo;<\/a><\/p>\n","protected":false},"author":1,"featured_media":0,"comment_status":"open","ping_status":"open","sticky":false,"template":"","format":"standard","meta":{"ngg_post_thumbnail":0,"activitypub_content_warning":"","activitypub_content_visibility":"","activitypub_max_image_attachments":2,"activitypub_interaction_policy_quote":"anyone","activitypub_status":"","footnotes":""},"categories":[14,18,45,13],"tags":[237,193,225,51,208,251,191,77,535],"class_list":["post-170404","post","type-post","status-publish","format-standard","hentry","category-bad-oeynhausen","category-fraglich","category-politik","category-verkehr","tag-ausschuss-fuer-stadtentwicklung","tag-buergermeister","tag-finanzausschuss","tag-geld","tag-haushalt","tag-infrastruktur","tag-oepnv","tag-stadtrat","tag-sueltebusch"],"share_on_mastodon":{"url":"https:\/\/social.tchncs.de\/@filmfacts\/110982613628178694","error":""},"_links":{"self":[{"href":"https:\/\/www.andreas-edler.de\/blog\/wp-json\/wp\/v2\/posts\/170404","targetHints":{"allow":["GET"]}}],"collection":[{"href":"https:\/\/www.andreas-edler.de\/blog\/wp-json\/wp\/v2\/posts"}],"about":[{"href":"https:\/\/www.andreas-edler.de\/blog\/wp-json\/wp\/v2\/types\/post"}],"author":[{"embeddable":true,"href":"https:\/\/www.andreas-edler.de\/blog\/wp-json\/wp\/v2\/users\/1"}],"replies":[{"embeddable":true,"href":"https:\/\/www.andreas-edler.de\/blog\/wp-json\/wp\/v2\/comments?post=170404"}],"version-history":[{"count":0,"href":"https:\/\/www.andreas-edler.de\/blog\/wp-json\/wp\/v2\/posts\/170404\/revisions"}],"wp:attachment":[{"href":"https:\/\/www.andreas-edler.de\/blog\/wp-json\/wp\/v2\/media?parent=170404"}],"wp:term":[{"taxonomy":"category","embeddable":true,"href":"https:\/\/www.andreas-edler.de\/blog\/wp-json\/wp\/v2\/categories?post=170404"},{"taxonomy":"post_tag","embeddable":true,"href":"https:\/\/www.andreas-edler.de\/blog\/wp-json\/wp\/v2\/tags?post=170404"}],"curies":[{"name":"wp","href":"https:\/\/api.w.org\/{rel}","templated":true}]}}