{"id":170400,"date":"2023-08-19T23:39:19","date_gmt":"2023-08-19T21:39:19","guid":{"rendered":"https:\/\/www.andreas-edler.de\/blog\/?p=170400"},"modified":"2023-09-05T10:13:54","modified_gmt":"2023-09-05T08:13:54","slug":"geschenkte-fahrradstaender","status":"publish","type":"post","link":"https:\/\/www.andreas-edler.de\/blog\/2023\/08\/geschenkte-fahrradstaender\/","title":{"rendered":"geschenkte Fahrradst\u00e4nder"},"content":{"rendered":"<p>Vor Gesch\u00e4ften stehen oft &#8222;Fahrradst\u00e4nder&#8220; welche den Namen ganz und gar nicht verdienen und im Allgemeinen lediglich dazu gedacht sind, den Namen des Sponsors m\u00f6glichst gro\u00df anbringen zu k\u00f6nnen.<\/p>\n<figure id=\"attachment_170401\" aria-describedby=\"caption-attachment-170401\" style=\"width: 470px\" class=\"wp-caption aligncenter\"><a href=\"https:\/\/www.andreas-edler.de\/blog\/wp-content\/uploads\/2023\/08\/2023-08-19-09.26.22-1.jpg\"><img loading=\"lazy\" decoding=\"async\" src=\"https:\/\/www.andreas-edler.de\/blog\/wp-content\/uploads\/2023\/08\/2023-08-19-09.26.22-1-470x211.jpg\" alt=\"\" width=\"470\" height=\"211\" class=\"size-large wp-image-170401\" srcset=\"https:\/\/www.andreas-edler.de\/blog\/wp-content\/uploads\/2023\/08\/2023-08-19-09.26.22-1-470x211.jpg 470w, https:\/\/www.andreas-edler.de\/blog\/wp-content\/uploads\/2023\/08\/2023-08-19-09.26.22-1-250x112.jpg 250w, https:\/\/www.andreas-edler.de\/blog\/wp-content\/uploads\/2023\/08\/2023-08-19-09.26.22-1-768x344.jpg 768w, https:\/\/www.andreas-edler.de\/blog\/wp-content\/uploads\/2023\/08\/2023-08-19-09.26.22-1-100x45.jpg 100w, https:\/\/www.andreas-edler.de\/blog\/wp-content\/uploads\/2023\/08\/2023-08-19-09.26.22-1-150x67.jpg 150w, https:\/\/www.andreas-edler.de\/blog\/wp-content\/uploads\/2023\/08\/2023-08-19-09.26.22-1-200x90.jpg 200w, https:\/\/www.andreas-edler.de\/blog\/wp-content\/uploads\/2023\/08\/2023-08-19-09.26.22-1-300x135.jpg 300w, https:\/\/www.andreas-edler.de\/blog\/wp-content\/uploads\/2023\/08\/2023-08-19-09.26.22-1-450x202.jpg 450w, https:\/\/www.andreas-edler.de\/blog\/wp-content\/uploads\/2023\/08\/2023-08-19-09.26.22-1-600x269.jpg 600w, https:\/\/www.andreas-edler.de\/blog\/wp-content\/uploads\/2023\/08\/2023-08-19-09.26.22-1-900x404.jpg 900w, https:\/\/www.andreas-edler.de\/blog\/wp-content\/uploads\/2023\/08\/2023-08-19-09.26.22-1.jpg 1280w\" sizes=\"auto, (max-width: 470px) 100vw, 470px\" \/><\/a><figcaption id=\"caption-attachment-170401\" class=\"wp-caption-text\">Felgenbrecher und deren Nutzung<\/figcaption><\/figure>\n<p>Wir sind vor ein paar Tagen mit dem Fahrrad zu einer Klausurtagung gefahren. Als wir an der Tagungsst\u00e4tte ankamen, waren etliche Radstellpl\u00e4tze bereits belegt. Allerdings ganz offensichtlich nicht so, wie sich die Aufsteller das gedacht haben. Nicht ein einziges Fahrrad war so abgestellt, wie es die Felgenbrecher vorsahen. Alle haben das Rad neben die St\u00e4nder gestellt, um es vern\u00fcnftig am Rahmen sichern zu k\u00f6nnen. Rechts au\u00dferhalb des Bildes ist noch ein weiterer dieser St\u00e4nder, der zu dem Zeitpunkt leer war. Als wir nach ein paar Stunden heim fuhren, standen auch dort zwei R\u00e4der rechts und links der grunds\u00e4tzlich unbenutzbaren St\u00e4nder.<\/p>\n<p>Was bringt es mir denn, wenn ich mein Vorderrad 15 Zentimeter zwischen zwei dicke Dr\u00e4hte stellen kann? Die St\u00fctzen nicht, ich kann daran nicht sinnvoll anschlie\u00dfen und die Abst\u00e4nde der vorgesehenen Stellpl\u00e4tze sind viel zu klein.<\/p>\n<p>Wer solche Fahrradst\u00e4nder verschenkt, macht sich keine Gedanken darum, ob sie benutzbar sind. Und wer sie aufstellt, hat kein Interesse an Fahrradfahrenden. Beides ist schlecht.<\/p>\n<p>Wir haben <a href=\"https:\/\/www.sitzungsdienst-bad-oeynhausen.de\/bi\/vo020.asp?VOLFDNR=11655\" rel=\"noopener\" target=\"_blank\">im Ausschuss f\u00fcr Stadtentwicklung vor ein paar Wochen einen asphaltierten Radweg durch Ackerfl\u00e4chen beschlossen<\/a>, welcher ca. 400 Meter entfernt von der Lokalit\u00e4t an das Stra\u00dfennetz anschlie\u00dft und das Restaurant f\u00fcr den Radverkehr fast ohne die Nutzung von Kfz-befahrenen Stra\u00dfen aus dem Ortskern erreichbar macht. Ich mein&#8216; ja nur &#8230;<\/p>\n","protected":false},"excerpt":{"rendered":"<p>Vor Gesch\u00e4ften stehen oft &#8222;Fahrradst\u00e4nder&#8220; welche den Namen ganz und gar nicht verdienen und im Allgemeinen lediglich dazu gedacht sind, den Namen des Sponsors m\u00f6glichst gro\u00df anbringen zu k\u00f6nnen. Wir sind vor ein paar Tagen mit dem Fahrrad zu einer &hellip;<\/p>\n<p class=\"read-more\"> <a class=\"more-link\" href=\"https:\/\/www.andreas-edler.de\/blog\/2023\/08\/geschenkte-fahrradstaender\/\"> <span class=\"screen-reader-text\">geschenkte Fahrradst\u00e4nder<\/span> Weiterlesen &raquo;<\/a><\/p>\n","protected":false},"author":1,"featured_media":0,"comment_status":"open","ping_status":"open","sticky":false,"template":"","format":"standard","meta":{"ngg_post_thumbnail":0,"activitypub_content_warning":"","activitypub_content_visibility":"","activitypub_max_image_attachments":2,"activitypub_interaction_policy_quote":"anyone","activitypub_status":"","footnotes":""},"categories":[14,15],"tags":[237,110,51,153,583,251,168,33],"class_list":["post-170400","post","type-post","status-publish","format-standard","hentry","category-bad-oeynhausen","category-fahrrad","tag-ausschuss-fuer-stadtentwicklung","tag-fahrradfreundliche-stadt","tag-geld","tag-geschenke","tag-greenwashing","tag-infrastruktur","tag-klimafreundliche-mobilitaet","tag-service"],"share_on_mastodon":{"url":"https:\/\/social.tchncs.de\/@filmfacts\/110956246404293515","error":""},"_links":{"self":[{"href":"https:\/\/www.andreas-edler.de\/blog\/wp-json\/wp\/v2\/posts\/170400","targetHints":{"allow":["GET"]}}],"collection":[{"href":"https:\/\/www.andreas-edler.de\/blog\/wp-json\/wp\/v2\/posts"}],"about":[{"href":"https:\/\/www.andreas-edler.de\/blog\/wp-json\/wp\/v2\/types\/post"}],"author":[{"embeddable":true,"href":"https:\/\/www.andreas-edler.de\/blog\/wp-json\/wp\/v2\/users\/1"}],"replies":[{"embeddable":true,"href":"https:\/\/www.andreas-edler.de\/blog\/wp-json\/wp\/v2\/comments?post=170400"}],"version-history":[{"count":0,"href":"https:\/\/www.andreas-edler.de\/blog\/wp-json\/wp\/v2\/posts\/170400\/revisions"}],"wp:attachment":[{"href":"https:\/\/www.andreas-edler.de\/blog\/wp-json\/wp\/v2\/media?parent=170400"}],"wp:term":[{"taxonomy":"category","embeddable":true,"href":"https:\/\/www.andreas-edler.de\/blog\/wp-json\/wp\/v2\/categories?post=170400"},{"taxonomy":"post_tag","embeddable":true,"href":"https:\/\/www.andreas-edler.de\/blog\/wp-json\/wp\/v2\/tags?post=170400"}],"curies":[{"name":"wp","href":"https:\/\/api.w.org\/{rel}","templated":true}]}}