{"id":170394,"date":"2023-08-26T15:29:29","date_gmt":"2023-08-26T13:29:29","guid":{"rendered":"https:\/\/www.andreas-edler.de\/blog\/?p=170394"},"modified":"2023-08-31T16:39:59","modified_gmt":"2023-08-31T14:39:59","slug":"n-paar-beispiele-von-ruecksichtsvollen-menschen-im-kfz","status":"publish","type":"post","link":"https:\/\/www.andreas-edler.de\/blog\/2023\/08\/n-paar-beispiele-von-ruecksichtsvollen-menschen-im-kfz\/","title":{"rendered":"&#8217;n paar Beispiele von r\u00fccksichtsvollen Menschen im Kfz"},"content":{"rendered":"<p>Neulich habe ich den Nachwuchs von einem Freund abgeholt. Der <a href=\"https:\/\/www.andreas-edler.de\/blog\/2018\/02\/du-faehrst-mitten-auf-der-strasse\/\" rel=\"noopener\" target=\"_blank\">D\u00f6rgen ist gar nicht mal sooo breit<\/a> und auf einer Seite parken immer mehr Kfz. Eigentlich ist die Stra\u00dfe nur noch einspurig.<\/p>\n<figure id=\"attachment_170395\" aria-describedby=\"caption-attachment-170395\" style=\"width: 470px\" class=\"wp-caption aligncenter\"><a href=\"https:\/\/www.andreas-edler.de\/blog\/wp-content\/uploads\/2023\/08\/2023-08-17_doergen_enger_begegnungsverkehr_01.jpg\"><img loading=\"lazy\" decoding=\"async\" src=\"https:\/\/www.andreas-edler.de\/blog\/wp-content\/uploads\/2023\/08\/2023-08-17_doergen_enger_begegnungsverkehr_01-470x264.jpg\" alt=\"\" width=\"470\" height=\"264\" class=\"size-large wp-image-170395\" srcset=\"https:\/\/www.andreas-edler.de\/blog\/wp-content\/uploads\/2023\/08\/2023-08-17_doergen_enger_begegnungsverkehr_01-470x264.jpg 470w, https:\/\/www.andreas-edler.de\/blog\/wp-content\/uploads\/2023\/08\/2023-08-17_doergen_enger_begegnungsverkehr_01-250x141.jpg 250w, https:\/\/www.andreas-edler.de\/blog\/wp-content\/uploads\/2023\/08\/2023-08-17_doergen_enger_begegnungsverkehr_01-768x432.jpg 768w, https:\/\/www.andreas-edler.de\/blog\/wp-content\/uploads\/2023\/08\/2023-08-17_doergen_enger_begegnungsverkehr_01-1536x864.jpg 1536w, https:\/\/www.andreas-edler.de\/blog\/wp-content\/uploads\/2023\/08\/2023-08-17_doergen_enger_begegnungsverkehr_01-100x56.jpg 100w, https:\/\/www.andreas-edler.de\/blog\/wp-content\/uploads\/2023\/08\/2023-08-17_doergen_enger_begegnungsverkehr_01-150x84.jpg 150w, https:\/\/www.andreas-edler.de\/blog\/wp-content\/uploads\/2023\/08\/2023-08-17_doergen_enger_begegnungsverkehr_01-200x113.jpg 200w, https:\/\/www.andreas-edler.de\/blog\/wp-content\/uploads\/2023\/08\/2023-08-17_doergen_enger_begegnungsverkehr_01-300x169.jpg 300w, https:\/\/www.andreas-edler.de\/blog\/wp-content\/uploads\/2023\/08\/2023-08-17_doergen_enger_begegnungsverkehr_01-450x253.jpg 450w, https:\/\/www.andreas-edler.de\/blog\/wp-content\/uploads\/2023\/08\/2023-08-17_doergen_enger_begegnungsverkehr_01-600x338.jpg 600w, https:\/\/www.andreas-edler.de\/blog\/wp-content\/uploads\/2023\/08\/2023-08-17_doergen_enger_begegnungsverkehr_01-900x506.jpg 900w, https:\/\/www.andreas-edler.de\/blog\/wp-content\/uploads\/2023\/08\/2023-08-17_doergen_enger_begegnungsverkehr_01.jpg 1920w\" sizes=\"auto, (max-width: 470px) 100vw, 470px\" \/><\/a><figcaption id=\"caption-attachment-170395\" class=\"wp-caption-text\">Enger Begnungsverkehr<\/figcaption><\/figure>\n<p>Trotz in Fahrtrichtung des Kfz parkender Fahrzeuge hat der Mensch hinter dem Steuer gedacht, es sei eine gute Idee bei Gegenverkehr einfach weiter zu fahren. Ben ist ganz am recht Rand unterwegs und ich fahre immer leicht nach links versetzt dicht hinter ihm. Da ist kein Platz, um gefahrlos zu \u00fcberholen und auch nicht, um sich da von vorne durch zu quetschen. Auch im Auto kann man mal warten. In dem Fall *muss* man sogar.<\/p>\n<figure id=\"attachment_170396\" aria-describedby=\"caption-attachment-170396\" style=\"width: 470px\" class=\"wp-caption aligncenter\"><a href=\"https:\/\/www.andreas-edler.de\/blog\/wp-content\/uploads\/2023\/08\/2023-08-17_doergen_enger_begegnungsverkehr_03.jpg\"><img loading=\"lazy\" decoding=\"async\" src=\"https:\/\/www.andreas-edler.de\/blog\/wp-content\/uploads\/2023\/08\/2023-08-17_doergen_enger_begegnungsverkehr_03-470x264.jpg\" alt=\"\" width=\"470\" height=\"264\" class=\"size-large wp-image-170396\" srcset=\"https:\/\/www.andreas-edler.de\/blog\/wp-content\/uploads\/2023\/08\/2023-08-17_doergen_enger_begegnungsverkehr_03-470x264.jpg 470w, https:\/\/www.andreas-edler.de\/blog\/wp-content\/uploads\/2023\/08\/2023-08-17_doergen_enger_begegnungsverkehr_03-250x141.jpg 250w, https:\/\/www.andreas-edler.de\/blog\/wp-content\/uploads\/2023\/08\/2023-08-17_doergen_enger_begegnungsverkehr_03-768x432.jpg 768w, https:\/\/www.andreas-edler.de\/blog\/wp-content\/uploads\/2023\/08\/2023-08-17_doergen_enger_begegnungsverkehr_03-1536x864.jpg 1536w, https:\/\/www.andreas-edler.de\/blog\/wp-content\/uploads\/2023\/08\/2023-08-17_doergen_enger_begegnungsverkehr_03-100x56.jpg 100w, https:\/\/www.andreas-edler.de\/blog\/wp-content\/uploads\/2023\/08\/2023-08-17_doergen_enger_begegnungsverkehr_03-150x84.jpg 150w, https:\/\/www.andreas-edler.de\/blog\/wp-content\/uploads\/2023\/08\/2023-08-17_doergen_enger_begegnungsverkehr_03-200x113.jpg 200w, https:\/\/www.andreas-edler.de\/blog\/wp-content\/uploads\/2023\/08\/2023-08-17_doergen_enger_begegnungsverkehr_03-300x169.jpg 300w, https:\/\/www.andreas-edler.de\/blog\/wp-content\/uploads\/2023\/08\/2023-08-17_doergen_enger_begegnungsverkehr_03-450x253.jpg 450w, https:\/\/www.andreas-edler.de\/blog\/wp-content\/uploads\/2023\/08\/2023-08-17_doergen_enger_begegnungsverkehr_03-600x338.jpg 600w, https:\/\/www.andreas-edler.de\/blog\/wp-content\/uploads\/2023\/08\/2023-08-17_doergen_enger_begegnungsverkehr_03-900x506.jpg 900w, https:\/\/www.andreas-edler.de\/blog\/wp-content\/uploads\/2023\/08\/2023-08-17_doergen_enger_begegnungsverkehr_03.jpg 1920w\" sizes=\"auto, (max-width: 470px) 100vw, 470px\" \/><\/a><figcaption id=\"caption-attachment-170396\" class=\"wp-caption-text\">Und der N\u00e4chste, der keine R\u00fccksicht nimmt.<\/figcaption><\/figure>\n<p>Es ist zum Kotzen! Von mir wird st\u00e4ndig R\u00fccksicht verlangt. Ich soll als Radfahrer meine Vorfahrt nicht &#8222;erzwingen&#8220;, ich soll &#8222;auch mal&#8220; zur\u00fcck stecken. Liebe Leute, das mache ich st\u00e4ndig. Sonst k\u00f6nnte ich das hier nicht schreiben. Der kleine Junge soll das aber in 40 Jahren auch noch k\u00f6nnen, ohne dass ihr ihn vorher \u00fcber den Haufen gefahren habt! Der Fahrer des wei\u00dfen Fahrzeugs im Hintergrund hatte \u00fcbrigens keine Probleme, die 5 Sekunden zu warten. Haben uns (unbekannterweise) gegenseitig zugenickt und weiter ging es. Es ist m\u00f6glich!<\/p>\n<figure id=\"attachment_170397\" aria-describedby=\"caption-attachment-170397\" style=\"width: 470px\" class=\"wp-caption aligncenter\"><a href=\"https:\/\/www.andreas-edler.de\/blog\/wp-content\/uploads\/2023\/08\/2023-08-22-herforder_strasse_nur_kurz_gehwegparker.jpg\"><img loading=\"lazy\" decoding=\"async\" src=\"https:\/\/www.andreas-edler.de\/blog\/wp-content\/uploads\/2023\/08\/2023-08-22-herforder_strasse_nur_kurz_gehwegparker-470x153.jpg\" alt=\"\" width=\"470\" height=\"153\" class=\"size-large wp-image-170397\" srcset=\"https:\/\/www.andreas-edler.de\/blog\/wp-content\/uploads\/2023\/08\/2023-08-22-herforder_strasse_nur_kurz_gehwegparker-470x153.jpg 470w, https:\/\/www.andreas-edler.de\/blog\/wp-content\/uploads\/2023\/08\/2023-08-22-herforder_strasse_nur_kurz_gehwegparker-250x82.jpg 250w, https:\/\/www.andreas-edler.de\/blog\/wp-content\/uploads\/2023\/08\/2023-08-22-herforder_strasse_nur_kurz_gehwegparker-768x251.jpg 768w, https:\/\/www.andreas-edler.de\/blog\/wp-content\/uploads\/2023\/08\/2023-08-22-herforder_strasse_nur_kurz_gehwegparker-100x33.jpg 100w, https:\/\/www.andreas-edler.de\/blog\/wp-content\/uploads\/2023\/08\/2023-08-22-herforder_strasse_nur_kurz_gehwegparker-150x49.jpg 150w, https:\/\/www.andreas-edler.de\/blog\/wp-content\/uploads\/2023\/08\/2023-08-22-herforder_strasse_nur_kurz_gehwegparker-200x65.jpg 200w, https:\/\/www.andreas-edler.de\/blog\/wp-content\/uploads\/2023\/08\/2023-08-22-herforder_strasse_nur_kurz_gehwegparker-300x98.jpg 300w, https:\/\/www.andreas-edler.de\/blog\/wp-content\/uploads\/2023\/08\/2023-08-22-herforder_strasse_nur_kurz_gehwegparker-450x147.jpg 450w, https:\/\/www.andreas-edler.de\/blog\/wp-content\/uploads\/2023\/08\/2023-08-22-herforder_strasse_nur_kurz_gehwegparker-600x196.jpg 600w, https:\/\/www.andreas-edler.de\/blog\/wp-content\/uploads\/2023\/08\/2023-08-22-herforder_strasse_nur_kurz_gehwegparker-900x294.jpg 900w, https:\/\/www.andreas-edler.de\/blog\/wp-content\/uploads\/2023\/08\/2023-08-22-herforder_strasse_nur_kurz_gehwegparker.jpg 1280w\" sizes=\"auto, (max-width: 470px) 100vw, 470px\" \/><\/a><figcaption id=\"caption-attachment-170397\" class=\"wp-caption-text\">Nur mal kurz den Gehweg blockieren.<\/figcaption><\/figure>\n<p>Wenn man seine Frau einsteigen lassen m\u00f6chte, dann ist es f\u00fcr Autofahrende v\u00f6llig legitim mit Schwung komplett auf den Gehweg zu fahren (Der dort auch f\u00fcr den Radverkehr freigegeben ist.) und diesen zu blockieren. Ist ja &#8222;nur kurz&#8220; und &#8222;da kommt man doch noch vorbei&#8220;. Unn\u00f6tig zu erw\u00e4hnen, dass der Mann geradeaus weiter wollte und \u00fcber den Gehweg zur Herforder Stra\u00dfe fahren wollte. War sehr konsterniert, als ich ihm signalisierte, dass ich nicht vorh\u00e4tte, mich zu bewegen.<\/p>\n<figure id=\"attachment_170398\" aria-describedby=\"caption-attachment-170398\" style=\"width: 470px\" class=\"wp-caption aligncenter\"><a href=\"https:\/\/www.andreas-edler.de\/blog\/wp-content\/uploads\/2023\/08\/2023-08-23-eidinghausener_eng_ueberholt.jpg\"><img loading=\"lazy\" decoding=\"async\" src=\"https:\/\/www.andreas-edler.de\/blog\/wp-content\/uploads\/2023\/08\/2023-08-23-eidinghausener_eng_ueberholt-470x264.jpg\" alt=\"\" width=\"470\" height=\"264\" class=\"size-large wp-image-170398\" srcset=\"https:\/\/www.andreas-edler.de\/blog\/wp-content\/uploads\/2023\/08\/2023-08-23-eidinghausener_eng_ueberholt-470x264.jpg 470w, https:\/\/www.andreas-edler.de\/blog\/wp-content\/uploads\/2023\/08\/2023-08-23-eidinghausener_eng_ueberholt-250x141.jpg 250w, https:\/\/www.andreas-edler.de\/blog\/wp-content\/uploads\/2023\/08\/2023-08-23-eidinghausener_eng_ueberholt-768x432.jpg 768w, https:\/\/www.andreas-edler.de\/blog\/wp-content\/uploads\/2023\/08\/2023-08-23-eidinghausener_eng_ueberholt-1536x864.jpg 1536w, https:\/\/www.andreas-edler.de\/blog\/wp-content\/uploads\/2023\/08\/2023-08-23-eidinghausener_eng_ueberholt-100x56.jpg 100w, https:\/\/www.andreas-edler.de\/blog\/wp-content\/uploads\/2023\/08\/2023-08-23-eidinghausener_eng_ueberholt-150x84.jpg 150w, https:\/\/www.andreas-edler.de\/blog\/wp-content\/uploads\/2023\/08\/2023-08-23-eidinghausener_eng_ueberholt-200x113.jpg 200w, https:\/\/www.andreas-edler.de\/blog\/wp-content\/uploads\/2023\/08\/2023-08-23-eidinghausener_eng_ueberholt-300x169.jpg 300w, https:\/\/www.andreas-edler.de\/blog\/wp-content\/uploads\/2023\/08\/2023-08-23-eidinghausener_eng_ueberholt-450x253.jpg 450w, https:\/\/www.andreas-edler.de\/blog\/wp-content\/uploads\/2023\/08\/2023-08-23-eidinghausener_eng_ueberholt-600x338.jpg 600w, https:\/\/www.andreas-edler.de\/blog\/wp-content\/uploads\/2023\/08\/2023-08-23-eidinghausener_eng_ueberholt-900x506.jpg 900w, https:\/\/www.andreas-edler.de\/blog\/wp-content\/uploads\/2023\/08\/2023-08-23-eidinghausener_eng_ueberholt.jpg 1920w\" sizes=\"auto, (max-width: 470px) 100vw, 470px\" \/><\/a><figcaption id=\"caption-attachment-170398\" class=\"wp-caption-text\">Lenkung offensichtlich kaputt.<\/figcaption><\/figure>\n<p>Auf der Eidinghausener Stra\u00dfe ist der rechte Radweg gesperrt. Man muss auf der Fahrbahn fahren. Leider kennen viele Menschen hinter dem Steuer motorisierter Fahrzeuge weder Verkehrsregeln noch die Bedeutung von Schildern. Wohl aber k\u00f6nnen sie BILD-Zeitung lesen und sich eine Meinung bilden, die sie dann als Stammtisch-StVO diskutieren und mit Gewalt durchsetzen. Das sind die Gr\u00fcnde f\u00fcr die meisten Unf\u00e4lle mit Radfahrenden. Warum kann der Mensch im Transporter nicht weiter links \u00fcberholen?<\/p>\n<p>All das ist \u00fcbrigens passiert, weil ich keinen Fahrradhelm trage! Der verhindert die Gef\u00e4hrdung zuverl\u00e4ssig!<\/p>\n","protected":false},"excerpt":{"rendered":"<p>Neulich habe ich den Nachwuchs von einem Freund abgeholt. Der D\u00f6rgen ist gar nicht mal sooo breit und auf einer Seite parken immer mehr Kfz. Eigentlich ist die Stra\u00dfe nur noch einspurig. Trotz in Fahrtrichtung des Kfz parkender Fahrzeuge hat &hellip;<\/p>\n<p class=\"read-more\"> <a class=\"more-link\" href=\"https:\/\/www.andreas-edler.de\/blog\/2023\/08\/n-paar-beispiele-von-ruecksichtsvollen-menschen-im-kfz\/\"> <span class=\"screen-reader-text\">&#8217;n paar Beispiele von r\u00fccksichtsvollen Menschen im Kfz<\/span> Weiterlesen &raquo;<\/a><\/p>\n","protected":false},"author":1,"featured_media":0,"comment_status":"open","ping_status":"open","sticky":false,"template":"","format":"standard","meta":{"ngg_post_thumbnail":0,"activitypub_content_warning":"","activitypub_content_visibility":"","activitypub_max_image_attachments":2,"activitypub_interaction_policy_quote":"anyone","activitypub_status":"","footnotes":""},"categories":[14,15,13],"tags":[63,362,262,110,34,127,76,461],"class_list":["post-170394","post","type-post","status-publish","format-standard","hentry","category-bad-oeynhausen","category-fahrrad","category-verkehr","tag-benehmen","tag-doergen","tag-eidinghausener-strasse","tag-fahrradfreundliche-stadt","tag-kommunikation","tag-polizei","tag-sicherheit","tag-ueberholzwang"],"share_on_mastodon":{"url":"https:\/\/social.tchncs.de\/@filmfacts\/110956155987002788","error":""},"_links":{"self":[{"href":"https:\/\/www.andreas-edler.de\/blog\/wp-json\/wp\/v2\/posts\/170394","targetHints":{"allow":["GET"]}}],"collection":[{"href":"https:\/\/www.andreas-edler.de\/blog\/wp-json\/wp\/v2\/posts"}],"about":[{"href":"https:\/\/www.andreas-edler.de\/blog\/wp-json\/wp\/v2\/types\/post"}],"author":[{"embeddable":true,"href":"https:\/\/www.andreas-edler.de\/blog\/wp-json\/wp\/v2\/users\/1"}],"replies":[{"embeddable":true,"href":"https:\/\/www.andreas-edler.de\/blog\/wp-json\/wp\/v2\/comments?post=170394"}],"version-history":[{"count":0,"href":"https:\/\/www.andreas-edler.de\/blog\/wp-json\/wp\/v2\/posts\/170394\/revisions"}],"wp:attachment":[{"href":"https:\/\/www.andreas-edler.de\/blog\/wp-json\/wp\/v2\/media?parent=170394"}],"wp:term":[{"taxonomy":"category","embeddable":true,"href":"https:\/\/www.andreas-edler.de\/blog\/wp-json\/wp\/v2\/categories?post=170394"},{"taxonomy":"post_tag","embeddable":true,"href":"https:\/\/www.andreas-edler.de\/blog\/wp-json\/wp\/v2\/tags?post=170394"}],"curies":[{"name":"wp","href":"https:\/\/api.w.org\/{rel}","templated":true}]}}