{"id":170383,"date":"2023-08-25T22:26:35","date_gmt":"2023-08-25T20:26:35","guid":{"rendered":"https:\/\/www.andreas-edler.de\/blog\/?p=170383"},"modified":"2023-08-25T22:26:35","modified_gmt":"2023-08-25T20:26:35","slug":"umleitungs-und-baustellenbeschilderung-eidinghausener-strasse","status":"publish","type":"post","link":"https:\/\/www.andreas-edler.de\/blog\/2023\/08\/umleitungs-und-baustellenbeschilderung-eidinghausener-strasse\/","title":{"rendered":"Umleitungs- und Baustellenbeschilderung Eidinghausener Stra\u00dfe"},"content":{"rendered":"<p>Ebenfalls im <a href=\"https:\/\/www.sitzungsdienst-bad-oeynhausen.de\/bi\/to010.asp?SILFDNR=4641\" rel=\"noopener\" target=\"_blank\">Ausschuss f\u00fcr Stadtentwicklung am 23.08.2023<\/a> fragte ich wieder einmal nach einer Baustellenbeschilderung, die wie so oft auf einem Geh- und Radweg steht und dort in diesem Fall mal nicht falsch, sondern komplett \u00fcberfl\u00fcssig ist. Und nat\u00fcrlich behindernd.<\/p>\n<figure id=\"attachment_170385\" aria-describedby=\"caption-attachment-170385\" style=\"width: 470px\" class=\"wp-caption aligncenter\"><a href=\"https:\/\/www.andreas-edler.de\/blog\/wp-content\/uploads\/2023\/08\/2023-08-24-07.53.44.jpg\"><img loading=\"lazy\" decoding=\"async\" src=\"https:\/\/www.andreas-edler.de\/blog\/wp-content\/uploads\/2023\/08\/2023-08-24-07.53.44-470x243.jpg\" alt=\"\" width=\"470\" height=\"243\" class=\"size-large wp-image-170385\" srcset=\"https:\/\/www.andreas-edler.de\/blog\/wp-content\/uploads\/2023\/08\/2023-08-24-07.53.44-470x243.jpg 470w, https:\/\/www.andreas-edler.de\/blog\/wp-content\/uploads\/2023\/08\/2023-08-24-07.53.44-250x129.jpg 250w, https:\/\/www.andreas-edler.de\/blog\/wp-content\/uploads\/2023\/08\/2023-08-24-07.53.44-768x397.jpg 768w, https:\/\/www.andreas-edler.de\/blog\/wp-content\/uploads\/2023\/08\/2023-08-24-07.53.44-100x52.jpg 100w, https:\/\/www.andreas-edler.de\/blog\/wp-content\/uploads\/2023\/08\/2023-08-24-07.53.44-150x78.jpg 150w, https:\/\/www.andreas-edler.de\/blog\/wp-content\/uploads\/2023\/08\/2023-08-24-07.53.44-200x103.jpg 200w, https:\/\/www.andreas-edler.de\/blog\/wp-content\/uploads\/2023\/08\/2023-08-24-07.53.44-300x155.jpg 300w, https:\/\/www.andreas-edler.de\/blog\/wp-content\/uploads\/2023\/08\/2023-08-24-07.53.44-450x233.jpg 450w, https:\/\/www.andreas-edler.de\/blog\/wp-content\/uploads\/2023\/08\/2023-08-24-07.53.44-600x310.jpg 600w, https:\/\/www.andreas-edler.de\/blog\/wp-content\/uploads\/2023\/08\/2023-08-24-07.53.44-900x465.jpg 900w, https:\/\/www.andreas-edler.de\/blog\/wp-content\/uploads\/2023\/08\/2023-08-24-07.53.44.jpg 1280w\" sizes=\"auto, (max-width: 470px) 100vw, 470px\" \/><\/a><figcaption id=\"caption-attachment-170385\" class=\"wp-caption-text\">\u00dcberfl\u00fcssige Sperrung des westlichen Gehweg der Eidinghausener Stra\u00dfe an der Einm\u00fcndung in die Mindener Stra\u00dfe.<\/figcaption><\/figure>\n<p><cite>An der Einm\u00fcndung der Eidinghausener in die Mindener Stra\u00dfe in s\u00fcdlicher Richtung ist der Rad- und Gehweg mit einem Schrankenzaun versperrt und l\u00e4sst nur einen ca. 60 Zentimeter breiten Freiraum. Beschildert wird der Hinweis f\u00fcr zu Fu\u00df Gehende wegen der Sperrung der Flutmulde. Dies ist an der Stelle \u00fcberfl\u00fcssig, da direkt vor der Baustelle eine Querung per Anforderungsampel m\u00f6glich ist.<br \/>\n<br \/>\nDer Schrankenzaun behindert und gef\u00e4hrdet den Rad- und Fu\u00dfverkehr an der Stelle in einer Kurve besonders. Ich bitte darum, die Gef\u00e4hrdung zu beseitigen.<\/cite><\/p>\n<p>Man weist auf eine Sperrung hin, die in 400 Metern erst kommt, obwohl seit Jahrzehnten in 380 Metern eine Querungshilfe per Bedarfsampel existiert. Kennt denn in der Stadt niemand die Stra\u00dfen? Durch den freien &#8222;Spalt&#8220; m\u00fcssen sich die Sch\u00fcler auf dem Fahrrad, die Radpendler und zu Fu\u00df Gehende quetschen. Denn nat\u00fcrlich darf man zu Fu\u00df da runter. Wie soll man denn sonst auch zu den Gesch\u00e4ften auf der Stra\u00dfenseite gelangen. Oder gegebenenfalls zu seiner Wohnung? Zu allem \u00dcberfluss ist dieser kombinierte Geh- und Radweg auch noch benutzungspflichtig.<\/p>\n<p>Wenn man da vorgeschriebenerweise von unten hoch f\u00e4hrt, steht man vor der Absperrung. Super gel\u00f6st. In diesem Fall wahrscheinlich von Stra\u00dfen.NRW &#8211; aber die Bad Oeynhausener Verwaltung h\u00e4tte halt schon mal was dazu sagen k\u00f6nnen.<\/p>\n","protected":false},"excerpt":{"rendered":"<p>Ebenfalls im Ausschuss f\u00fcr Stadtentwicklung am 23.08.2023 fragte ich wieder einmal nach einer Baustellenbeschilderung, die wie so oft auf einem Geh- und Radweg steht und dort in diesem Fall mal nicht falsch, sondern komplett \u00fcberfl\u00fcssig ist. Und nat\u00fcrlich behindernd. An &hellip;<\/p>\n<p class=\"read-more\"> <a class=\"more-link\" href=\"https:\/\/www.andreas-edler.de\/blog\/2023\/08\/umleitungs-und-baustellenbeschilderung-eidinghausener-strasse\/\"> <span class=\"screen-reader-text\">Umleitungs- und Baustellenbeschilderung Eidinghausener Stra\u00dfe<\/span> Weiterlesen &raquo;<\/a><\/p>\n","protected":false},"author":1,"featured_media":0,"comment_status":"open","ping_status":"open","sticky":false,"template":"","format":"standard","meta":{"ngg_post_thumbnail":0,"activitypub_content_warning":"","activitypub_content_visibility":"","activitypub_max_image_attachments":2,"activitypub_interaction_policy_quote":"anyone","activitypub_status":"","footnotes":""},"categories":[14,15,18,45,13],"tags":[262,110,251,168,412,511,270,158,510,414,474,76,498],"class_list":["post-170383","post","type-post","status-publish","format-standard","hentry","category-bad-oeynhausen","category-fahrrad","category-fraglich","category-politik","category-verkehr","tag-eidinghausener-strasse","tag-fahrradfreundliche-stadt","tag-infrastruktur","tag-klimafreundliche-mobilitaet","tag-mdrza","tag-mdrzs","tag-mindener-strasse","tag-mit-dem-rad-zur-arbeit","tag-mit-dem-rad-zur-schule","tag-runter-vom-radweg","tag-schulweg","tag-sicherheit","tag-strassen-nrw"],"share_on_mastodon":{"url":"https:\/\/social.tchncs.de\/@filmfacts\/110952133258263116","error":""},"_links":{"self":[{"href":"https:\/\/www.andreas-edler.de\/blog\/wp-json\/wp\/v2\/posts\/170383","targetHints":{"allow":["GET"]}}],"collection":[{"href":"https:\/\/www.andreas-edler.de\/blog\/wp-json\/wp\/v2\/posts"}],"about":[{"href":"https:\/\/www.andreas-edler.de\/blog\/wp-json\/wp\/v2\/types\/post"}],"author":[{"embeddable":true,"href":"https:\/\/www.andreas-edler.de\/blog\/wp-json\/wp\/v2\/users\/1"}],"replies":[{"embeddable":true,"href":"https:\/\/www.andreas-edler.de\/blog\/wp-json\/wp\/v2\/comments?post=170383"}],"version-history":[{"count":0,"href":"https:\/\/www.andreas-edler.de\/blog\/wp-json\/wp\/v2\/posts\/170383\/revisions"}],"wp:attachment":[{"href":"https:\/\/www.andreas-edler.de\/blog\/wp-json\/wp\/v2\/media?parent=170383"}],"wp:term":[{"taxonomy":"category","embeddable":true,"href":"https:\/\/www.andreas-edler.de\/blog\/wp-json\/wp\/v2\/categories?post=170383"},{"taxonomy":"post_tag","embeddable":true,"href":"https:\/\/www.andreas-edler.de\/blog\/wp-json\/wp\/v2\/tags?post=170383"}],"curies":[{"name":"wp","href":"https:\/\/api.w.org\/{rel}","templated":true}]}}