{"id":17029,"date":"2012-12-15T17:44:10","date_gmt":"2012-12-15T16:44:10","guid":{"rendered":"http:\/\/www.andreas-edler.de\/blog\/?p=17029"},"modified":"2012-12-16T23:58:19","modified_gmt":"2012-12-16T22:58:19","slug":"feierabendrunde-57","status":"publish","type":"post","link":"https:\/\/www.andreas-edler.de\/blog\/2012\/12\/feierabendrunde-57\/","title":{"rendered":"Feierabendrunde"},"content":{"rendered":"<p>Heute morgen haben wir uns den Bauch im Lohbusch-Caf\u00e9 voll geschlagen. Vierzigster Geburtstag eines Freundes und wir haben das Buffet gepl\u00fcndert. Zwischendurch habe ich den Kopf mit Sumatriptan ruhig gestellt. Danach noch lange nach Sitzgelegenheiten geschaut &#8211; unsere Sofas sind inzwischen 13 Jahre alt und beginnen (h\u00fcstel) leicht speckig und weich zu werden. <\/p>\n<p>Bauch dick und rund gefressen, viele Sitz- bzw. Liegeproben und total dune im Kopf. Zus\u00e4tzlich f\u00fchlt sich mein Magen an wie ein Stein. Da es heute trocken und warm war, habe ich mich also auf&#8217;s Rad gesetzt und bin die Runde bis zur Porta gefahren. Am Flugplatz lang und dann der Bahn folgen. Hoppla, die Baustellen sind weg! War ich wohl schon lange nicht mehr. Man kann jetzt super schnurgeradeaus auf glattestem Asphalt fahren. Sehr sch\u00f6n und fix. War trotzdem keine ber\u00fchmte Runde. Ich bin total au\u00dfer Form &#8211; sowohl von der Silhouette als auch von der Puste her.<\/p>\n<p>23 Km | 24 Km\/h Schnitt | 36,5 Km\/h max. | 102 H\u00f6henmeter<\/p>\n","protected":false},"excerpt":{"rendered":"<p>Heute morgen haben wir uns den Bauch im Lohbusch-Caf\u00e9 voll geschlagen. Vierzigster Geburtstag eines Freundes und wir haben das Buffet gepl\u00fcndert. Zwischendurch habe ich den Kopf mit Sumatriptan ruhig gestellt. Danach noch lange nach Sitzgelegenheiten geschaut &#8211; unsere Sofas sind &hellip;<\/p>\n<p class=\"read-more\"> <a class=\"more-link\" href=\"https:\/\/www.andreas-edler.de\/blog\/2012\/12\/feierabendrunde-57\/\"> <span class=\"screen-reader-text\">Feierabendrunde<\/span> Weiterlesen &raquo;<\/a><\/p>\n","protected":false},"author":1,"featured_media":0,"comment_status":"open","ping_status":"open","sticky":false,"template":"","format":"standard","meta":{"ngg_post_thumbnail":0,"activitypub_content_warning":"","activitypub_content_visibility":"","activitypub_max_image_attachments":2,"activitypub_interaction_policy_quote":"anyone","activitypub_status":"","footnotes":""},"categories":[15],"tags":[61,7,64],"class_list":["post-17029","post","type-post","status-publish","format-standard","hentry","category-fahrrad","tag-essen","tag-gesundheit","tag-konsum"],"share_on_mastodon":{"url":"","error":""},"_links":{"self":[{"href":"https:\/\/www.andreas-edler.de\/blog\/wp-json\/wp\/v2\/posts\/17029","targetHints":{"allow":["GET"]}}],"collection":[{"href":"https:\/\/www.andreas-edler.de\/blog\/wp-json\/wp\/v2\/posts"}],"about":[{"href":"https:\/\/www.andreas-edler.de\/blog\/wp-json\/wp\/v2\/types\/post"}],"author":[{"embeddable":true,"href":"https:\/\/www.andreas-edler.de\/blog\/wp-json\/wp\/v2\/users\/1"}],"replies":[{"embeddable":true,"href":"https:\/\/www.andreas-edler.de\/blog\/wp-json\/wp\/v2\/comments?post=17029"}],"version-history":[{"count":0,"href":"https:\/\/www.andreas-edler.de\/blog\/wp-json\/wp\/v2\/posts\/17029\/revisions"}],"wp:attachment":[{"href":"https:\/\/www.andreas-edler.de\/blog\/wp-json\/wp\/v2\/media?parent=17029"}],"wp:term":[{"taxonomy":"category","embeddable":true,"href":"https:\/\/www.andreas-edler.de\/blog\/wp-json\/wp\/v2\/categories?post=17029"},{"taxonomy":"post_tag","embeddable":true,"href":"https:\/\/www.andreas-edler.de\/blog\/wp-json\/wp\/v2\/tags?post=17029"}],"curies":[{"name":"wp","href":"https:\/\/api.w.org\/{rel}","templated":true}]}}