{"id":170097,"date":"2023-07-10T21:56:05","date_gmt":"2023-07-10T19:56:05","guid":{"rendered":"https:\/\/www.andreas-edler.de\/blog\/?p=170097"},"modified":"2023-07-10T21:56:05","modified_gmt":"2023-07-10T19:56:05","slug":"polizei-kontrolliert-auf-flutmuldenbruecke","status":"publish","type":"post","link":"https:\/\/www.andreas-edler.de\/blog\/2023\/07\/polizei-kontrolliert-auf-flutmuldenbruecke\/","title":{"rendered":"Polizei kontrolliert auf Flutmuldenbr\u00fccke"},"content":{"rendered":"<p>Heute morgen bin ich ausnahmsweise mal \u00fcber die Eidinghausener Stra\u00dfe ins B\u00fcro gefahren. Auf der Fahrbahn der Eidinghausener, weil man ab der Kreuzung der Werster Stra\u00dfe eh nicht mehr auf dem Radweg fahren darf und die Gegenrichtung &#8211; richtigerweise! &#8211; nicht frei gegeben ist. Und nat\u00fcrlich bin ich auch auf dem bereits fertig gestellten Teil der Flutmuldenbr\u00fccke nicht schiebend r\u00fcber gelangt, sondern bin auf der Fahrbahn gefahren. Am Ende der Br\u00fccke, gegen\u00fcber der Fahrschule Z\u00fclch hatte sich die Polizei positioniert und blitze die Eidinghausener Stra\u00dfe rauf. Auf Facebook tauschten sich die Menschen aus, die dort erwischt wurden. Einer wurde auch gerade abkassiert.<\/p>\n<p>Als ich mit dem Rad dort ankam grinste ich und wollte weiter, wurde aber ebenfalls gebeten anzuhalten! Was zur &#8230; ? Nun, ich hatte es nicht eilig, habe die Hand raus gehalten und habe gewendet. Die freundliche Polizistin sagte mir mit Blick auf meine ADFC-Weste, ich m\u00fcsse ja eigentlich wissen, dass ich da nicht fahren d\u00fcrfe!<\/p>\n<figure id=\"attachment_170100\" aria-describedby=\"caption-attachment-170100\" style=\"width: 470px\" class=\"wp-caption aligncenter\"><a href=\"https:\/\/www.andreas-edler.de\/blog\/wp-content\/uploads\/2023\/07\/2023-07-10-flutmuldenbruecke_beschilderung-1.png\"><img loading=\"lazy\" decoding=\"async\" src=\"https:\/\/www.andreas-edler.de\/blog\/wp-content\/uploads\/2023\/07\/2023-07-10-flutmuldenbruecke_beschilderung-1-470x227.png\" alt=\"\" width=\"470\" height=\"227\" class=\"size-large wp-image-170100\" srcset=\"https:\/\/www.andreas-edler.de\/blog\/wp-content\/uploads\/2023\/07\/2023-07-10-flutmuldenbruecke_beschilderung-1-470x227.png 470w, https:\/\/www.andreas-edler.de\/blog\/wp-content\/uploads\/2023\/07\/2023-07-10-flutmuldenbruecke_beschilderung-1-250x121.png 250w, https:\/\/www.andreas-edler.de\/blog\/wp-content\/uploads\/2023\/07\/2023-07-10-flutmuldenbruecke_beschilderung-1-768x371.png 768w, https:\/\/www.andreas-edler.de\/blog\/wp-content\/uploads\/2023\/07\/2023-07-10-flutmuldenbruecke_beschilderung-1-100x48.png 100w, https:\/\/www.andreas-edler.de\/blog\/wp-content\/uploads\/2023\/07\/2023-07-10-flutmuldenbruecke_beschilderung-1-150x72.png 150w, https:\/\/www.andreas-edler.de\/blog\/wp-content\/uploads\/2023\/07\/2023-07-10-flutmuldenbruecke_beschilderung-1-200x97.png 200w, https:\/\/www.andreas-edler.de\/blog\/wp-content\/uploads\/2023\/07\/2023-07-10-flutmuldenbruecke_beschilderung-1-300x145.png 300w, https:\/\/www.andreas-edler.de\/blog\/wp-content\/uploads\/2023\/07\/2023-07-10-flutmuldenbruecke_beschilderung-1-450x217.png 450w, https:\/\/www.andreas-edler.de\/blog\/wp-content\/uploads\/2023\/07\/2023-07-10-flutmuldenbruecke_beschilderung-1-600x290.png 600w, https:\/\/www.andreas-edler.de\/blog\/wp-content\/uploads\/2023\/07\/2023-07-10-flutmuldenbruecke_beschilderung-1-900x435.png 900w, https:\/\/www.andreas-edler.de\/blog\/wp-content\/uploads\/2023\/07\/2023-07-10-flutmuldenbruecke_beschilderung-1.png 1019w\" sizes=\"auto, (max-width: 470px) 100vw, 470px\" \/><\/a><figcaption id=\"caption-attachment-170100\" class=\"wp-caption-text\">Beschilderung der Flutmuldenbr\u00fccke Richtung S\u00fcden<\/figcaption><\/figure>\n<p>Habe nat\u00fcrlich erwidert, dass sie da falsch liegt und sogleich angeboten, einfach mal \u00fcber die Br\u00fccke zur\u00fcck zu gehen und uns die Schilder anzusehen. Da hatte sie Lust zu und so schob ich mich nett unterhaltend \u00fcber die Flutmulde zur\u00fcck zur Volksbank. W\u00e4hrenddessen habe ich erkl\u00e4rt, wem ich alles eine Mail schicke, falls ich dort tats\u00e4chlich ein Schild \u00fcbersehen h\u00e4tte und was ich von der Beschilderung von solchen Baustellen in Bad Oeynhausen im Allgemeinen halte. Immer mit dem Hinweis, dass uns das immer mit &#8222;Die Polizei hat gesagt &#8230;&#8220; verkauft wird. Wobei die Polizistin dann auch erkl\u00e4rte, dass das sicher nicht von den Polizisten vor Ort kommt, sondern eher die Polizeiverwaltung verantwortlich ist. Wenn es nach ihr ginge, m\u00fcsse viel mehr f\u00fcr den Radverkehr getan werden. War ein angenehmes Gespr\u00e4ch!<\/p>\n<p>Auf der anderen Seite waren denn auch die Schilder so wie ich es gesagt hatte. Der kombinierte Geh- und Radweg ist gesperrt, die Fahrbahn nicht. Ich war v\u00f6llig korrekt unterwegs, was auch mit einem &#8222;1:0 f\u00fcr sie!&#8220; kommentiert wurde :-) Dann wieder zur\u00fcck geschoben, freundlich verabschiedet und weiter zur Arbeit. Im Wegfahren h\u00f6rte ich noch, wie einer der Kollegen fragte &#8222;Und?&#8220; und ich meine &#8222;Er hatte Recht.&#8220; verstanden zu haben. &#8222;Nat\u00fcrlich&#8220; m\u00f6chte ich anf\u00fcgen, will mich aber nicht zu sehr loben ;-)<\/p>\n<p>Ehrlicherweise bin ich trotzdem ein wenig unzufrieden, denn eigentlich sollte die Polizei die Gegenbenheiten dort wo sie kontrolliert auch kennen. Idealerweise bevor die Kontrolle durchgef\u00fchrt wird und nicht erst nachdem es ihnen erkl\u00e4rt wird. Ich denke nicht, dass alle Menschen Spa\u00df an solchen Aktionen haben. Die meisten werden gro\u00df gucken und im Zweifel ein Bu\u00dfgeld zahlen. Ich kenne tats\u00e4chlich mindestens einen solchen Fall.<\/p>\n","protected":false},"excerpt":{"rendered":"<p>Heute morgen bin ich ausnahmsweise mal \u00fcber die Eidinghausener Stra\u00dfe ins B\u00fcro gefahren. Auf der Fahrbahn der Eidinghausener, weil man ab der Kreuzung der Werster Stra\u00dfe eh nicht mehr auf dem Radweg fahren darf und die Gegenrichtung &#8211; richtigerweise! &#8211; &hellip;<\/p>\n<p class=\"read-more\"> <a class=\"more-link\" href=\"https:\/\/www.andreas-edler.de\/blog\/2023\/07\/polizei-kontrolliert-auf-flutmuldenbruecke\/\"> <span class=\"screen-reader-text\">Polizei kontrolliert auf Flutmuldenbr\u00fccke<\/span> Weiterlesen &raquo;<\/a><\/p>\n","protected":false},"author":1,"featured_media":0,"comment_status":"open","ping_status":"open","sticky":false,"template":"","format":"standard","meta":{"ngg_post_thumbnail":0,"activitypub_content_warning":"","activitypub_content_visibility":"","activitypub_max_image_attachments":2,"activitypub_interaction_policy_quote":"anyone","activitypub_status":"","footnotes":""},"categories":[14,15,13],"tags":[477,563,262,110,319,168,34,412,158,127,71,260],"class_list":["post-170097","post","type-post","status-publish","format-standard","hentry","category-bad-oeynhausen","category-fahrrad","category-verkehr","tag-alltagsradverkehr","tag-baustelle","tag-eidinghausener-strasse","tag-fahrradfreundliche-stadt","tag-flutmulde","tag-klimafreundliche-mobilitaet","tag-kommunikation","tag-mdrza","tag-mit-dem-rad-zur-arbeit","tag-polizei","tag-regeln","tag-stvo"],"share_on_mastodon":{"url":"https:\/\/social.tchncs.de\/@filmfacts\/110691547567254155","error":""},"_links":{"self":[{"href":"https:\/\/www.andreas-edler.de\/blog\/wp-json\/wp\/v2\/posts\/170097","targetHints":{"allow":["GET"]}}],"collection":[{"href":"https:\/\/www.andreas-edler.de\/blog\/wp-json\/wp\/v2\/posts"}],"about":[{"href":"https:\/\/www.andreas-edler.de\/blog\/wp-json\/wp\/v2\/types\/post"}],"author":[{"embeddable":true,"href":"https:\/\/www.andreas-edler.de\/blog\/wp-json\/wp\/v2\/users\/1"}],"replies":[{"embeddable":true,"href":"https:\/\/www.andreas-edler.de\/blog\/wp-json\/wp\/v2\/comments?post=170097"}],"version-history":[{"count":0,"href":"https:\/\/www.andreas-edler.de\/blog\/wp-json\/wp\/v2\/posts\/170097\/revisions"}],"wp:attachment":[{"href":"https:\/\/www.andreas-edler.de\/blog\/wp-json\/wp\/v2\/media?parent=170097"}],"wp:term":[{"taxonomy":"category","embeddable":true,"href":"https:\/\/www.andreas-edler.de\/blog\/wp-json\/wp\/v2\/categories?post=170097"},{"taxonomy":"post_tag","embeddable":true,"href":"https:\/\/www.andreas-edler.de\/blog\/wp-json\/wp\/v2\/tags?post=170097"}],"curies":[{"name":"wp","href":"https:\/\/api.w.org\/{rel}","templated":true}]}}