{"id":170018,"date":"2023-06-08T14:46:11","date_gmt":"2023-06-08T12:46:11","guid":{"rendered":"https:\/\/www.andreas-edler.de\/blog\/?p=170018"},"modified":"2023-06-08T14:46:11","modified_gmt":"2023-06-08T12:46:11","slug":"depeche-mode-06-06-2023-duesseldorf","status":"publish","type":"post","link":"https:\/\/www.andreas-edler.de\/blog\/2023\/06\/depeche-mode-06-06-2023-duesseldorf\/","title":{"rendered":"Depeche Mode &#8211; 06.06.2023 &#8211; D\u00fcsseldorf"},"content":{"rendered":"<p><figure id=\"attachment_170019\" aria-describedby=\"caption-attachment-170019\" style=\"width: 150px\" class=\"wp-caption alignright\"><a href=\"https:\/\/www.andreas-edler.de\/blog\/wp-content\/uploads\/2023\/06\/2023-06-06-17.52.24.jpg\"><img loading=\"lazy\" decoding=\"async\" src=\"https:\/\/www.andreas-edler.de\/blog\/wp-content\/uploads\/2023\/06\/2023-06-06-17.52.24-150x150.jpg\" alt=\"\" width=\"150\" height=\"150\" class=\"size-thumbnail wp-image-170019\" \/><\/a><figcaption id=\"caption-attachment-170019\" class=\"wp-caption-text\">Lohauser Hof<\/figcaption><\/figure> Seit Wochen und Monaten freute ich mich schon auf den Termin. <a href=\"https:\/\/www.andreas-edler.de\/blog\/2013\/07\/depeche-mode-duesseldorf-05-07-2013\/\" rel=\"noopener\" target=\"_blank\">Vor genau 10 Jahren waren Alex und ich schon mal in der Merkur-Arena bei Depeche Mode<\/a>, nachdem sie mir die Karten zu Weihnachten geschenkt hatte. Damals war Ben im Bauch dabei. In <a href=\"https:\/\/www.andreas-edler.de\/blog\/2017\/06\/depeche-mode-in-hannover-2017\/\" rel=\"noopener\" target=\"_blank\">2017 bin ich mit Tim zur Global-Spirit-Tour nach Hannover gefahren<\/a> und ich hatte den Eindruck, er fand es ganz gut. F\u00fcr dieses Jahr haben wir dann drei Karten bestellt, f\u00fcr Alex, Tim und mich. Ben ist mit noch nicht ganz 10 vielleicht noch etwas jung. Aber wir sind alt und bequem und daher haben wir uns in einem Hotel in nicht einmal eineinhalb Kilometer Entferung von der Konzertb\u00fchne eingemietet. Dort waren wir vor 10 Jahren bereits.<\/p>\n<p><figure id=\"attachment_170020\" aria-describedby=\"caption-attachment-170020\" style=\"width: 250px\" class=\"wp-caption alignright\"><a href=\"https:\/\/www.andreas-edler.de\/blog\/wp-content\/uploads\/2023\/06\/2023-06-06-18.44.28.jpg\"><img loading=\"lazy\" decoding=\"async\" src=\"https:\/\/www.andreas-edler.de\/blog\/wp-content\/uploads\/2023\/06\/2023-06-06-18.44.28-250x111.jpg\" alt=\"\" width=\"250\" height=\"111\" class=\"size-medium wp-image-170020\" srcset=\"https:\/\/www.andreas-edler.de\/blog\/wp-content\/uploads\/2023\/06\/2023-06-06-18.44.28-250x111.jpg 250w, https:\/\/www.andreas-edler.de\/blog\/wp-content\/uploads\/2023\/06\/2023-06-06-18.44.28-470x208.jpg 470w, https:\/\/www.andreas-edler.de\/blog\/wp-content\/uploads\/2023\/06\/2023-06-06-18.44.28-768x341.jpg 768w, https:\/\/www.andreas-edler.de\/blog\/wp-content\/uploads\/2023\/06\/2023-06-06-18.44.28-1536x681.jpg 1536w, https:\/\/www.andreas-edler.de\/blog\/wp-content\/uploads\/2023\/06\/2023-06-06-18.44.28-2048x908.jpg 2048w, https:\/\/www.andreas-edler.de\/blog\/wp-content\/uploads\/2023\/06\/2023-06-06-18.44.28-100x44.jpg 100w, https:\/\/www.andreas-edler.de\/blog\/wp-content\/uploads\/2023\/06\/2023-06-06-18.44.28-150x67.jpg 150w, https:\/\/www.andreas-edler.de\/blog\/wp-content\/uploads\/2023\/06\/2023-06-06-18.44.28-200x89.jpg 200w, https:\/\/www.andreas-edler.de\/blog\/wp-content\/uploads\/2023\/06\/2023-06-06-18.44.28-300x133.jpg 300w, https:\/\/www.andreas-edler.de\/blog\/wp-content\/uploads\/2023\/06\/2023-06-06-18.44.28-450x200.jpg 450w, https:\/\/www.andreas-edler.de\/blog\/wp-content\/uploads\/2023\/06\/2023-06-06-18.44.28-600x266.jpg 600w, https:\/\/www.andreas-edler.de\/blog\/wp-content\/uploads\/2023\/06\/2023-06-06-18.44.28-900x399.jpg 900w\" sizes=\"auto, (max-width: 250px) 100vw, 250px\" \/><\/a><figcaption id=\"caption-attachment-170020\" class=\"wp-caption-text\">Blick von Block 137\/20<\/figcaption><\/figure> Nachdem Ben von der Schule gekommen war, sind wir auf die Pist nach Paderborn, um den Gro\u00dfen abzuholen. Das klappte genauso reibungslos, wie die anschlie\u00dfende Weiterfahrt nach D\u00fcsseldorf. Es war zwischendurch ein bisschen z\u00e4hfl\u00fcssig und insgesamt sind wir knapp eine halbe Stunde nach der geplanten Zeit angekommen. Schnell das Zimmer bezogen und ein bisschen die F\u00fc\u00dfe hoch. Aber lange haben wir es nicht ausgehalten. Schnell los marschiert. Nach ein paar Schritten ist man von dort bereits an der Arena. Der Einlass ging total schnell \u00fcber die B\u00fchne, alle waren gut gelaunt, das Wetter super. Als ich allerdings die Treppen hoch zu unserem Block gesehen habe, wurde mir ein bisschen anders. War das vor 10 Jahren auch schon so hoch?<\/p>\n<p>Eine Viertelstunde bevor die Vorband &#8222;Young Fathers&#8220; loslegen sollten, war der Innenraum und die Trib\u00fcnen jedenfalls noch ordentlich leer. Drau\u00dfen war es wahrscheinlich deutlich angenehmere Lust. Ich wollte aber so schnell wie m\u00f6glich die Treppen hinter mich bringen und dass wir fast unter dem Dach sa\u00dfen, hat die Sache nicht entspannter f\u00fcr mich gemacht. Dauerte einige Zeit, bis ich mich daran gew\u00f6hnt hatte. So musste ich aber nicht die ganze Zeit dar\u00fcber gr\u00fcbeln, warum zwei Tour-T-Shirts zusammen 100 Euro gekostet haben und drei Becher Getr\u00e4nke 25 Euro! Die nehmen es vom Lebendigen! Als ich das erste Mal &#8211; noch vor der Vorband &#8211; zur Toilette gegangen bin, waren Alex und Tim allerdings sehr \u00fcberrascht, dass ich die steilen Stufen ohne festhalten gemeistert habe ;-) Will mir doch da keine Bl\u00f6\u00dfe geben. Hatte ziemlich Herzklopfen!<\/p>\n<p><figure id=\"attachment_170022\" aria-describedby=\"caption-attachment-170022\" style=\"width: 250px\" class=\"wp-caption alignright\"><a href=\"https:\/\/www.andreas-edler.de\/blog\/wp-content\/uploads\/2023\/06\/2023-06-06-19.50.28.jpg\"><img loading=\"lazy\" decoding=\"async\" src=\"https:\/\/www.andreas-edler.de\/blog\/wp-content\/uploads\/2023\/06\/2023-06-06-19.50.28-250x131.jpg\" alt=\"\" width=\"250\" height=\"131\" class=\"size-medium wp-image-170022\" srcset=\"https:\/\/www.andreas-edler.de\/blog\/wp-content\/uploads\/2023\/06\/2023-06-06-19.50.28-250x131.jpg 250w, https:\/\/www.andreas-edler.de\/blog\/wp-content\/uploads\/2023\/06\/2023-06-06-19.50.28-470x246.jpg 470w, https:\/\/www.andreas-edler.de\/blog\/wp-content\/uploads\/2023\/06\/2023-06-06-19.50.28-768x402.jpg 768w, https:\/\/www.andreas-edler.de\/blog\/wp-content\/uploads\/2023\/06\/2023-06-06-19.50.28-1536x804.jpg 1536w, https:\/\/www.andreas-edler.de\/blog\/wp-content\/uploads\/2023\/06\/2023-06-06-19.50.28-2048x1072.jpg 2048w, https:\/\/www.andreas-edler.de\/blog\/wp-content\/uploads\/2023\/06\/2023-06-06-19.50.28-100x52.jpg 100w, https:\/\/www.andreas-edler.de\/blog\/wp-content\/uploads\/2023\/06\/2023-06-06-19.50.28-150x79.jpg 150w, https:\/\/www.andreas-edler.de\/blog\/wp-content\/uploads\/2023\/06\/2023-06-06-19.50.28-200x105.jpg 200w, https:\/\/www.andreas-edler.de\/blog\/wp-content\/uploads\/2023\/06\/2023-06-06-19.50.28-300x157.jpg 300w, https:\/\/www.andreas-edler.de\/blog\/wp-content\/uploads\/2023\/06\/2023-06-06-19.50.28-450x236.jpg 450w, https:\/\/www.andreas-edler.de\/blog\/wp-content\/uploads\/2023\/06\/2023-06-06-19.50.28-600x314.jpg 600w, https:\/\/www.andreas-edler.de\/blog\/wp-content\/uploads\/2023\/06\/2023-06-06-19.50.28-900x471.jpg 900w\" sizes=\"auto, (max-width: 250px) 100vw, 250px\" \/><\/a><figcaption id=\"caption-attachment-170022\" class=\"wp-caption-text\">Vorband &#8222;Young Fathers&#8220;<\/figcaption><\/figure> Als die Vorband mit ca. 30 Minuten &#8222;Versp\u00e4tung&#8220; dann auf die B\u00fchne kam, war die Arena immer noch nicht \u00fcberm\u00e4\u00dfig gef\u00fcllt. Vielleicht zwei Drittel der G\u00e4ste waren schon drinnen. Allerdings haben die drau\u00dfen auch nichts verpasst. Ganz ehrlich, warum sind die Vorbands bei Depeche Mode immer so mies? Ich fand die ersten beiden Lieder richtig grottig! Die G\u00e4ste neben uns sind sogar schimpfend raus gegangen. Danach wurden die &#8222;Young Fathers&#8220; zwar etwas besser, aber die Abmischung war so katastrophal, dass man von den Lieder eigentlich nur Tonpampe mitbekommen hat. Ich fand das wirklich \u00fcbel. Wir mussten es aber nicht lange ertragen. Ich meine das Vorkonzert dauerte nur eine Dreiviertelstunde. Danach wurde umgebaut und Alex unterhielt sich mit einem P\u00e4rchen neben uns, die entz\u00fcckt waren, dass Tim sogar ein DM-T-Shirt trug. Ihre Kinder waren nicht zu begeistern gewesen. Die beiden waren fr\u00fcher oft in der Box, im Kick oder PC-69 und kamen urspr\u00fcnglich hier aus der Ecke. Zuf\u00e4lle gibt&#8217;s!<\/p>\n<figure id=\"attachment_170024\" aria-describedby=\"caption-attachment-170024\" style=\"width: 470px\" class=\"wp-caption aligncenter\"><a href=\"https:\/\/www.andreas-edler.de\/blog\/wp-content\/uploads\/2023\/06\/2023-06-06-21.31.04.jpg\"><img loading=\"lazy\" decoding=\"async\" src=\"https:\/\/www.andreas-edler.de\/blog\/wp-content\/uploads\/2023\/06\/2023-06-06-21.31.04-470x246.jpg\" alt=\"\" width=\"470\" height=\"246\" class=\"size-large wp-image-170024\" srcset=\"https:\/\/www.andreas-edler.de\/blog\/wp-content\/uploads\/2023\/06\/2023-06-06-21.31.04-470x246.jpg 470w, https:\/\/www.andreas-edler.de\/blog\/wp-content\/uploads\/2023\/06\/2023-06-06-21.31.04-250x131.jpg 250w, https:\/\/www.andreas-edler.de\/blog\/wp-content\/uploads\/2023\/06\/2023-06-06-21.31.04-768x402.jpg 768w, https:\/\/www.andreas-edler.de\/blog\/wp-content\/uploads\/2023\/06\/2023-06-06-21.31.04-1536x804.jpg 1536w, https:\/\/www.andreas-edler.de\/blog\/wp-content\/uploads\/2023\/06\/2023-06-06-21.31.04-2048x1072.jpg 2048w, https:\/\/www.andreas-edler.de\/blog\/wp-content\/uploads\/2023\/06\/2023-06-06-21.31.04-100x52.jpg 100w, https:\/\/www.andreas-edler.de\/blog\/wp-content\/uploads\/2023\/06\/2023-06-06-21.31.04-150x79.jpg 150w, https:\/\/www.andreas-edler.de\/blog\/wp-content\/uploads\/2023\/06\/2023-06-06-21.31.04-200x105.jpg 200w, https:\/\/www.andreas-edler.de\/blog\/wp-content\/uploads\/2023\/06\/2023-06-06-21.31.04-300x157.jpg 300w, https:\/\/www.andreas-edler.de\/blog\/wp-content\/uploads\/2023\/06\/2023-06-06-21.31.04-450x236.jpg 450w, https:\/\/www.andreas-edler.de\/blog\/wp-content\/uploads\/2023\/06\/2023-06-06-21.31.04-600x314.jpg 600w, https:\/\/www.andreas-edler.de\/blog\/wp-content\/uploads\/2023\/06\/2023-06-06-21.31.04-900x471.jpg 900w\" sizes=\"auto, (max-width: 470px) 100vw, 470px\" \/><\/a><figcaption id=\"caption-attachment-170024\" class=\"wp-caption-text\">Depeche Mode &#8211; Cosmos is mine<\/figcaption><\/figure>\n<p>Und dann ging es endlich los. Es wurde dunkel, Lichtshow, Gejohle. Wirklich gute Stimmung. Auch wenn das Konzert mit &#8222;My Cosmos Is Mine&#8220; mit dem schlechtesten Lied vom neuen Album startete. Danach war alles besser, deutlich besser. Eine sehr gute Zusammenstellung und augenscheinlich auch gute Laune auf der B\u00fchne.<\/p>\n<figure id=\"attachment_170026\" aria-describedby=\"caption-attachment-170026\" style=\"width: 470px\" class=\"wp-caption aligncenter\"><a href=\"https:\/\/www.andreas-edler.de\/blog\/wp-content\/uploads\/2023\/06\/2023-06-06-21.42.54.jpg\"><img loading=\"lazy\" decoding=\"async\" src=\"https:\/\/www.andreas-edler.de\/blog\/wp-content\/uploads\/2023\/06\/2023-06-06-21.42.54-470x200.jpg\" alt=\"\" width=\"470\" height=\"200\" class=\"size-large wp-image-170026\" srcset=\"https:\/\/www.andreas-edler.de\/blog\/wp-content\/uploads\/2023\/06\/2023-06-06-21.42.54-470x200.jpg 470w, https:\/\/www.andreas-edler.de\/blog\/wp-content\/uploads\/2023\/06\/2023-06-06-21.42.54-250x106.jpg 250w, https:\/\/www.andreas-edler.de\/blog\/wp-content\/uploads\/2023\/06\/2023-06-06-21.42.54-768x327.jpg 768w, https:\/\/www.andreas-edler.de\/blog\/wp-content\/uploads\/2023\/06\/2023-06-06-21.42.54-100x43.jpg 100w, https:\/\/www.andreas-edler.de\/blog\/wp-content\/uploads\/2023\/06\/2023-06-06-21.42.54-150x64.jpg 150w, https:\/\/www.andreas-edler.de\/blog\/wp-content\/uploads\/2023\/06\/2023-06-06-21.42.54-200x85.jpg 200w, https:\/\/www.andreas-edler.de\/blog\/wp-content\/uploads\/2023\/06\/2023-06-06-21.42.54-300x128.jpg 300w, https:\/\/www.andreas-edler.de\/blog\/wp-content\/uploads\/2023\/06\/2023-06-06-21.42.54-450x192.jpg 450w, https:\/\/www.andreas-edler.de\/blog\/wp-content\/uploads\/2023\/06\/2023-06-06-21.42.54-600x255.jpg 600w, https:\/\/www.andreas-edler.de\/blog\/wp-content\/uploads\/2023\/06\/2023-06-06-21.42.54-900x383.jpg 900w, https:\/\/www.andreas-edler.de\/blog\/wp-content\/uploads\/2023\/06\/2023-06-06-21.42.54.jpg 1280w\" sizes=\"auto, (max-width: 470px) 100vw, 470px\" \/><\/a><figcaption id=\"caption-attachment-170026\" class=\"wp-caption-text\">Martin Gore<\/figcaption><\/figure>\n<figure id=\"attachment_170025\" aria-describedby=\"caption-attachment-170025\" style=\"width: 470px\" class=\"wp-caption aligncenter\"><a href=\"https:\/\/www.andreas-edler.de\/blog\/wp-content\/uploads\/2023\/06\/2023-06-06-22.10.09.jpg\"><img loading=\"lazy\" decoding=\"async\" src=\"https:\/\/www.andreas-edler.de\/blog\/wp-content\/uploads\/2023\/06\/2023-06-06-22.10.09-470x212.jpg\" alt=\"\" width=\"470\" height=\"212\" class=\"size-large wp-image-170025\" srcset=\"https:\/\/www.andreas-edler.de\/blog\/wp-content\/uploads\/2023\/06\/2023-06-06-22.10.09-470x212.jpg 470w, https:\/\/www.andreas-edler.de\/blog\/wp-content\/uploads\/2023\/06\/2023-06-06-22.10.09-250x113.jpg 250w, https:\/\/www.andreas-edler.de\/blog\/wp-content\/uploads\/2023\/06\/2023-06-06-22.10.09-768x346.jpg 768w, https:\/\/www.andreas-edler.de\/blog\/wp-content\/uploads\/2023\/06\/2023-06-06-22.10.09-1536x692.jpg 1536w, https:\/\/www.andreas-edler.de\/blog\/wp-content\/uploads\/2023\/06\/2023-06-06-22.10.09-2048x923.jpg 2048w, https:\/\/www.andreas-edler.de\/blog\/wp-content\/uploads\/2023\/06\/2023-06-06-22.10.09-100x45.jpg 100w, https:\/\/www.andreas-edler.de\/blog\/wp-content\/uploads\/2023\/06\/2023-06-06-22.10.09-150x68.jpg 150w, https:\/\/www.andreas-edler.de\/blog\/wp-content\/uploads\/2023\/06\/2023-06-06-22.10.09-200x90.jpg 200w, https:\/\/www.andreas-edler.de\/blog\/wp-content\/uploads\/2023\/06\/2023-06-06-22.10.09-300x135.jpg 300w, https:\/\/www.andreas-edler.de\/blog\/wp-content\/uploads\/2023\/06\/2023-06-06-22.10.09-450x203.jpg 450w, https:\/\/www.andreas-edler.de\/blog\/wp-content\/uploads\/2023\/06\/2023-06-06-22.10.09-600x270.jpg 600w, https:\/\/www.andreas-edler.de\/blog\/wp-content\/uploads\/2023\/06\/2023-06-06-22.10.09-900x406.jpg 900w\" sizes=\"auto, (max-width: 470px) 100vw, 470px\" \/><\/a><figcaption id=\"caption-attachment-170025\" class=\"wp-caption-text\">Depeche Mode &#8211; World in my eyes<\/figcaption><\/figure>\n<figure id=\"attachment_170027\" aria-describedby=\"caption-attachment-170027\" style=\"width: 470px\" class=\"wp-caption aligncenter\"><a href=\"https:\/\/www.andreas-edler.de\/blog\/wp-content\/uploads\/2023\/06\/2023-06-06-22.08.27-1.jpg\"><img loading=\"lazy\" decoding=\"async\" src=\"https:\/\/www.andreas-edler.de\/blog\/wp-content\/uploads\/2023\/06\/2023-06-06-22.08.27-1-470x313.jpg\" alt=\"\" width=\"470\" height=\"313\" class=\"size-large wp-image-170027\" srcset=\"https:\/\/www.andreas-edler.de\/blog\/wp-content\/uploads\/2023\/06\/2023-06-06-22.08.27-1-470x313.jpg 470w, https:\/\/www.andreas-edler.de\/blog\/wp-content\/uploads\/2023\/06\/2023-06-06-22.08.27-1-250x166.jpg 250w, https:\/\/www.andreas-edler.de\/blog\/wp-content\/uploads\/2023\/06\/2023-06-06-22.08.27-1-768x511.jpg 768w, https:\/\/www.andreas-edler.de\/blog\/wp-content\/uploads\/2023\/06\/2023-06-06-22.08.27-1-1536x1023.jpg 1536w, https:\/\/www.andreas-edler.de\/blog\/wp-content\/uploads\/2023\/06\/2023-06-06-22.08.27-1-100x67.jpg 100w, https:\/\/www.andreas-edler.de\/blog\/wp-content\/uploads\/2023\/06\/2023-06-06-22.08.27-1-150x100.jpg 150w, https:\/\/www.andreas-edler.de\/blog\/wp-content\/uploads\/2023\/06\/2023-06-06-22.08.27-1-200x133.jpg 200w, https:\/\/www.andreas-edler.de\/blog\/wp-content\/uploads\/2023\/06\/2023-06-06-22.08.27-1-300x200.jpg 300w, https:\/\/www.andreas-edler.de\/blog\/wp-content\/uploads\/2023\/06\/2023-06-06-22.08.27-1-450x300.jpg 450w, https:\/\/www.andreas-edler.de\/blog\/wp-content\/uploads\/2023\/06\/2023-06-06-22.08.27-1-600x399.jpg 600w, https:\/\/www.andreas-edler.de\/blog\/wp-content\/uploads\/2023\/06\/2023-06-06-22.08.27-1-900x599.jpg 900w, https:\/\/www.andreas-edler.de\/blog\/wp-content\/uploads\/2023\/06\/2023-06-06-22.08.27-1.jpg 1843w\" sizes=\"auto, (max-width: 470px) 100vw, 470px\" \/><\/a><figcaption id=\"caption-attachment-170027\" class=\"wp-caption-text\">World in my eyes &#8211; Andrew Fletcher<\/figcaption><\/figure>\n<figure id=\"attachment_170028\" aria-describedby=\"caption-attachment-170028\" style=\"width: 470px\" class=\"wp-caption aligncenter\"><a href=\"https:\/\/www.andreas-edler.de\/blog\/wp-content\/uploads\/2023\/06\/2023-06-06-22.44.56-scaled.jpg\"><img loading=\"lazy\" decoding=\"async\" src=\"https:\/\/www.andreas-edler.de\/blog\/wp-content\/uploads\/2023\/06\/2023-06-06-22.44.56-470x210.jpg\" alt=\"\" width=\"470\" height=\"210\" class=\"size-large wp-image-170028\" srcset=\"https:\/\/www.andreas-edler.de\/blog\/wp-content\/uploads\/2023\/06\/2023-06-06-22.44.56-470x210.jpg 470w, https:\/\/www.andreas-edler.de\/blog\/wp-content\/uploads\/2023\/06\/2023-06-06-22.44.56-250x111.jpg 250w, https:\/\/www.andreas-edler.de\/blog\/wp-content\/uploads\/2023\/06\/2023-06-06-22.44.56-768x342.jpg 768w, https:\/\/www.andreas-edler.de\/blog\/wp-content\/uploads\/2023\/06\/2023-06-06-22.44.56-1536x685.jpg 1536w, https:\/\/www.andreas-edler.de\/blog\/wp-content\/uploads\/2023\/06\/2023-06-06-22.44.56-2048x913.jpg 2048w, https:\/\/www.andreas-edler.de\/blog\/wp-content\/uploads\/2023\/06\/2023-06-06-22.44.56-100x45.jpg 100w, https:\/\/www.andreas-edler.de\/blog\/wp-content\/uploads\/2023\/06\/2023-06-06-22.44.56-150x67.jpg 150w, https:\/\/www.andreas-edler.de\/blog\/wp-content\/uploads\/2023\/06\/2023-06-06-22.44.56-200x89.jpg 200w, https:\/\/www.andreas-edler.de\/blog\/wp-content\/uploads\/2023\/06\/2023-06-06-22.44.56-300x134.jpg 300w, https:\/\/www.andreas-edler.de\/blog\/wp-content\/uploads\/2023\/06\/2023-06-06-22.44.56-450x201.jpg 450w, https:\/\/www.andreas-edler.de\/blog\/wp-content\/uploads\/2023\/06\/2023-06-06-22.44.56-600x268.jpg 600w, https:\/\/www.andreas-edler.de\/blog\/wp-content\/uploads\/2023\/06\/2023-06-06-22.44.56-900x401.jpg 900w\" sizes=\"auto, (max-width: 470px) 100vw, 470px\" \/><\/a><figcaption id=\"caption-attachment-170028\" class=\"wp-caption-text\">Stadion voll<\/figcaption><\/figure>\n<p>Leider sa\u00dfen wir doch sehr weit au\u00dfen und zur B\u00fchne hin, so dass wir z.B. das Schlagzeug gar nicht gesehen haben und auch die Leinwand hinten in der B\u00fchne nicht wahrgenommen haben. Dass sie da war wusste ich, aber Alex hat es erst auf Youbtube-Schnippseln am n\u00e4chsten Morgen mitbekommen. So haben wir quasi nur ein Drittel des Konzertes gesehen &#8211; und das war schon sehr, sehr toll. Und nat\u00fcrlich war nach dem letzten Lied nicht Schlu\u00df. F\u00fcnf Minuten wurde geklatscht und gejohlt, bis Dave Gahan und Martin Gore noch mal auf die B\u00fchne kamen und &#8222;Condemnation&#8220; in einer akustischen Version sangen, bevor sie mit &#8222;Do you wanna have some fun?&#8220; noch mal das unvermeidliche &#8222;Just Can&#8217;t Get Enough&#8220; knallen lie\u00dfen.<\/p>\n<figure id=\"attachment_170030\" aria-describedby=\"caption-attachment-170030\" style=\"width: 470px\" class=\"wp-caption aligncenter\"><a href=\"https:\/\/www.andreas-edler.de\/blog\/wp-content\/uploads\/2023\/06\/2023-06-06-22.45.50-1.jpg\"><img loading=\"lazy\" decoding=\"async\" src=\"https:\/\/www.andreas-edler.de\/blog\/wp-content\/uploads\/2023\/06\/2023-06-06-22.45.50-1-470x312.jpg\" alt=\"\" width=\"470\" height=\"312\" class=\"size-large wp-image-170030\" srcset=\"https:\/\/www.andreas-edler.de\/blog\/wp-content\/uploads\/2023\/06\/2023-06-06-22.45.50-1-470x312.jpg 470w, https:\/\/www.andreas-edler.de\/blog\/wp-content\/uploads\/2023\/06\/2023-06-06-22.45.50-1-250x166.jpg 250w, https:\/\/www.andreas-edler.de\/blog\/wp-content\/uploads\/2023\/06\/2023-06-06-22.45.50-1-768x509.jpg 768w, https:\/\/www.andreas-edler.de\/blog\/wp-content\/uploads\/2023\/06\/2023-06-06-22.45.50-1-1536x1019.jpg 1536w, https:\/\/www.andreas-edler.de\/blog\/wp-content\/uploads\/2023\/06\/2023-06-06-22.45.50-1-2048x1358.jpg 2048w, https:\/\/www.andreas-edler.de\/blog\/wp-content\/uploads\/2023\/06\/2023-06-06-22.45.50-1-100x66.jpg 100w, https:\/\/www.andreas-edler.de\/blog\/wp-content\/uploads\/2023\/06\/2023-06-06-22.45.50-1-150x99.jpg 150w, https:\/\/www.andreas-edler.de\/blog\/wp-content\/uploads\/2023\/06\/2023-06-06-22.45.50-1-200x133.jpg 200w, https:\/\/www.andreas-edler.de\/blog\/wp-content\/uploads\/2023\/06\/2023-06-06-22.45.50-1-300x199.jpg 300w, https:\/\/www.andreas-edler.de\/blog\/wp-content\/uploads\/2023\/06\/2023-06-06-22.45.50-1-450x298.jpg 450w, https:\/\/www.andreas-edler.de\/blog\/wp-content\/uploads\/2023\/06\/2023-06-06-22.45.50-1-600x398.jpg 600w, https:\/\/www.andreas-edler.de\/blog\/wp-content\/uploads\/2023\/06\/2023-06-06-22.45.50-1-900x597.jpg 900w\" sizes=\"auto, (max-width: 470px) 100vw, 470px\" \/><\/a><figcaption id=\"caption-attachment-170030\" class=\"wp-caption-text\">22:45 Uhr &#8211; ich meine &#8222;Just Can&#8217;t Get Enough&#8220;<\/figcaption><\/figure>\n<figure id=\"attachment_170031\" aria-describedby=\"caption-attachment-170031\" style=\"width: 470px\" class=\"wp-caption aligncenter\"><a href=\"https:\/\/www.andreas-edler.de\/blog\/wp-content\/uploads\/2023\/06\/2023-06-06-22.50.28-1.jpg\"><img loading=\"lazy\" decoding=\"async\" src=\"https:\/\/www.andreas-edler.de\/blog\/wp-content\/uploads\/2023\/06\/2023-06-06-22.50.28-1-470x351.jpg\" alt=\"\" width=\"470\" height=\"351\" class=\"size-large wp-image-170031\" srcset=\"https:\/\/www.andreas-edler.de\/blog\/wp-content\/uploads\/2023\/06\/2023-06-06-22.50.28-1-470x351.jpg 470w, https:\/\/www.andreas-edler.de\/blog\/wp-content\/uploads\/2023\/06\/2023-06-06-22.50.28-1-250x187.jpg 250w, https:\/\/www.andreas-edler.de\/blog\/wp-content\/uploads\/2023\/06\/2023-06-06-22.50.28-1-768x574.jpg 768w, https:\/\/www.andreas-edler.de\/blog\/wp-content\/uploads\/2023\/06\/2023-06-06-22.50.28-1-1536x1148.jpg 1536w, https:\/\/www.andreas-edler.de\/blog\/wp-content\/uploads\/2023\/06\/2023-06-06-22.50.28-1-100x75.jpg 100w, https:\/\/www.andreas-edler.de\/blog\/wp-content\/uploads\/2023\/06\/2023-06-06-22.50.28-1-150x112.jpg 150w, https:\/\/www.andreas-edler.de\/blog\/wp-content\/uploads\/2023\/06\/2023-06-06-22.50.28-1-200x150.jpg 200w, https:\/\/www.andreas-edler.de\/blog\/wp-content\/uploads\/2023\/06\/2023-06-06-22.50.28-1-300x224.jpg 300w, https:\/\/www.andreas-edler.de\/blog\/wp-content\/uploads\/2023\/06\/2023-06-06-22.50.28-1-450x336.jpg 450w, https:\/\/www.andreas-edler.de\/blog\/wp-content\/uploads\/2023\/06\/2023-06-06-22.50.28-1-600x449.jpg 600w, https:\/\/www.andreas-edler.de\/blog\/wp-content\/uploads\/2023\/06\/2023-06-06-22.50.28-1-900x673.jpg 900w, https:\/\/www.andreas-edler.de\/blog\/wp-content\/uploads\/2023\/06\/2023-06-06-22.50.28-1.jpg 1905w\" sizes=\"auto, (max-width: 470px) 100vw, 470px\" \/><\/a><figcaption id=\"caption-attachment-170031\" class=\"wp-caption-text\">22:50 Uhr &#8211; &#8222;Personal Jesus&#8220;<\/figcaption><\/figure>\n<p>Danach noch &#8222;Never Let Me Down&#8220; und es schien zu Ende zu sein. Hinter mir wurde noch \u00fcber &#8222;Personal Jesus&#8220; gegrummelt &#8230; und das kam dann als allerletztes Lied tats\u00e4chlich noch. War das geil?! Wir sind noch ein wenig stehen geblieben und haben einige Minuten gewartet, bis der gr\u00f6\u00dfte Strom nach drau\u00dfen weg war. Zuvor noch mit den umstehenden Besucher die Becher durchgetauscht, damit auch wirklich jeder die Becher mit dem jeweiligen Wunschmotiv hatte und dann raus.<\/p>\n<p><figure id=\"attachment_170033\" aria-describedby=\"caption-attachment-170033\" style=\"width: 250px\" class=\"wp-caption alignright\"><a href=\"https:\/\/www.andreas-edler.de\/blog\/wp-content\/uploads\/2023\/06\/2023-06-06-23.05.43.jpg\"><img loading=\"lazy\" decoding=\"async\" src=\"https:\/\/www.andreas-edler.de\/blog\/wp-content\/uploads\/2023\/06\/2023-06-06-23.05.43-250x129.jpg\" alt=\"\" width=\"250\" height=\"129\" class=\"size-medium wp-image-170033\" srcset=\"https:\/\/www.andreas-edler.de\/blog\/wp-content\/uploads\/2023\/06\/2023-06-06-23.05.43-250x129.jpg 250w, https:\/\/www.andreas-edler.de\/blog\/wp-content\/uploads\/2023\/06\/2023-06-06-23.05.43-470x242.jpg 470w, https:\/\/www.andreas-edler.de\/blog\/wp-content\/uploads\/2023\/06\/2023-06-06-23.05.43-768x396.jpg 768w, https:\/\/www.andreas-edler.de\/blog\/wp-content\/uploads\/2023\/06\/2023-06-06-23.05.43-100x52.jpg 100w, https:\/\/www.andreas-edler.de\/blog\/wp-content\/uploads\/2023\/06\/2023-06-06-23.05.43-150x77.jpg 150w, https:\/\/www.andreas-edler.de\/blog\/wp-content\/uploads\/2023\/06\/2023-06-06-23.05.43-200x103.jpg 200w, https:\/\/www.andreas-edler.de\/blog\/wp-content\/uploads\/2023\/06\/2023-06-06-23.05.43-300x155.jpg 300w, https:\/\/www.andreas-edler.de\/blog\/wp-content\/uploads\/2023\/06\/2023-06-06-23.05.43-450x232.jpg 450w, https:\/\/www.andreas-edler.de\/blog\/wp-content\/uploads\/2023\/06\/2023-06-06-23.05.43-600x309.jpg 600w, https:\/\/www.andreas-edler.de\/blog\/wp-content\/uploads\/2023\/06\/2023-06-06-23.05.43-900x464.jpg 900w, https:\/\/www.andreas-edler.de\/blog\/wp-content\/uploads\/2023\/06\/2023-06-06-23.05.43.jpg 1280w\" sizes=\"auto, (max-width: 250px) 100vw, 250px\" \/><\/a><figcaption id=\"caption-attachment-170033\" class=\"wp-caption-text\">Feierabend! Bis in 5 Jahren.<\/figcaption><\/figure> F\u00fcr den Hunger auf den Weg f\u00fcr jeden einen sauteuren Happen gekauft und dann die Treppe wieder runter. Das ging ganz gut, nachdem ich mich fast vier Stunden an die H\u00f6he gew\u00f6hnt hatte und Tim hinter mir und Alex neben mir die anderen Menschen fern gehalten haben ;-) Es war \u00fcberraschend wenig Gedr\u00e4ngel, eine super-entspannte, gut gelaunte Stimmung und alle sind grinsend vom Gel\u00e4nde gegangen. Wir haben vielleicht noch ein bisschen mehr gegrinst, als wir \u00fcber den Parkplatz am Stadion spazierten in der Gewissheit uns jetzt nicht noch ins Auto setzen zu m\u00fcssen, um eine Stunde zu warten bis wir \u00fcberhaupt den Parkplatz verlassen haben!<\/p>\n<p>Knapp 25 Minuten nachdem wir das Gel\u00e4nde verlassen hatten stand ich schon unter der Dusche und lag kurz darauf im Bett. V\u00f6llig groggy und gut gelaunt. Wir haben uns gegen acht Uhr wecken lassen wollen, aber da das Hotel direkt in der Anflugschneise des Flughafens liegt, ist das gegen sechs Uhr auch v\u00f6llig von allein geschehen. Allerdings hatte ich es viel schlimmer in Erinnerung. Trotz offenem Fenster fand ich den L\u00e4rm ertr\u00e4glich. Das Fr\u00fchst\u00fcck im Hotel war lecker und die R\u00fcckfahrt nieselig und z\u00e4hfl\u00fcssig. Als wir den Studenten in Paderborn absetzten, schien aber schon wieder die Sonne. Und keine Stunde sp\u00e4ter freute sich auch der J\u00fcngste, dass Mama &#038; Papa wieder zu Hause waren.<\/p>\n<p>Ein super Konzert! <\/p>\n","protected":false},"excerpt":{"rendered":"<p>Hach war das sch\u00f6n! Zwei Tage #Urlaub inkl. Hotelzimmer f\u00fcr #DepecheMode genommen. Ein super Konzert mit toller Stimmung und viel Spa\u00df. In f\u00fcnf Jahren hoffentlich wieder!<\/p>\n<div class=\"read-more\"><a href=\"https:\/\/www.andreas-edler.de\/blog\/2023\/06\/depeche-mode-06-06-2023-duesseldorf\/\">Weiterlesen &#8250;<\/a><\/div>\n<p><!-- end of .read-more --><\/p>\n","protected":false},"author":1,"featured_media":0,"comment_status":"open","ping_status":"open","sticky":false,"template":"","format":"standard","meta":{"ngg_post_thumbnail":0,"activitypub_content_warning":"","activitypub_content_visibility":"","activitypub_max_image_attachments":2,"activitypub_interaction_policy_quote":"anyone","activitypub_status":"","footnotes":""},"categories":[1],"tags":[17,289,64,29,150,182,186,5,102],"class_list":["post-170018","post","type-post","status-publish","format-standard","hentry","category-allgemein","tag-auf-der-piste","tag-depeche-mode","tag-konsum","tag-musik","tag-nachwuchs","tag-nachwuchs-1-0","tag-nachwuchs-2-0","tag-unterwegs","tag-urlaub"],"share_on_mastodon":{"url":"https:\/\/social.tchncs.de\/@filmfacts\/110508663268677812","error":""},"_links":{"self":[{"href":"https:\/\/www.andreas-edler.de\/blog\/wp-json\/wp\/v2\/posts\/170018","targetHints":{"allow":["GET"]}}],"collection":[{"href":"https:\/\/www.andreas-edler.de\/blog\/wp-json\/wp\/v2\/posts"}],"about":[{"href":"https:\/\/www.andreas-edler.de\/blog\/wp-json\/wp\/v2\/types\/post"}],"author":[{"embeddable":true,"href":"https:\/\/www.andreas-edler.de\/blog\/wp-json\/wp\/v2\/users\/1"}],"replies":[{"embeddable":true,"href":"https:\/\/www.andreas-edler.de\/blog\/wp-json\/wp\/v2\/comments?post=170018"}],"version-history":[{"count":0,"href":"https:\/\/www.andreas-edler.de\/blog\/wp-json\/wp\/v2\/posts\/170018\/revisions"}],"wp:attachment":[{"href":"https:\/\/www.andreas-edler.de\/blog\/wp-json\/wp\/v2\/media?parent=170018"}],"wp:term":[{"taxonomy":"category","embeddable":true,"href":"https:\/\/www.andreas-edler.de\/blog\/wp-json\/wp\/v2\/categories?post=170018"},{"taxonomy":"post_tag","embeddable":true,"href":"https:\/\/www.andreas-edler.de\/blog\/wp-json\/wp\/v2\/tags?post=170018"}],"curies":[{"name":"wp","href":"https:\/\/api.w.org\/{rel}","templated":true}]}}