{"id":170005,"date":"2023-05-29T23:36:58","date_gmt":"2023-05-29T21:36:58","guid":{"rendered":"https:\/\/www.andreas-edler.de\/blog\/?p=170005"},"modified":"2023-06-04T12:45:30","modified_gmt":"2023-06-04T10:45:30","slug":"werkzeugstation-an-der-rehmer-insel","status":"publish","type":"post","link":"https:\/\/www.andreas-edler.de\/blog\/2023\/05\/werkzeugstation-an-der-rehmer-insel\/","title":{"rendered":"Werkzeugstation an der Rehmer Insel"},"content":{"rendered":"<p>Grunds\u00e4tzlich bin ich der Meinung, dass diese Fahrradservicestationen immer genau dort stehen, wo man sie nicht braucht. Auf etlichen 1.000 Kilometern an Fl\u00fcssen entlang habe ich jedenfalls noch nie eine vermisst. Abgesehen davon, dass man als Radwandernder wahrscheinlich sowieso das wichtigste Werkzeug dabei hat. An der neuen Station an der Weser ist das Werkzeug recht sicher befestigt. Das erste Mal, als wir die Luftpumpe testen wollten scheiterte dies an der Tatsache, dass das Sclaverand-Ventil zu fest sa\u00df und eine Zange nat\u00fcrlich nicht an der Station zu finden war.<\/p>\n<figure id=\"attachment_170006\" aria-describedby=\"caption-attachment-170006\" style=\"width: 470px\" class=\"wp-caption aligncenter\"><a href=\"https:\/\/www.andreas-edler.de\/blog\/wp-content\/uploads\/2023\/06\/2023-05-29-13.34.44.jpg\"><img loading=\"lazy\" decoding=\"async\" src=\"https:\/\/www.andreas-edler.de\/blog\/wp-content\/uploads\/2023\/06\/2023-05-29-13.34.44-470x243.jpg\" alt=\"\" width=\"470\" height=\"243\" class=\"size-large wp-image-170006\" srcset=\"https:\/\/www.andreas-edler.de\/blog\/wp-content\/uploads\/2023\/06\/2023-05-29-13.34.44-470x243.jpg 470w, https:\/\/www.andreas-edler.de\/blog\/wp-content\/uploads\/2023\/06\/2023-05-29-13.34.44-250x129.jpg 250w, https:\/\/www.andreas-edler.de\/blog\/wp-content\/uploads\/2023\/06\/2023-05-29-13.34.44-768x396.jpg 768w, https:\/\/www.andreas-edler.de\/blog\/wp-content\/uploads\/2023\/06\/2023-05-29-13.34.44-1536x793.jpg 1536w, https:\/\/www.andreas-edler.de\/blog\/wp-content\/uploads\/2023\/06\/2023-05-29-13.34.44-2048x1057.jpg 2048w, https:\/\/www.andreas-edler.de\/blog\/wp-content\/uploads\/2023\/06\/2023-05-29-13.34.44-100x52.jpg 100w, https:\/\/www.andreas-edler.de\/blog\/wp-content\/uploads\/2023\/06\/2023-05-29-13.34.44-150x77.jpg 150w, https:\/\/www.andreas-edler.de\/blog\/wp-content\/uploads\/2023\/06\/2023-05-29-13.34.44-200x103.jpg 200w, https:\/\/www.andreas-edler.de\/blog\/wp-content\/uploads\/2023\/06\/2023-05-29-13.34.44-300x155.jpg 300w, https:\/\/www.andreas-edler.de\/blog\/wp-content\/uploads\/2023\/06\/2023-05-29-13.34.44-450x232.jpg 450w, https:\/\/www.andreas-edler.de\/blog\/wp-content\/uploads\/2023\/06\/2023-05-29-13.34.44-600x310.jpg 600w, https:\/\/www.andreas-edler.de\/blog\/wp-content\/uploads\/2023\/06\/2023-05-29-13.34.44-900x464.jpg 900w\" sizes=\"auto, (max-width: 470px) 100vw, 470px\" \/><\/a><figcaption id=\"caption-attachment-170006\" class=\"wp-caption-text\">Da fehlt der Pumpenkopf.<\/figcaption><\/figure>\n<p>Beim zweiten Versuch ein paar Tage sp\u00e4ter mussten wir ebenfalls ohne Test wieder abziehen &#8211; denn die Pumpe war bereits zerst\u00f6rt. Auch das etwas, was ich bei diesen Stationen jedesmal anmerke: die halten einfach nicht lange genug. M\u00f6chte man wirklich was tun (und ja, das kann niemand bezahlen), installiert man eine personenbesetzte Servicestation. Vielleicht w\u00e4re dort zumindest wochentags ein Hinweis auf den 200 Meter entfernten Fahrradh\u00e4ndler ganz sinnvoll.<\/p>\n<p>Wo sind eigentlich die Picknicktische, die vor dem Umbau rege genutzt wurden, geblieben? B\u00e4nke haben wir jetzt dort genug.<\/p>\n","protected":false},"excerpt":{"rendered":"<p>Grunds\u00e4tzlich bin ich der Meinung, dass diese Fahrradservicestationen immer genau dort stehen, wo man sie nicht braucht. Auf etlichen 1.000 Kilometern an Fl\u00fcssen entlang habe ich jedenfalls noch nie eine vermisst. Abgesehen davon, dass man als Radwandernder wahrscheinlich sowieso das &hellip;<\/p>\n<p class=\"read-more\"> <a class=\"more-link\" href=\"https:\/\/www.andreas-edler.de\/blog\/2023\/05\/werkzeugstation-an-der-rehmer-insel\/\"> <span class=\"screen-reader-text\">Werkzeugstation an der Rehmer Insel<\/span> Weiterlesen &raquo;<\/a><\/p>\n","protected":false},"author":1,"featured_media":0,"comment_status":"open","ping_status":"open","sticky":false,"template":"","format":"standard","meta":{"ngg_post_thumbnail":0,"activitypub_content_warning":"","activitypub_content_visibility":"","activitypub_max_image_attachments":2,"activitypub_interaction_policy_quote":"anyone","activitypub_status":"","footnotes":""},"categories":[14,15,45],"tags":[63,110,51,251,168,71,434,33,301],"class_list":["post-170005","post","type-post","status-publish","format-standard","hentry","category-bad-oeynhausen","category-fahrrad","category-politik","tag-benehmen","tag-fahrradfreundliche-stadt","tag-geld","tag-infrastruktur","tag-klimafreundliche-mobilitaet","tag-regeln","tag-rehmer-insel","tag-service","tag-weserradweg"],"share_on_mastodon":{"url":"https:\/\/social.tchncs.de\/@filmfacts\/110485538842253533","error":""},"_links":{"self":[{"href":"https:\/\/www.andreas-edler.de\/blog\/wp-json\/wp\/v2\/posts\/170005","targetHints":{"allow":["GET"]}}],"collection":[{"href":"https:\/\/www.andreas-edler.de\/blog\/wp-json\/wp\/v2\/posts"}],"about":[{"href":"https:\/\/www.andreas-edler.de\/blog\/wp-json\/wp\/v2\/types\/post"}],"author":[{"embeddable":true,"href":"https:\/\/www.andreas-edler.de\/blog\/wp-json\/wp\/v2\/users\/1"}],"replies":[{"embeddable":true,"href":"https:\/\/www.andreas-edler.de\/blog\/wp-json\/wp\/v2\/comments?post=170005"}],"version-history":[{"count":0,"href":"https:\/\/www.andreas-edler.de\/blog\/wp-json\/wp\/v2\/posts\/170005\/revisions"}],"wp:attachment":[{"href":"https:\/\/www.andreas-edler.de\/blog\/wp-json\/wp\/v2\/media?parent=170005"}],"wp:term":[{"taxonomy":"category","embeddable":true,"href":"https:\/\/www.andreas-edler.de\/blog\/wp-json\/wp\/v2\/categories?post=170005"},{"taxonomy":"post_tag","embeddable":true,"href":"https:\/\/www.andreas-edler.de\/blog\/wp-json\/wp\/v2\/tags?post=170005"}],"curies":[{"name":"wp","href":"https:\/\/api.w.org\/{rel}","templated":true}]}}