{"id":169995,"date":"2023-06-04T11:16:23","date_gmt":"2023-06-04T09:16:23","guid":{"rendered":"https:\/\/www.andreas-edler.de\/blog\/?p=169995"},"modified":"2023-06-04T11:16:23","modified_gmt":"2023-06-04T09:16:23","slug":"kombinierter-geh-und-radweg-auf-der-flutmuldenbruecke","status":"publish","type":"post","link":"https:\/\/www.andreas-edler.de\/blog\/2023\/06\/kombinierter-geh-und-radweg-auf-der-flutmuldenbruecke\/","title":{"rendered":"kombinierter Geh- und Radweg auf der Flutmuldenbr\u00fccke"},"content":{"rendered":"<p>Nun ist die westliche H\u00e4lfte der Flutmuldenbr\u00fccke gesperrt und der Verkehr wird \u00fcber die neu erstellte \u00f6stliche H\u00e4lfte geleitet. Der motorisierte Verkehr darf weiterhin nur von Nord nach S\u00fcd passieren &#8211; Einsatzfahrzeuge und Linienbusse k\u00f6nnen sich die Fahrt in die andere Richtung freischalten. Durften Fahrradfahrende bisher zumindest auch fahrend die Br\u00fccke queren, sofern sie in Nord-S\u00fcd-Richtung unterwegs waren, ist dies laut Neuer-Westf\u00e4lischer nun nicht mehr m\u00f6glich. Der kombinierte Geh- und Radweg auf der neu gebauten Seite sei dazu zu schmal. Nun muss man in beide Richtungen schieben. <a href=\"https:\/\/www.andreas-edler.de\/blog\/2022\/06\/flutmuldenbruecke-von-nord-nach-sued-geoeffnet\/\" rel=\"noopener\" target=\"_blank\">Das war damals anders versprochen worden!<\/a><\/p>\n<figure id=\"attachment_169996\" aria-describedby=\"caption-attachment-169996\" style=\"width: 470px\" class=\"wp-caption aligncenter\"><a href=\"https:\/\/www.andreas-edler.de\/blog\/wp-content\/uploads\/2023\/06\/2023-06-03-08.43.12.jpg\"><img loading=\"lazy\" decoding=\"async\" src=\"https:\/\/www.andreas-edler.de\/blog\/wp-content\/uploads\/2023\/06\/2023-06-03-08.43.12-470x270.jpg\" alt=\"\" width=\"470\" height=\"270\" class=\"size-large wp-image-169996\" srcset=\"https:\/\/www.andreas-edler.de\/blog\/wp-content\/uploads\/2023\/06\/2023-06-03-08.43.12-470x270.jpg 470w, https:\/\/www.andreas-edler.de\/blog\/wp-content\/uploads\/2023\/06\/2023-06-03-08.43.12-250x144.jpg 250w, https:\/\/www.andreas-edler.de\/blog\/wp-content\/uploads\/2023\/06\/2023-06-03-08.43.12-768x442.jpg 768w, https:\/\/www.andreas-edler.de\/blog\/wp-content\/uploads\/2023\/06\/2023-06-03-08.43.12-1536x883.jpg 1536w, https:\/\/www.andreas-edler.de\/blog\/wp-content\/uploads\/2023\/06\/2023-06-03-08.43.12-2048x1178.jpg 2048w, https:\/\/www.andreas-edler.de\/blog\/wp-content\/uploads\/2023\/06\/2023-06-03-08.43.12-100x58.jpg 100w, https:\/\/www.andreas-edler.de\/blog\/wp-content\/uploads\/2023\/06\/2023-06-03-08.43.12-150x86.jpg 150w, https:\/\/www.andreas-edler.de\/blog\/wp-content\/uploads\/2023\/06\/2023-06-03-08.43.12-200x115.jpg 200w, https:\/\/www.andreas-edler.de\/blog\/wp-content\/uploads\/2023\/06\/2023-06-03-08.43.12-300x173.jpg 300w, https:\/\/www.andreas-edler.de\/blog\/wp-content\/uploads\/2023\/06\/2023-06-03-08.43.12-450x259.jpg 450w, https:\/\/www.andreas-edler.de\/blog\/wp-content\/uploads\/2023\/06\/2023-06-03-08.43.12-600x345.jpg 600w, https:\/\/www.andreas-edler.de\/blog\/wp-content\/uploads\/2023\/06\/2023-06-03-08.43.12-900x518.jpg 900w\" sizes=\"auto, (max-width: 470px) 100vw, 470px\" \/><\/a><figcaption id=\"caption-attachment-169996\" class=\"wp-caption-text\">Geh- und Radweg \u00fcber die Flutmuldenbr\u00fccke<\/figcaption><\/figure>\n<p>Zu den Breiten der benutzungspflichtigen Weg in Bad Oeynhausen hatte ich <a href=\"https:\/\/www.andreas-edler.de\/blog\/2022\/06\/benutzungspflicht-bzw-verbot-beim-radweg-der-eidinghausener-strasse\/\" rel=\"noopener\" target=\"_blank\">bereits etwas geschrieben, nachdem man nicht wie angek\u00fcndigt die Flutmulde auch von S\u00fcd nach Nord \u00fcberqueren durfte<\/a>. Gleichzeitig wurde angek\u00fcndigt, dass das auf der anderen Seite aufgrund der gr\u00f6\u00dferen Breite des neuen Weges nach Wechsel der Seiten unter Umst\u00e4nden m\u00f6glich sein w\u00fcrde. Ist wohl nicht so, Pustekuchen. Im \u00fcbrigen sieht mir der neue, kombinierte Geh- und Radweg auch keinen Zentimeter breiter aus, als der alte.<\/p>\n<p>Auch das wurde damals im Ausschuss f\u00fcr Stadtentwicklung anders vorgestellt. Hier wurde ein Geh-\/Radweg pr\u00e4sentiert, welcher sowohl bei der Breite des Gehwegteils als auch des Radwegbereiches deutlich breiter als der bisherige Weg war. Sogar breiter als er vor und nach der Br\u00fccke ist &#8211; was mich damals zu entsprechenden Nachfragen brachte. Man wolle seitens Stra\u00dfen.NRW die Vorgaben bei neuen Bauwerken einhalten, auch wenn es davor und dahinter nicht entsprechend breit weiter geht. Auch das scheint mir nicht so zu sein. Leider habe ich dazu keine Unterlagen im Ratssystem gefunden. Klar es ist Stra\u00dfen.NRW und manchmal sind Pr\u00e4sentationen aus den Sitzungen auch sp\u00e4ter nicht zu bekommen.<\/p>\n<p>Ich hoffe nach der Fertigstellung sieht das alles anders aus. Bis jetzt bin ich wieder mal ent\u00e4uscht, dass nichts so kommt, wie es vorher versprochen oder zumindest angedacht war. Radverkehr ist halt ein Stiefkind hier.<\/p>\n","protected":false},"excerpt":{"rendered":"<p>Geh- und #Radweg auf der #Flutmuldenbr\u00fccke auf dem neuen Br\u00fcckenteil zu schmal.<br \/>\nIch hoffe nach Fertigstellung sieht das alles anders aus :-\/ #BadOeYnhausen #mdRzA #Fahrrad<\/p>\n<div class=\"read-more\"><a href=\"https:\/\/www.andreas-edler.de\/blog\/2023\/06\/kombinierter-geh-und-radweg-auf-der-flutmuldenbruecke\/\">Weiterlesen &#8250;<\/a><\/div>\n<p><!-- end of .read-more --><\/p>\n","protected":false},"author":1,"featured_media":0,"comment_status":"open","ping_status":"open","sticky":false,"template":"","format":"standard","meta":{"ngg_post_thumbnail":0,"activitypub_content_warning":"","activitypub_content_visibility":"","activitypub_max_image_attachments":2,"activitypub_interaction_policy_quote":"anyone","activitypub_status":"","footnotes":""},"categories":[14,15,45,13],"tags":[477,237,37,262,110,319,251,168,412,498],"class_list":["post-169995","post","type-post","status-publish","format-standard","hentry","category-bad-oeynhausen","category-fahrrad","category-politik","category-verkehr","tag-alltagsradverkehr","tag-ausschuss-fuer-stadtentwicklung","tag-auto","tag-eidinghausener-strasse","tag-fahrradfreundliche-stadt","tag-flutmulde","tag-infrastruktur","tag-klimafreundliche-mobilitaet","tag-mdrza","tag-strassen-nrw"],"share_on_mastodon":{"url":"https:\/\/social.tchncs.de\/@filmfacts\/110485188519424370","error":""},"_links":{"self":[{"href":"https:\/\/www.andreas-edler.de\/blog\/wp-json\/wp\/v2\/posts\/169995","targetHints":{"allow":["GET"]}}],"collection":[{"href":"https:\/\/www.andreas-edler.de\/blog\/wp-json\/wp\/v2\/posts"}],"about":[{"href":"https:\/\/www.andreas-edler.de\/blog\/wp-json\/wp\/v2\/types\/post"}],"author":[{"embeddable":true,"href":"https:\/\/www.andreas-edler.de\/blog\/wp-json\/wp\/v2\/users\/1"}],"replies":[{"embeddable":true,"href":"https:\/\/www.andreas-edler.de\/blog\/wp-json\/wp\/v2\/comments?post=169995"}],"version-history":[{"count":0,"href":"https:\/\/www.andreas-edler.de\/blog\/wp-json\/wp\/v2\/posts\/169995\/revisions"}],"wp:attachment":[{"href":"https:\/\/www.andreas-edler.de\/blog\/wp-json\/wp\/v2\/media?parent=169995"}],"wp:term":[{"taxonomy":"category","embeddable":true,"href":"https:\/\/www.andreas-edler.de\/blog\/wp-json\/wp\/v2\/categories?post=169995"},{"taxonomy":"post_tag","embeddable":true,"href":"https:\/\/www.andreas-edler.de\/blog\/wp-json\/wp\/v2\/tags?post=169995"}],"curies":[{"name":"wp","href":"https:\/\/api.w.org\/{rel}","templated":true}]}}