{"id":169955,"date":"2023-05-29T11:11:12","date_gmt":"2023-05-29T09:11:12","guid":{"rendered":"https:\/\/www.andreas-edler.de\/blog\/?p=169955"},"modified":"2023-05-29T11:12:21","modified_gmt":"2023-05-29T09:12:21","slug":"balkonkraftwerk-nach-vier-wochen","status":"publish","type":"post","link":"https:\/\/www.andreas-edler.de\/blog\/2023\/05\/balkonkraftwerk-nach-vier-wochen\/","title":{"rendered":"Balkonkraftwerk nach vier Wochen"},"content":{"rendered":"<p><figure id=\"attachment_169886\" aria-describedby=\"caption-attachment-169886\" style=\"width: 150px\" class=\"wp-caption alignright\"><a href=\"https:\/\/www.andreas-edler.de\/blog\/wp-content\/uploads\/2023\/05\/2023-04-30-11.33.32.jpg\"><img loading=\"lazy\" decoding=\"async\" src=\"https:\/\/www.andreas-edler.de\/blog\/wp-content\/uploads\/2023\/05\/2023-04-30-11.33.32-150x150.jpg\" alt=\"\" width=\"150\" height=\"150\" class=\"size-thumbnail wp-image-169886\" \/><\/a><figcaption id=\"caption-attachment-169886\" class=\"wp-caption-text\">Drehstromz\u00e4hler am 30.04.2023<\/figcaption><\/figure> Vor vier Wochen habe ich das kleine 600-Watt-Balkonkraftwerk bei Onkel und Tante aufgebaut. Vor zwei Wochen war ich schon sehr begeistert \u00fcber die erzielten Einsparungen. Seit der Montage hatten wir durchgehend ganz gutes Wetter. Es war ein paar Tage eher bew\u00f6lkt und hat auch mal genieselt. Ein guter Mai w\u00fcrde ich sagen. Vorgestern war ich wieder kurz zu Besuch und habe einen Blick auf den immer noch r\u00fcckw\u00e4rtsdrehenden Z\u00e4hler geworfen.<\/p>\n<p><figure id=\"attachment_169957\" aria-describedby=\"caption-attachment-169957\" style=\"width: 150px\" class=\"wp-caption alignleft\"><a href=\"https:\/\/www.andreas-edler.de\/blog\/wp-content\/uploads\/2023\/05\/2023-05-27-11.52.28.jpg\"><img loading=\"lazy\" decoding=\"async\" src=\"https:\/\/www.andreas-edler.de\/blog\/wp-content\/uploads\/2023\/05\/2023-05-27-11.52.28-150x150.jpg\" alt=\"\" width=\"150\" height=\"150\" class=\"size-thumbnail wp-image-169957\" \/><\/a><figcaption id=\"caption-attachment-169957\" class=\"wp-caption-text\">Drehstromz\u00e4hler am 27.05.2023<\/figcaption><\/figure> Im nun fast kompletten ersten Monat hat sich der Z\u00e4hlerstand um 32,7 kWh erh\u00f6ht. Das sind 1,17 kWh pro Tag. Mehr wurde nicht aus dem Netz gezogen, bzw. mehr wurde wegen r\u00fcckw\u00e4rts drehen nicht gez\u00e4hlt.<\/p>\n<p>Laut dem Growatt-Z\u00e4hler wurden rund 104 kWh Strom erzeugt, was bei den kWh-Kosten im Tarif von Onkel und Tante ca. 28 Euro entspricht. Von mir aus soll der Z\u00e4hler dort so bleiben. Und meinetwegen auch bei allen anderen Balkonkraftwerken! Himmel, was da immer noch von den Menschen an Energie und Geld verschenkt wird.<\/p>\n","protected":false},"excerpt":{"rendered":"<p>Vor vier Wochen habe ich das kleine 600-Watt-Balkonkraftwerk bei Onkel und Tante aufgebaut. Vor zwei Wochen war ich schon sehr begeistert \u00fcber die erzielten Einsparungen. Seit der Montage hatten wir durchgehend ganz gutes Wetter. Es war ein paar Tage eher &hellip;<\/p>\n<p class=\"read-more\"> <a class=\"more-link\" href=\"https:\/\/www.andreas-edler.de\/blog\/2023\/05\/balkonkraftwerk-nach-vier-wochen\/\"> <span class=\"screen-reader-text\">Balkonkraftwerk nach vier Wochen<\/span> Weiterlesen &raquo;<\/a><\/p>\n","protected":false},"author":1,"featured_media":0,"comment_status":"open","ping_status":"open","sticky":false,"template":"","format":"standard","meta":{"ngg_post_thumbnail":0,"activitypub_content_warning":"","activitypub_content_visibility":"","activitypub_max_image_attachments":2,"activitypub_interaction_policy_quote":"anyone","activitypub_status":"","footnotes":""},"categories":[22,1],"tags":[532,573,64,470,490,46,380],"class_list":["post-169955","post","type-post","status-publish","format-standard","hentry","category-basteln","category-allgemein","tag-energiewende","tag-erneuerbare-energie","tag-konsum","tag-photovoltaik","tag-solarenergie","tag-technik","tag-umweltschutz"],"share_on_mastodon":{"url":"","error":""},"_links":{"self":[{"href":"https:\/\/www.andreas-edler.de\/blog\/wp-json\/wp\/v2\/posts\/169955","targetHints":{"allow":["GET"]}}],"collection":[{"href":"https:\/\/www.andreas-edler.de\/blog\/wp-json\/wp\/v2\/posts"}],"about":[{"href":"https:\/\/www.andreas-edler.de\/blog\/wp-json\/wp\/v2\/types\/post"}],"author":[{"embeddable":true,"href":"https:\/\/www.andreas-edler.de\/blog\/wp-json\/wp\/v2\/users\/1"}],"replies":[{"embeddable":true,"href":"https:\/\/www.andreas-edler.de\/blog\/wp-json\/wp\/v2\/comments?post=169955"}],"version-history":[{"count":0,"href":"https:\/\/www.andreas-edler.de\/blog\/wp-json\/wp\/v2\/posts\/169955\/revisions"}],"wp:attachment":[{"href":"https:\/\/www.andreas-edler.de\/blog\/wp-json\/wp\/v2\/media?parent=169955"}],"wp:term":[{"taxonomy":"category","embeddable":true,"href":"https:\/\/www.andreas-edler.de\/blog\/wp-json\/wp\/v2\/categories?post=169955"},{"taxonomy":"post_tag","embeddable":true,"href":"https:\/\/www.andreas-edler.de\/blog\/wp-json\/wp\/v2\/tags?post=169955"}],"curies":[{"name":"wp","href":"https:\/\/api.w.org\/{rel}","templated":true}]}}