{"id":169946,"date":"2023-05-25T23:47:22","date_gmt":"2023-05-25T21:47:22","guid":{"rendered":"https:\/\/www.andreas-edler.de\/blog\/?p=169946"},"modified":"2023-05-28T20:20:43","modified_gmt":"2023-05-28T18:20:43","slug":"haus-der-jugend-baubeginn-in-2024","status":"publish","type":"post","link":"https:\/\/www.andreas-edler.de\/blog\/2023\/05\/haus-der-jugend-baubeginn-in-2024\/","title":{"rendered":"Haus der Jugend &#8211; Baubeginn in 2024?"},"content":{"rendered":"<p>Heute war ich als Gast im Rathaus, um den Jugendhilfeausschuss zu verfolgen. Alex ist dort regul\u00e4res Mitglied und ich wollte sehen, was sie dort tut. Quatsch! ;-) Ich war wegen TOP 2 der Tagesordnung dort!<\/p>\n<p><cite>Jugendhilfeausschuss vom 25.05.2023: <strong><a href=\"https:\/\/www.sitzungsdienst-bad-oeynhausen.de\/bi\/vo020.asp?VOLFDNR=11648\">Vorstellung Entwurfsplanung Neubau Jugendzentrum<\/a><\/strong><br \/>\n<strong>Beschlussvorschlag:<\/strong><br \/>\nDer Jugendhilfeausschuss nimmt die Ausf\u00fchrungen der Verwaltung zur Kenntnis.<br \/>\n<strong>Sachverhalt:<\/strong><br \/>\nIn der Sitzung des Jugendhilfeausschusses am 06.12.2022 wurde die Verwaltung aufgefordert, in der Mai-Sitzung 2023 eine Entwurfsplanung f\u00fcr den Neubau des Jugendzentrums vorzustellen.<br \/>\nDie Entwurfsplanung wird durch Herrn Hinzmann (Leiter des Bereichs 65 \u2013 Geb\u00e4udemanagement) vorgestellt.<\/cite><\/p>\n<figure id=\"attachment_167330\" aria-describedby=\"caption-attachment-167330\" style=\"width: 470px\" class=\"wp-caption aligncenter\"><a href=\"https:\/\/www.andreas-edler.de\/blog\/wp-content\/uploads\/2021\/02\/2021-02-21-13.12.30.jpg\"><img loading=\"lazy\" decoding=\"async\" src=\"https:\/\/www.andreas-edler.de\/blog\/wp-content\/uploads\/2021\/02\/2021-02-21-13.12.30-470x168.jpg\" alt=\"\" width=\"470\" height=\"168\" class=\"size-large wp-image-167330\" srcset=\"https:\/\/www.andreas-edler.de\/blog\/wp-content\/uploads\/2021\/02\/2021-02-21-13.12.30-470x168.jpg 470w, https:\/\/www.andreas-edler.de\/blog\/wp-content\/uploads\/2021\/02\/2021-02-21-13.12.30-250x89.jpg 250w, https:\/\/www.andreas-edler.de\/blog\/wp-content\/uploads\/2021\/02\/2021-02-21-13.12.30-768x275.jpg 768w, https:\/\/www.andreas-edler.de\/blog\/wp-content\/uploads\/2021\/02\/2021-02-21-13.12.30-100x36.jpg 100w, https:\/\/www.andreas-edler.de\/blog\/wp-content\/uploads\/2021\/02\/2021-02-21-13.12.30-150x54.jpg 150w, https:\/\/www.andreas-edler.de\/blog\/wp-content\/uploads\/2021\/02\/2021-02-21-13.12.30-200x72.jpg 200w, https:\/\/www.andreas-edler.de\/blog\/wp-content\/uploads\/2021\/02\/2021-02-21-13.12.30-300x107.jpg 300w, https:\/\/www.andreas-edler.de\/blog\/wp-content\/uploads\/2021\/02\/2021-02-21-13.12.30-450x161.jpg 450w, https:\/\/www.andreas-edler.de\/blog\/wp-content\/uploads\/2021\/02\/2021-02-21-13.12.30-600x215.jpg 600w, https:\/\/www.andreas-edler.de\/blog\/wp-content\/uploads\/2021\/02\/2021-02-21-13.12.30-900x322.jpg 900w, https:\/\/www.andreas-edler.de\/blog\/wp-content\/uploads\/2021\/02\/2021-02-21-13.12.30.jpg 1280w\" sizes=\"auto, (max-width: 470px) 100vw, 470px\" \/><\/a><figcaption id=\"caption-attachment-167330\" class=\"wp-caption-text\">Das Haus der Jugend von Nord-West aus gesehen.<\/figcaption><\/figure>\n<p>Vom Ausschussvorsitzenden wurde davon gesprochen, dass bereits seit Ende 2020 politisch an dem Thema gearbeitet wird, weil da <a href=\"https:\/\/www.sitzungsdienst-bad-oeynhausen.de\/bi\/vo020.asp?VOLFDNR=10467\" rel=\"noopener\" target=\"_blank\">im Jugendhilfeausschuss der Neubau beschlossen<\/a> wurde. Das ist nicht ganz richtig. Denn ich habe seit der ersten nicht-\u00f6ffentlichen Vorstellung des Medical City Plaza im Ausschuss f\u00fcr Stadtentwicklung auf die Situation hingewiesen. Explizit habe ich <a href=\"https:\/\/www.andreas-edler.de\/blog\/2020\/10\/haus-der-jugend-vs-medical-city-plaza\/\" rel=\"noopener\" target=\"_blank\">in der Ratssitzung am 13.11.2019 nach den Mitteln gefragt<\/a>. Das hat anfangs kaum jemanden interessiert &#8211; im Gegenteil, mir wurde gesagt, ich solle nicht alles so negativ sehen und es zerreden. Selbst <a href=\"https:\/\/www.andreas-edler.de\/blog\/2020\/10\/haus-der-jugend-vs-medical-city-plaza\/\" rel=\"noopener\" target=\"_blank\">Ende 2020 ist meinen Ausf\u00fchrungen lediglich ein SPD-Mitglied gefolgt<\/a>!<\/p>\n<p>Der Zeitstrahl und die Situation zeigen allerdings, dass meine Bedenken durchaus richtig waren. Der Zeitraum, der f\u00fcr solche Dinge ben\u00f6tigt wird, ist einfach viel zu lange. Die Summen, die als &#8222;Entsch\u00e4digung&#8220; f\u00fcr den Abriss vom Investor gezahlt wurden sind, angesichts der inzwischen auf 2,8 Millionen angewachsenen Investitionssumme f\u00fcr das &#8222;Haus der Jugend&#8220;, eher ein Tropfen auf dem hei\u00dfen Stein! Vor knapp zwei Jahren war noch von 1,7 Milionen Euro die Rede.<\/p>\n<p><cite>NW vom 20.02.2021: <strong><a href=\"https:\/\/www.nw.de\/lokal\/kreis_minden_luebbecke\/bad_oeynhausen\/22958325_Ersatz-fuer-Haus-der-Jugend-gefunden.html\">Ersatz f\u00fcr Haus der Jugend gefunden<\/a><\/strong><br \/>\n[&#8230;] Mit 250.000 Euro wird sich der Investor des Medical City Plaza auf dem Hockeyplatz an den Baukosten beteiligen. [&#8230;]<\/cite><\/p>\n<p>Daf\u00fcr durfte er dann dort ein monstr\u00f6ses Parkhaus bauen. Nun gut. Zwei Jahre sind seitdem vergangen, in denen m.M.n. nicht wirklich viel passiert ist. Naiv wie ich bin, denke ich auch nach fast 14 Jahren im Stadtrat immer noch, dass viele Dinge doch schneller ablaufen m\u00fcssten. Ehrlich gesagt bin ich nach der Pr\u00e4sentation im JHA auch einigerma\u00dfen ratlos, was an dem Bau 2,8 Millionen Euro kosten wird. Warten wir es ab. Positiv ist, dass erneut beschlossen wurde zu bauen und dass recht zuversichtlich erl\u00e4utert wurde, im zweiten Quartal 2024 mit dem Bau zu beginnen.<\/p>\n","protected":false},"excerpt":{"rendered":"<p>Heute war ich als Gast im Rathaus, um den Jugendhilfeausschuss zu verfolgen. Alex ist dort regul\u00e4res Mitglied und ich wollte sehen, was sie dort tut. Quatsch! ;-) Ich war wegen TOP 2 der Tagesordnung dort! Jugendhilfeausschuss vom 25.05.2023: Vorstellung Entwurfsplanung &hellip;<\/p>\n<p class=\"read-more\"> <a class=\"more-link\" href=\"https:\/\/www.andreas-edler.de\/blog\/2023\/05\/haus-der-jugend-baubeginn-in-2024\/\"> <span class=\"screen-reader-text\">Haus der Jugend &#8211; Baubeginn in 2024?<\/span> Weiterlesen &raquo;<\/a><\/p>\n","protected":false},"author":1,"featured_media":0,"comment_status":"open","ping_status":"open","sticky":false,"template":"","format":"standard","meta":{"ngg_post_thumbnail":0,"activitypub_content_warning":"","activitypub_content_visibility":"","activitypub_max_image_attachments":2,"activitypub_interaction_policy_quote":"anyone","activitypub_status":"","footnotes":""},"categories":[14,45],"tags":[237,51,487,208,489,572,488,77],"class_list":["post-169946","post","type-post","status-publish","format-standard","hentry","category-bad-oeynhausen","category-politik","tag-ausschuss-fuer-stadtentwicklung","tag-geld","tag-haus-der-jugend","tag-haushalt","tag-hockeyplatz","tag-jugendhilfeausschuss","tag-medical-city-plaza","tag-stadtrat"],"share_on_mastodon":{"url":"","error":""},"_links":{"self":[{"href":"https:\/\/www.andreas-edler.de\/blog\/wp-json\/wp\/v2\/posts\/169946","targetHints":{"allow":["GET"]}}],"collection":[{"href":"https:\/\/www.andreas-edler.de\/blog\/wp-json\/wp\/v2\/posts"}],"about":[{"href":"https:\/\/www.andreas-edler.de\/blog\/wp-json\/wp\/v2\/types\/post"}],"author":[{"embeddable":true,"href":"https:\/\/www.andreas-edler.de\/blog\/wp-json\/wp\/v2\/users\/1"}],"replies":[{"embeddable":true,"href":"https:\/\/www.andreas-edler.de\/blog\/wp-json\/wp\/v2\/comments?post=169946"}],"version-history":[{"count":0,"href":"https:\/\/www.andreas-edler.de\/blog\/wp-json\/wp\/v2\/posts\/169946\/revisions"}],"wp:attachment":[{"href":"https:\/\/www.andreas-edler.de\/blog\/wp-json\/wp\/v2\/media?parent=169946"}],"wp:term":[{"taxonomy":"category","embeddable":true,"href":"https:\/\/www.andreas-edler.de\/blog\/wp-json\/wp\/v2\/categories?post=169946"},{"taxonomy":"post_tag","embeddable":true,"href":"https:\/\/www.andreas-edler.de\/blog\/wp-json\/wp\/v2\/tags?post=169946"}],"curies":[{"name":"wp","href":"https:\/\/api.w.org\/{rel}","templated":true}]}}