{"id":169943,"date":"2023-05-20T10:17:42","date_gmt":"2023-05-20T08:17:42","guid":{"rendered":"https:\/\/www.andreas-edler.de\/blog\/?p=169943"},"modified":"2023-05-20T10:17:42","modified_gmt":"2023-05-20T08:17:42","slug":"zuendanker-grundplatte-der-vespa","status":"publish","type":"post","link":"https:\/\/www.andreas-edler.de\/blog\/2023\/05\/zuendanker-grundplatte-der-vespa\/","title":{"rendered":"Z\u00fcndanker-Grundplatte der Vespa"},"content":{"rendered":"<p>Hatte ich vor Jahren schon mal f\u00fcr die kleine PK 50XL2 bestellt, die hier seit noch l\u00e4ngeren Jahren ungefahren rumsteht. Alles andere habe ich bereits getauscht und die Grundplatte ist das einzige, was mir noch einf\u00e4llt.<\/p>\n<figure id=\"attachment_169944\" aria-describedby=\"caption-attachment-169944\" style=\"width: 470px\" class=\"wp-caption aligncenter\"><a href=\"https:\/\/www.andreas-edler.de\/blog\/wp-content\/uploads\/2023\/05\/2023-05-18-19.11.24.jpg\"><img loading=\"lazy\" decoding=\"async\" src=\"https:\/\/www.andreas-edler.de\/blog\/wp-content\/uploads\/2023\/05\/2023-05-18-19.11.24-470x228.jpg\" alt=\"\" width=\"470\" height=\"228\" class=\"size-large wp-image-169944\" srcset=\"https:\/\/www.andreas-edler.de\/blog\/wp-content\/uploads\/2023\/05\/2023-05-18-19.11.24-470x228.jpg 470w, https:\/\/www.andreas-edler.de\/blog\/wp-content\/uploads\/2023\/05\/2023-05-18-19.11.24-250x121.jpg 250w, https:\/\/www.andreas-edler.de\/blog\/wp-content\/uploads\/2023\/05\/2023-05-18-19.11.24-768x372.jpg 768w, https:\/\/www.andreas-edler.de\/blog\/wp-content\/uploads\/2023\/05\/2023-05-18-19.11.24-100x48.jpg 100w, https:\/\/www.andreas-edler.de\/blog\/wp-content\/uploads\/2023\/05\/2023-05-18-19.11.24-150x73.jpg 150w, https:\/\/www.andreas-edler.de\/blog\/wp-content\/uploads\/2023\/05\/2023-05-18-19.11.24-200x97.jpg 200w, https:\/\/www.andreas-edler.de\/blog\/wp-content\/uploads\/2023\/05\/2023-05-18-19.11.24-300x145.jpg 300w, https:\/\/www.andreas-edler.de\/blog\/wp-content\/uploads\/2023\/05\/2023-05-18-19.11.24-450x218.jpg 450w, https:\/\/www.andreas-edler.de\/blog\/wp-content\/uploads\/2023\/05\/2023-05-18-19.11.24-600x291.jpg 600w, https:\/\/www.andreas-edler.de\/blog\/wp-content\/uploads\/2023\/05\/2023-05-18-19.11.24-900x436.jpg 900w, https:\/\/www.andreas-edler.de\/blog\/wp-content\/uploads\/2023\/05\/2023-05-18-19.11.24.jpg 1280w\" sizes=\"auto, (max-width: 470px) 100vw, 470px\" \/><\/a><figcaption id=\"caption-attachment-169944\" class=\"wp-caption-text\">Z\u00fcndanker-Grundplatte in einer PK50XL2<\/figcaption><\/figure>\n<p>Damals stand die im SIP-Scootershop ewig auf &#8222;wird bestellt&#8220; und irgendwann flog der Artikel aus dem Warenkorb. War wohl in 2020. Da Alex in den letzten beiden Tagen den Carport gestrichen hat, mussten die Vespas umgeschoben werden und ich habe gedacht, das w\u00e4re doch eine gute Gelegenheit f\u00fcr einen neuen Versuch.<\/p>\n<p>Und &#8222;Oh Wunder&#8220;, heute morgen war schon die Versandbest\u00e4tigung im Postfach. Ich bin gespannt!<\/p>\n","protected":false},"excerpt":{"rendered":"<p>Hatte ich vor Jahren schon mal f\u00fcr die kleine PK 50XL2 bestellt, die hier seit noch l\u00e4ngeren Jahren ungefahren rumsteht. Alles andere habe ich bereits getauscht und die Grundplatte ist das einzige, was mir noch einf\u00e4llt. Damals stand die im &hellip;<\/p>\n<p class=\"read-more\"> <a class=\"more-link\" href=\"https:\/\/www.andreas-edler.de\/blog\/2023\/05\/zuendanker-grundplatte-der-vespa\/\"> <span class=\"screen-reader-text\">Z\u00fcndanker-Grundplatte der Vespa<\/span> Weiterlesen &raquo;<\/a><\/p>\n","protected":false},"author":1,"featured_media":0,"comment_status":"open","ping_status":"open","sticky":false,"template":"","format":"standard","meta":{"ngg_post_thumbnail":0,"activitypub_content_warning":"","activitypub_content_visibility":"","activitypub_max_image_attachments":2,"activitypub_interaction_policy_quote":"anyone","activitypub_status":"","footnotes":""},"categories":[22],"tags":[51,64,571,316,155],"class_list":["post-169943","post","type-post","status-publish","format-standard","hentry","category-basteln","tag-geld","tag-konsum","tag-pk50xl2","tag-reparieren","tag-vespa"],"share_on_mastodon":{"url":"","error":""},"_links":{"self":[{"href":"https:\/\/www.andreas-edler.de\/blog\/wp-json\/wp\/v2\/posts\/169943","targetHints":{"allow":["GET"]}}],"collection":[{"href":"https:\/\/www.andreas-edler.de\/blog\/wp-json\/wp\/v2\/posts"}],"about":[{"href":"https:\/\/www.andreas-edler.de\/blog\/wp-json\/wp\/v2\/types\/post"}],"author":[{"embeddable":true,"href":"https:\/\/www.andreas-edler.de\/blog\/wp-json\/wp\/v2\/users\/1"}],"replies":[{"embeddable":true,"href":"https:\/\/www.andreas-edler.de\/blog\/wp-json\/wp\/v2\/comments?post=169943"}],"version-history":[{"count":0,"href":"https:\/\/www.andreas-edler.de\/blog\/wp-json\/wp\/v2\/posts\/169943\/revisions"}],"wp:attachment":[{"href":"https:\/\/www.andreas-edler.de\/blog\/wp-json\/wp\/v2\/media?parent=169943"}],"wp:term":[{"taxonomy":"category","embeddable":true,"href":"https:\/\/www.andreas-edler.de\/blog\/wp-json\/wp\/v2\/categories?post=169943"},{"taxonomy":"post_tag","embeddable":true,"href":"https:\/\/www.andreas-edler.de\/blog\/wp-json\/wp\/v2\/tags?post=169943"}],"curies":[{"name":"wp","href":"https:\/\/api.w.org\/{rel}","templated":true}]}}