{"id":169891,"date":"2023-05-16T13:45:27","date_gmt":"2023-05-16T11:45:27","guid":{"rendered":"https:\/\/www.andreas-edler.de\/blog\/?p=169891"},"modified":"2023-05-16T13:45:27","modified_gmt":"2023-05-16T11:45:27","slug":"mhv-fahrer-in-gefaehrdet-radfahrende","status":"publish","type":"post","link":"https:\/\/www.andreas-edler.de\/blog\/2023\/05\/mhv-fahrer-in-gefaehrdet-radfahrende\/","title":{"rendered":"MHV-Fahrer\/in gef\u00e4hrdet Radfahrende"},"content":{"rendered":"<p><figure id=\"attachment_169893\" aria-describedby=\"caption-attachment-169893\" style=\"width: 250px\" class=\"wp-caption alignright\"><a href=\"https:\/\/www.andreas-edler.de\/blog\/wp-content\/uploads\/2023\/05\/2023-05-14_15.01_minden_koenigswall_bus_ueberholt_lebensgefaehrlich.jpg\"><img loading=\"lazy\" decoding=\"async\" src=\"https:\/\/www.andreas-edler.de\/blog\/wp-content\/uploads\/2023\/05\/2023-05-14_15.01_minden_koenigswall_bus_ueberholt_lebensgefaehrlich-250x141.jpg\" alt=\"\" width=\"250\" height=\"141\" class=\"size-medium wp-image-169893\" srcset=\"https:\/\/www.andreas-edler.de\/blog\/wp-content\/uploads\/2023\/05\/2023-05-14_15.01_minden_koenigswall_bus_ueberholt_lebensgefaehrlich-250x141.jpg 250w, https:\/\/www.andreas-edler.de\/blog\/wp-content\/uploads\/2023\/05\/2023-05-14_15.01_minden_koenigswall_bus_ueberholt_lebensgefaehrlich-470x264.jpg 470w, https:\/\/www.andreas-edler.de\/blog\/wp-content\/uploads\/2023\/05\/2023-05-14_15.01_minden_koenigswall_bus_ueberholt_lebensgefaehrlich-768x432.jpg 768w, https:\/\/www.andreas-edler.de\/blog\/wp-content\/uploads\/2023\/05\/2023-05-14_15.01_minden_koenigswall_bus_ueberholt_lebensgefaehrlich-1536x864.jpg 1536w, https:\/\/www.andreas-edler.de\/blog\/wp-content\/uploads\/2023\/05\/2023-05-14_15.01_minden_koenigswall_bus_ueberholt_lebensgefaehrlich-2048x1152.jpg 2048w, https:\/\/www.andreas-edler.de\/blog\/wp-content\/uploads\/2023\/05\/2023-05-14_15.01_minden_koenigswall_bus_ueberholt_lebensgefaehrlich-100x56.jpg 100w, https:\/\/www.andreas-edler.de\/blog\/wp-content\/uploads\/2023\/05\/2023-05-14_15.01_minden_koenigswall_bus_ueberholt_lebensgefaehrlich-150x84.jpg 150w, https:\/\/www.andreas-edler.de\/blog\/wp-content\/uploads\/2023\/05\/2023-05-14_15.01_minden_koenigswall_bus_ueberholt_lebensgefaehrlich-200x113.jpg 200w, https:\/\/www.andreas-edler.de\/blog\/wp-content\/uploads\/2023\/05\/2023-05-14_15.01_minden_koenigswall_bus_ueberholt_lebensgefaehrlich-300x169.jpg 300w, https:\/\/www.andreas-edler.de\/blog\/wp-content\/uploads\/2023\/05\/2023-05-14_15.01_minden_koenigswall_bus_ueberholt_lebensgefaehrlich-450x253.jpg 450w, https:\/\/www.andreas-edler.de\/blog\/wp-content\/uploads\/2023\/05\/2023-05-14_15.01_minden_koenigswall_bus_ueberholt_lebensgefaehrlich-600x338.jpg 600w, https:\/\/www.andreas-edler.de\/blog\/wp-content\/uploads\/2023\/05\/2023-05-14_15.01_minden_koenigswall_bus_ueberholt_lebensgefaehrlich-900x506.jpg 900w\" sizes=\"auto, (max-width: 250px) 100vw, 250px\" \/><\/a><figcaption id=\"caption-attachment-169893\" class=\"wp-caption-text\">lebensgef\u00e4hrlicher \u00dcberholvorgang eines\/einer Busfahrer\/in in Minden<\/figcaption><\/figure> <cite>Sehr geehrte Damen und Herren,<br \/>\n<br \/>\nam Sonntag den 14.05.2023 gegen 15:00 Uhr ereignete sich die im angeh\u00e4ngten Bild gezeigte Situation auf dem K\u00f6nigswall auf H\u00f6he &#8222;Der Bunker&#8220; und &#8222;Stadtbibliothek Minden&#8220;. Wir fuhren in einer Gruppe von 7 Radfahrenden in Richtung Rodenbecker Stra\u00dfe. Uns entgegen kam ein einzelner Radfahrer in Richtung K\u00f6nigstra\u00dfe. Als unsere Gruppe dem einzelnen Radfahrer gegen\u00fcber war, lenkte ein\/e Busfahrer\/in das gro\u00dfe Fahrzeug zwischen uns durch. Der Abstand zum einzelnen Radfahrer ist &#8211; wie im Bild zu sehen &#8211; deutlich unter einem Meter, nur wenige Zentimeter. Auch der Abstand zu unserer Gruppe ist sichtbar zu gering. Allein schon der \u00dcberholvorgang des Menschen am Steuer des Busses ist eine Katastrophe und an R\u00fccksichtslosigkeit kaum zu \u00fcberbieten. Hier wurden ganz bewusst Menschenleben gef\u00e4hrdet und Verletzungen &#8211; wenn nicht Schlimmeres &#8211; in Kauf genommen.<br \/>\n<br \/>\nMeines Erachtens sind solche Menschen nicht geeignet, ein motorisiertes Fahrzeug im Stra\u00dfenverkehr zu f\u00fchren.<br \/>\n<br \/>\nDies ist nicht die erste Meldung dieser Art an sie. Ich habe nicht st\u00e4ndig eine Kamera laufen und ich teile ihnen auch nicht alle Situationen mit. Insofern ist dies nur ein kleiner Ausschnitt des t\u00e4glichen Geschehens. Da ich nicht davon ausgehe, dass nur ich solche Situationen beobachte oder diese nur stattfinden, wenn ich zuf\u00e4llig zugegen bin, muss ich leider davon ausgehen, dass diese Fahrweisen &#8222;normal&#8220; sind, entsprechende Hinweise an ihre Fahrer\/innen ausbleiben und es f\u00fcr die Fahrer\/innen folgenlos bleibt.<br \/>\n<br \/>\nBitte sensibilisieren Sie ihre Fahrer\/innen. Zeigen Sie bei den im Bild gezeigten Situationen deutliche Konsequenzen. Wird erst gehandelt, wenn Menschen in Mitleidenschaft gezogen worden sind? So ist das kein Aush\u00e4ngeschild f\u00fcr die MHV und leider werden mir von anderen Menschen \u00e4hnliche Vorg\u00e4nge berichtet.<br \/>\n<br \/>\nMit freundlichen Gr\u00fc\u00dfen<br \/>\n<br \/>\nAndreas Edler<\/cite><\/p>\n","protected":false},"excerpt":{"rendered":"<p>Sehr geehrte Damen und Herren, am Sonntag den 14.05.2023 gegen 15:00 Uhr ereignete sich die im angeh\u00e4ngten Bild gezeigte Situation auf dem K\u00f6nigswall auf H\u00f6he &#8222;Der Bunker&#8220; und &#8222;Stadtbibliothek Minden&#8220;. Wir fuhren in einer Gruppe von 7 Radfahrenden in Richtung &hellip;<\/p>\n<p class=\"read-more\"> <a class=\"more-link\" href=\"https:\/\/www.andreas-edler.de\/blog\/2023\/05\/mhv-fahrer-in-gefaehrdet-radfahrende\/\"> <span class=\"screen-reader-text\">MHV-Fahrer\/in gef\u00e4hrdet Radfahrende<\/span> Weiterlesen &raquo;<\/a><\/p>\n","protected":false},"author":1,"featured_media":0,"comment_status":"open","ping_status":"open","sticky":false,"template":"","format":"standard","meta":{"ngg_post_thumbnail":0,"activitypub_content_warning":"","activitypub_content_visibility":"","activitypub_max_image_attachments":2,"activitypub_interaction_policy_quote":"anyone","activitypub_status":"","footnotes":""},"categories":[15,18,13],"tags":[63,251,34,567,191,71,76,260],"class_list":["post-169891","post","type-post","status-publish","format-standard","hentry","category-fahrrad","category-fraglich","category-verkehr","tag-benehmen","tag-infrastruktur","tag-kommunikation","tag-koenigswall-minden","tag-oepnv","tag-regeln","tag-sicherheit","tag-stvo"],"share_on_mastodon":{"url":"","error":""},"_links":{"self":[{"href":"https:\/\/www.andreas-edler.de\/blog\/wp-json\/wp\/v2\/posts\/169891","targetHints":{"allow":["GET"]}}],"collection":[{"href":"https:\/\/www.andreas-edler.de\/blog\/wp-json\/wp\/v2\/posts"}],"about":[{"href":"https:\/\/www.andreas-edler.de\/blog\/wp-json\/wp\/v2\/types\/post"}],"author":[{"embeddable":true,"href":"https:\/\/www.andreas-edler.de\/blog\/wp-json\/wp\/v2\/users\/1"}],"replies":[{"embeddable":true,"href":"https:\/\/www.andreas-edler.de\/blog\/wp-json\/wp\/v2\/comments?post=169891"}],"version-history":[{"count":0,"href":"https:\/\/www.andreas-edler.de\/blog\/wp-json\/wp\/v2\/posts\/169891\/revisions"}],"wp:attachment":[{"href":"https:\/\/www.andreas-edler.de\/blog\/wp-json\/wp\/v2\/media?parent=169891"}],"wp:term":[{"taxonomy":"category","embeddable":true,"href":"https:\/\/www.andreas-edler.de\/blog\/wp-json\/wp\/v2\/categories?post=169891"},{"taxonomy":"post_tag","embeddable":true,"href":"https:\/\/www.andreas-edler.de\/blog\/wp-json\/wp\/v2\/tags?post=169891"}],"curies":[{"name":"wp","href":"https:\/\/api.w.org\/{rel}","templated":true}]}}