{"id":169876,"date":"2023-05-09T10:50:21","date_gmt":"2023-05-09T08:50:21","guid":{"rendered":"https:\/\/www.andreas-edler.de\/blog\/?p=169876"},"modified":"2023-05-09T10:50:57","modified_gmt":"2023-05-09T08:50:57","slug":"kopfschmerzen-mal-wieder","status":"publish","type":"post","link":"https:\/\/www.andreas-edler.de\/blog\/2023\/05\/kopfschmerzen-mal-wieder\/","title":{"rendered":"Kopfschmerzen mal wieder"},"content":{"rendered":"<p><figure id=\"attachment_169877\" aria-describedby=\"caption-attachment-169877\" style=\"width: 186px\" class=\"wp-caption alignright\"><a href=\"https:\/\/www.andreas-edler.de\/blog\/wp-content\/uploads\/2023\/05\/2023-05-08-21.02.58.jpg\"><img loading=\"lazy\" decoding=\"async\" src=\"https:\/\/www.andreas-edler.de\/blog\/wp-content\/uploads\/2023\/05\/2023-05-08-21.02.58-186x250.jpg\" alt=\"\" width=\"186\" height=\"250\" class=\"size-medium wp-image-169877\" srcset=\"https:\/\/www.andreas-edler.de\/blog\/wp-content\/uploads\/2023\/05\/2023-05-08-21.02.58-186x250.jpg 186w, https:\/\/www.andreas-edler.de\/blog\/wp-content\/uploads\/2023\/05\/2023-05-08-21.02.58-350x470.jpg 350w, https:\/\/www.andreas-edler.de\/blog\/wp-content\/uploads\/2023\/05\/2023-05-08-21.02.58-768x1030.jpg 768w, https:\/\/www.andreas-edler.de\/blog\/wp-content\/uploads\/2023\/05\/2023-05-08-21.02.58-100x134.jpg 100w, https:\/\/www.andreas-edler.de\/blog\/wp-content\/uploads\/2023\/05\/2023-05-08-21.02.58-150x201.jpg 150w, https:\/\/www.andreas-edler.de\/blog\/wp-content\/uploads\/2023\/05\/2023-05-08-21.02.58-200x268.jpg 200w, https:\/\/www.andreas-edler.de\/blog\/wp-content\/uploads\/2023\/05\/2023-05-08-21.02.58-300x403.jpg 300w, https:\/\/www.andreas-edler.de\/blog\/wp-content\/uploads\/2023\/05\/2023-05-08-21.02.58-450x604.jpg 450w, https:\/\/www.andreas-edler.de\/blog\/wp-content\/uploads\/2023\/05\/2023-05-08-21.02.58-600x805.jpg 600w, https:\/\/www.andreas-edler.de\/blog\/wp-content\/uploads\/2023\/05\/2023-05-08-21.02.58-900x1208.jpg 900w, https:\/\/www.andreas-edler.de\/blog\/wp-content\/uploads\/2023\/05\/2023-05-08-21.02.58.jpg 954w\" sizes=\"auto, (max-width: 186px) 100vw, 186px\" \/><\/a><figcaption id=\"caption-attachment-169877\" class=\"wp-caption-text\">Im Herzen ein Nest aus Stacheldraht<\/figcaption><\/figure> In letzter Zeit h\u00e4ufen sich die Kopfschmerzen. Zwar immer noch deutlich weniger, als vielleicht vor 10 bis 15 Jahren und auch nicht ganz so schlimm, aber immer noch nervig genug. Sonntag ging es auch wieder los. Am Abend fing der Sch\u00e4del an zu dr\u00f6hnen. Habe dann eine Paracetamol genommen und konnte trotzdem kaum schlafen. Von drei bis f\u00fcnf Uhr nachts war ich wach und bin rumgetigert.<\/p>\n<p>Gestern im B\u00fcro wurde es schlimmer, so dass ich irgendwann am Nachmittag eine halbe Sumatriptan genommen habe. Die hat auch gewirkt und am Abend waren waren wir in der Druckerei und haben das Theaterst\u00fcck &#8222;Im Herzen ein Nest aus Stacheldraht &#8211; Aus dem Leben eines polnischen Zwangsarbeiters&#8220; geschaut. Sehr eindrucksvoll und bedr\u00fcckend.<\/p>\n<p>Auf dem Nachhauseweg war noch alles in Ordnung, aber schon beim Zubettgehen dr\u00f6hnte der Kopf.  Um drei Uhr aufgestanden und eine Sumatriptan genommen &#8211; die nicht gewirkt hat. Habe seitdem nicht mehr richtig geschlafen. Der kleine Junge, der irgendwann r\u00fcber kam und seinen Arm immer in mein Gesicht legte, hat das nicht besser gemacht. Bin eben aufgestanden und habe geduscht. Nun geht es halbwegs, aber die Sch\u00e4deldecke scheint immer noch nach oben gedr\u00fcckt zu werden. Bin ausnahmsweise mal nicht ins B\u00fcro gegangen, m\u00fcsste eh immer mit den Augen knispern.<\/p>\n","protected":false},"excerpt":{"rendered":"<p>In letzter Zeit h\u00e4ufen sich die Kopfschmerzen. Zwar immer noch deutlich weniger, als vielleicht vor 10 bis 15 Jahren und auch nicht ganz so schlimm, aber immer noch nervig genug. Sonntag ging es auch wieder los. Am Abend fing der &hellip;<\/p>\n<p class=\"read-more\"> <a class=\"more-link\" href=\"https:\/\/www.andreas-edler.de\/blog\/2023\/05\/kopfschmerzen-mal-wieder\/\"> <span class=\"screen-reader-text\">Kopfschmerzen mal wieder<\/span> Weiterlesen &raquo;<\/a><\/p>\n","protected":false},"author":1,"featured_media":0,"comment_status":"open","ping_status":"open","sticky":false,"template":"","format":"standard","meta":{"ngg_post_thumbnail":0,"activitypub_content_warning":"","activitypub_content_visibility":"","activitypub_max_image_attachments":2,"activitypub_interaction_policy_quote":"anyone","activitypub_status":"","footnotes":""},"categories":[1],"tags":[7,10,210],"class_list":["post-169876","post","type-post","status-publish","format-standard","hentry","category-allgemein","tag-gesundheit","tag-kopfschmerzen","tag-migraene"],"share_on_mastodon":{"url":"","error":""},"_links":{"self":[{"href":"https:\/\/www.andreas-edler.de\/blog\/wp-json\/wp\/v2\/posts\/169876","targetHints":{"allow":["GET"]}}],"collection":[{"href":"https:\/\/www.andreas-edler.de\/blog\/wp-json\/wp\/v2\/posts"}],"about":[{"href":"https:\/\/www.andreas-edler.de\/blog\/wp-json\/wp\/v2\/types\/post"}],"author":[{"embeddable":true,"href":"https:\/\/www.andreas-edler.de\/blog\/wp-json\/wp\/v2\/users\/1"}],"replies":[{"embeddable":true,"href":"https:\/\/www.andreas-edler.de\/blog\/wp-json\/wp\/v2\/comments?post=169876"}],"version-history":[{"count":0,"href":"https:\/\/www.andreas-edler.de\/blog\/wp-json\/wp\/v2\/posts\/169876\/revisions"}],"wp:attachment":[{"href":"https:\/\/www.andreas-edler.de\/blog\/wp-json\/wp\/v2\/media?parent=169876"}],"wp:term":[{"taxonomy":"category","embeddable":true,"href":"https:\/\/www.andreas-edler.de\/blog\/wp-json\/wp\/v2\/categories?post=169876"},{"taxonomy":"post_tag","embeddable":true,"href":"https:\/\/www.andreas-edler.de\/blog\/wp-json\/wp\/v2\/tags?post=169876"}],"curies":[{"name":"wp","href":"https:\/\/api.w.org\/{rel}","templated":true}]}}