{"id":169820,"date":"2023-04-26T21:43:10","date_gmt":"2023-04-26T19:43:10","guid":{"rendered":"https:\/\/www.andreas-edler.de\/blog\/?p=169820"},"modified":"2023-04-26T21:43:10","modified_gmt":"2023-04-26T19:43:10","slug":"adfc-fahrradklimatest-2022","status":"publish","type":"post","link":"https:\/\/www.andreas-edler.de\/blog\/2023\/04\/adfc-fahrradklimatest-2022\/","title":{"rendered":"ADFC Fahrradklimatest 2022"},"content":{"rendered":"<p>Alle zwei Jahren f\u00fchrt der ADFC eine Befragung zum Fahradklima in deutschen St\u00e4dten durch. Erf\u00fcllt eine Stadt dabei relativ zur Einwohnerzahl ein bestimmtes Quorum, wird die Umfrage f\u00fcr die Kommune ausgewertet. F\u00fcr Bad Oeynhausen hat das <a href=\"https:\/\/www.andreas-edler.de\/blog\/tag\/fahrradklimatest\/\" rel=\"noopener\" target=\"_blank\">in den letzten Jahren eigentlich immer geklappt<\/a>. So auch im letzten Jahr. Und vor ein paar Tagen wurde dann das Ergebnis ver\u00f6ffentlicht.<\/p>\n<figure id=\"attachment_169821\" aria-describedby=\"caption-attachment-169821\" style=\"width: 470px\" class=\"wp-caption aligncenter\"><a href=\"https:\/\/www.andreas-edler.de\/blog\/wp-content\/uploads\/2023\/04\/2023-04-26_adfc_fahrradkliatest_bad_oeynhausen_2022.png\"><img loading=\"lazy\" decoding=\"async\" src=\"https:\/\/www.andreas-edler.de\/blog\/wp-content\/uploads\/2023\/04\/2023-04-26_adfc_fahrradkliatest_bad_oeynhausen_2022-470x141.png\" alt=\"\" width=\"470\" height=\"141\" class=\"size-large wp-image-169821\" srcset=\"https:\/\/www.andreas-edler.de\/blog\/wp-content\/uploads\/2023\/04\/2023-04-26_adfc_fahrradkliatest_bad_oeynhausen_2022-470x141.png 470w, https:\/\/www.andreas-edler.de\/blog\/wp-content\/uploads\/2023\/04\/2023-04-26_adfc_fahrradkliatest_bad_oeynhausen_2022-250x75.png 250w, https:\/\/www.andreas-edler.de\/blog\/wp-content\/uploads\/2023\/04\/2023-04-26_adfc_fahrradkliatest_bad_oeynhausen_2022-768x230.png 768w, https:\/\/www.andreas-edler.de\/blog\/wp-content\/uploads\/2023\/04\/2023-04-26_adfc_fahrradkliatest_bad_oeynhausen_2022-100x30.png 100w, https:\/\/www.andreas-edler.de\/blog\/wp-content\/uploads\/2023\/04\/2023-04-26_adfc_fahrradkliatest_bad_oeynhausen_2022-150x45.png 150w, https:\/\/www.andreas-edler.de\/blog\/wp-content\/uploads\/2023\/04\/2023-04-26_adfc_fahrradkliatest_bad_oeynhausen_2022-200x60.png 200w, https:\/\/www.andreas-edler.de\/blog\/wp-content\/uploads\/2023\/04\/2023-04-26_adfc_fahrradkliatest_bad_oeynhausen_2022-300x90.png 300w, https:\/\/www.andreas-edler.de\/blog\/wp-content\/uploads\/2023\/04\/2023-04-26_adfc_fahrradkliatest_bad_oeynhausen_2022-450x135.png 450w, https:\/\/www.andreas-edler.de\/blog\/wp-content\/uploads\/2023\/04\/2023-04-26_adfc_fahrradkliatest_bad_oeynhausen_2022-600x180.png 600w, https:\/\/www.andreas-edler.de\/blog\/wp-content\/uploads\/2023\/04\/2023-04-26_adfc_fahrradkliatest_bad_oeynhausen_2022-900x270.png 900w, https:\/\/www.andreas-edler.de\/blog\/wp-content\/uploads\/2023\/04\/2023-04-26_adfc_fahrradkliatest_bad_oeynhausen_2022.png 1123w\" sizes=\"auto, (max-width: 470px) 100vw, 470px\" \/><\/a><figcaption id=\"caption-attachment-169821\" class=\"wp-caption-text\">Ergebnis wie in den Vorjahren<\/figcaption><\/figure>\n<p>Tja, leider habe ich nicht viel anderes erwartet. Wir sind im Ergebnis ziemlich gleich geblieben. Es hat sich ja auch ansonsten nicht sehr viel ge\u00e4ndert. Jedenfalls nicht, was den Alltagsradverkehr angeht &#8211; denn darum geht es bei dem Kilmatest. Auch wenn die Verwaltung best\u00e4ndig erw\u00e4hnt, was alles getan wurde, ist da sehr wenig dabei, was den Alltagsradverkehr f\u00fcr Pendler und Sch\u00fcler signifikant nach vorne gebracht h\u00e4tte. Leider.<\/p>\n<p>Bad Oeynhausen ist da aber in guter Gesellschaft. In den allermeisten St\u00e4dten ist es nicht viel besser und die &#8222;guten&#8220; Pl\u00e4tze sind auch nicht wirklich berauschend, sondern halt &#8222;nur&#8220; besser als schlecht. <\/p>\n","protected":false},"excerpt":{"rendered":"<p>Alle zwei Jahren f\u00fchrt der ADFC eine Befragung zum Fahradklima in deutschen St\u00e4dten durch. Erf\u00fcllt eine Stadt dabei relativ zur Einwohnerzahl ein bestimmtes Quorum, wird die Umfrage f\u00fcr die Kommune ausgewertet. F\u00fcr Bad Oeynhausen hat das in den letzten Jahren &hellip;<\/p>\n<p class=\"read-more\"> <a class=\"more-link\" href=\"https:\/\/www.andreas-edler.de\/blog\/2023\/04\/adfc-fahrradklimatest-2022\/\"> <span class=\"screen-reader-text\">ADFC Fahrradklimatest 2022<\/span> Weiterlesen &raquo;<\/a><\/p>\n","protected":false},"author":1,"featured_media":0,"comment_status":"open","ping_status":"open","sticky":false,"template":"","format":"standard","meta":{"ngg_post_thumbnail":0,"activitypub_content_warning":"","activitypub_content_visibility":"","activitypub_max_image_attachments":2,"activitypub_interaction_policy_quote":"anyone","activitypub_status":"","footnotes":""},"categories":[14,15,13],"tags":[477,110,406,251,34,412,158,510],"class_list":["post-169820","post","type-post","status-publish","format-standard","hentry","category-bad-oeynhausen","category-fahrrad","category-verkehr","tag-alltagsradverkehr","tag-fahrradfreundliche-stadt","tag-fahrradklimatest","tag-infrastruktur","tag-kommunikation","tag-mdrza","tag-mit-dem-rad-zur-arbeit","tag-mit-dem-rad-zur-schule"],"share_on_mastodon":{"url":"","error":""},"_links":{"self":[{"href":"https:\/\/www.andreas-edler.de\/blog\/wp-json\/wp\/v2\/posts\/169820","targetHints":{"allow":["GET"]}}],"collection":[{"href":"https:\/\/www.andreas-edler.de\/blog\/wp-json\/wp\/v2\/posts"}],"about":[{"href":"https:\/\/www.andreas-edler.de\/blog\/wp-json\/wp\/v2\/types\/post"}],"author":[{"embeddable":true,"href":"https:\/\/www.andreas-edler.de\/blog\/wp-json\/wp\/v2\/users\/1"}],"replies":[{"embeddable":true,"href":"https:\/\/www.andreas-edler.de\/blog\/wp-json\/wp\/v2\/comments?post=169820"}],"version-history":[{"count":0,"href":"https:\/\/www.andreas-edler.de\/blog\/wp-json\/wp\/v2\/posts\/169820\/revisions"}],"wp:attachment":[{"href":"https:\/\/www.andreas-edler.de\/blog\/wp-json\/wp\/v2\/media?parent=169820"}],"wp:term":[{"taxonomy":"category","embeddable":true,"href":"https:\/\/www.andreas-edler.de\/blog\/wp-json\/wp\/v2\/categories?post=169820"},{"taxonomy":"post_tag","embeddable":true,"href":"https:\/\/www.andreas-edler.de\/blog\/wp-json\/wp\/v2\/tags?post=169820"}],"curies":[{"name":"wp","href":"https:\/\/api.w.org\/{rel}","templated":true}]}}