{"id":169723,"date":"2023-04-04T08:15:26","date_gmt":"2023-04-04T06:15:26","guid":{"rendered":"https:\/\/www.andreas-edler.de\/blog\/?p=169723"},"modified":"2023-04-04T08:20:07","modified_gmt":"2023-04-04T06:20:07","slug":"umleitungsbeschilderung-diesterwegstrasse","status":"publish","type":"post","link":"https:\/\/www.andreas-edler.de\/blog\/2023\/04\/umleitungsbeschilderung-diesterwegstrasse\/","title":{"rendered":"Umleitungsbeschilderung Diesterwegstra\u00dfe"},"content":{"rendered":"<p>In einer der letzten Sitzungen des Ausschuss f\u00fcr Stadtentwicklung fragte ich anl\u00e4sslich einer <a href=\"https:\/\/www.andreas-edler.de\/blog\/2022\/11\/baustelle-an-der-mindener-strasse-unbekannt\/\" rel=\"noopener\" target=\"_blank\">Baustelle auf dem benutzungspflichtigen Geh- und Radweg entlang der Mindener Stra\u00dfe<\/a>, nach der nicht erfolgten Umleitungsbeschilderung. Die Antwort der Verwaltung war ern\u00fcchternd. Man kannte die Baustelle gar nicht &#8211; immerhin quasi direkt vor dem technischen Rathaus &#8211; und gab zu, was das angeht noch viel besser werden zu m\u00fcssen.<\/p>\n<figure id=\"attachment_169724\" aria-describedby=\"caption-attachment-169724\" style=\"width: 470px\" class=\"wp-caption aligncenter\"><a href=\"https:\/\/www.andreas-edler.de\/blog\/wp-content\/uploads\/2023\/04\/2023-04-03-17.29.32.jpg\"><img loading=\"lazy\" decoding=\"async\" src=\"https:\/\/www.andreas-edler.de\/blog\/wp-content\/uploads\/2023\/04\/2023-04-03-17.29.32-470x227.jpg\" alt=\"\" width=\"470\" height=\"227\" class=\"size-large wp-image-169724\" srcset=\"https:\/\/www.andreas-edler.de\/blog\/wp-content\/uploads\/2023\/04\/2023-04-03-17.29.32-470x227.jpg 470w, https:\/\/www.andreas-edler.de\/blog\/wp-content\/uploads\/2023\/04\/2023-04-03-17.29.32-250x121.jpg 250w, https:\/\/www.andreas-edler.de\/blog\/wp-content\/uploads\/2023\/04\/2023-04-03-17.29.32-768x371.jpg 768w, https:\/\/www.andreas-edler.de\/blog\/wp-content\/uploads\/2023\/04\/2023-04-03-17.29.32-100x48.jpg 100w, https:\/\/www.andreas-edler.de\/blog\/wp-content\/uploads\/2023\/04\/2023-04-03-17.29.32-150x72.jpg 150w, https:\/\/www.andreas-edler.de\/blog\/wp-content\/uploads\/2023\/04\/2023-04-03-17.29.32-200x97.jpg 200w, https:\/\/www.andreas-edler.de\/blog\/wp-content\/uploads\/2023\/04\/2023-04-03-17.29.32-300x145.jpg 300w, https:\/\/www.andreas-edler.de\/blog\/wp-content\/uploads\/2023\/04\/2023-04-03-17.29.32-450x217.jpg 450w, https:\/\/www.andreas-edler.de\/blog\/wp-content\/uploads\/2023\/04\/2023-04-03-17.29.32-600x290.jpg 600w, https:\/\/www.andreas-edler.de\/blog\/wp-content\/uploads\/2023\/04\/2023-04-03-17.29.32-900x435.jpg 900w, https:\/\/www.andreas-edler.de\/blog\/wp-content\/uploads\/2023\/04\/2023-04-03-17.29.32.jpg 1280w\" sizes=\"auto, (max-width: 470px) 100vw, 470px\" \/><\/a><figcaption id=\"caption-attachment-169724\" class=\"wp-caption-text\">Br\u00fccke \u00fcber den Karbach im Verlauf der Diesterwegstra\u00dfe<\/figcaption><\/figure>\n<p>Gestern auf dem Weg nach Hause bin ich durch Werste gefahren und stand dann pl\u00f6tzlich auf der Diesterwegstra\u00dfe vor einer versperrten Br\u00fccke \u00fcber den Karbach. Das ist die Haupt-Ost-West-Verbindung zum Schulzentrum Nord. Der Kreis hat diese Strecke j\u00fcngst in seinem Radwegkonzept als eine der Hauptrouten durch Bad Oeynhausen identifiziert und wieder ist nat\u00fcrlich an der Einm\u00fcndung zur Ringstra\u00dfe keinerlei Hinweis zu finden, dass es hier nicht weiter geht.<\/p>\n<p>Die Verwaltung versucht es augenscheinlich noch nicht einmal. Und ich bekomme dann b\u00f6se Blicke, wenn ich darauf hin weise.<\/p>\n<p>Nein, links hoch darf man nicht fahren, das ist ein Gehweg. Und selbst wenn man es t\u00e4te und dann den <a href=\"https:\/\/www.andreas-edler.de\/blog\/2020\/09\/fahrradbruecke-ueber-den-karbach\/\" rel=\"noopener\" target=\"_blank\">Karbach an der Br\u00fccke einhundert Meter weiter<\/a> \u00fcberquert, steht man auf dem Acker! Dort ist n\u00e4mlich (mit F\u00f6rdermitteln?) eine &#8222;Radwegbr\u00fccke&#8220; entstanden, die von keiner Seite von einem Radweg erreicht wird.<\/p>\n<p>Also wieder zur\u00fcck und die Kirchbreite lang. Klar kenne ich den Weg. Aber es ist trotzdem total \u00e4tzend, wenn man so offensichtlich aufs Brot geschmiert bekommt, wie egal der Alltagsradverkehr zu sein scheint.<\/p>\n","protected":false},"excerpt":{"rendered":"<p>In einer der letzten Sitzungen des Ausschuss f\u00fcr Stadtentwicklung fragte ich anl\u00e4sslich einer Baustelle auf dem benutzungspflichtigen Geh- und Radweg entlang der Mindener Stra\u00dfe, nach der nicht erfolgten Umleitungsbeschilderung. Die Antwort der Verwaltung war ern\u00fcchternd. Man kannte die Baustelle gar &hellip;<\/p>\n<p class=\"read-more\"> <a class=\"more-link\" href=\"https:\/\/www.andreas-edler.de\/blog\/2023\/04\/umleitungsbeschilderung-diesterwegstrasse\/\"> <span class=\"screen-reader-text\">Umleitungsbeschilderung Diesterwegstra\u00dfe<\/span> Weiterlesen &raquo;<\/a><\/p>\n","protected":false},"author":1,"featured_media":0,"comment_status":"open","ping_status":"open","sticky":false,"template":"","format":"standard","meta":{"ngg_post_thumbnail":0,"activitypub_content_warning":"","activitypub_content_visibility":"","activitypub_max_image_attachments":2,"activitypub_interaction_policy_quote":"anyone","activitypub_status":"","footnotes":""},"categories":[14,15,45,13],"tags":[477,237,563,562,251,486,361,168,241,333,337,474,33,76,374,72],"class_list":["post-169723","post","type-post","status-publish","format-standard","hentry","category-bad-oeynhausen","category-fahrrad","category-politik","category-verkehr","tag-alltagsradverkehr","tag-ausschuss-fuer-stadtentwicklung","tag-baustelle","tag-diesterwegstrasse","tag-infrastruktur","tag-karbach","tag-kirchbreite","tag-klimafreundliche-mobilitaet","tag-radverkehrsanlagen","tag-radverkehrskonzept","tag-ringstrasse","tag-schulweg","tag-service","tag-sicherheit","tag-verkehrswende","tag-verwaltung"],"share_on_mastodon":{"url":"","error":""},"_links":{"self":[{"href":"https:\/\/www.andreas-edler.de\/blog\/wp-json\/wp\/v2\/posts\/169723","targetHints":{"allow":["GET"]}}],"collection":[{"href":"https:\/\/www.andreas-edler.de\/blog\/wp-json\/wp\/v2\/posts"}],"about":[{"href":"https:\/\/www.andreas-edler.de\/blog\/wp-json\/wp\/v2\/types\/post"}],"author":[{"embeddable":true,"href":"https:\/\/www.andreas-edler.de\/blog\/wp-json\/wp\/v2\/users\/1"}],"replies":[{"embeddable":true,"href":"https:\/\/www.andreas-edler.de\/blog\/wp-json\/wp\/v2\/comments?post=169723"}],"version-history":[{"count":0,"href":"https:\/\/www.andreas-edler.de\/blog\/wp-json\/wp\/v2\/posts\/169723\/revisions"}],"wp:attachment":[{"href":"https:\/\/www.andreas-edler.de\/blog\/wp-json\/wp\/v2\/media?parent=169723"}],"wp:term":[{"taxonomy":"category","embeddable":true,"href":"https:\/\/www.andreas-edler.de\/blog\/wp-json\/wp\/v2\/categories?post=169723"},{"taxonomy":"post_tag","embeddable":true,"href":"https:\/\/www.andreas-edler.de\/blog\/wp-json\/wp\/v2\/tags?post=169723"}],"curies":[{"name":"wp","href":"https:\/\/api.w.org\/{rel}","templated":true}]}}