{"id":169688,"date":"2023-03-26T23:53:12","date_gmt":"2023-03-26T21:53:12","guid":{"rendered":"https:\/\/www.andreas-edler.de\/blog\/?p=169688"},"modified":"2023-03-26T23:53:53","modified_gmt":"2023-03-26T21:53:53","slug":"kurztrip-nach-duesseldorf-vabali-spa","status":"publish","type":"post","link":"https:\/\/www.andreas-edler.de\/blog\/2023\/03\/kurztrip-nach-duesseldorf-vabali-spa\/","title":{"rendered":"Kurztrip nach D\u00fcsseldorf: Vabali Spa"},"content":{"rendered":"<p>Wir haben uns mit Freunden im Vabali D\u00fcsseldorf f\u00fcr ein Wochenende bzw. f\u00fcr einen Samstag verabredet. Ganz fr\u00fch morgens haben wir den J\u00fcngsten bei meiner Tante vorbei gebracht, wo er dann auch die Nacht zum Sonntag verbringen w\u00fcrde. Das ist immer recht problemlos, da direkt nebenan eine gute Freundin von ihm wohnt und die beiden dann den ganzen Tag spielen!<\/p>\n<p><figure id=\"attachment_169689\" aria-describedby=\"caption-attachment-169689\" style=\"width: 250px\" class=\"wp-caption alignright\"><a href=\"https:\/\/www.andreas-edler.de\/blog\/wp-content\/uploads\/2023\/03\/2023-03-25-08.09.37-eon-rhynern.jpg\"><img loading=\"lazy\" decoding=\"async\" src=\"https:\/\/www.andreas-edler.de\/blog\/wp-content\/uploads\/2023\/03\/2023-03-25-08.09.37-eon-rhynern-250x137.jpg\" alt=\"\" width=\"250\" height=\"137\" class=\"size-medium wp-image-169689\" srcset=\"https:\/\/www.andreas-edler.de\/blog\/wp-content\/uploads\/2023\/03\/2023-03-25-08.09.37-eon-rhynern-250x137.jpg 250w, https:\/\/www.andreas-edler.de\/blog\/wp-content\/uploads\/2023\/03\/2023-03-25-08.09.37-eon-rhynern-470x257.jpg 470w, https:\/\/www.andreas-edler.de\/blog\/wp-content\/uploads\/2023\/03\/2023-03-25-08.09.37-eon-rhynern-768x419.jpg 768w, https:\/\/www.andreas-edler.de\/blog\/wp-content\/uploads\/2023\/03\/2023-03-25-08.09.37-eon-rhynern-100x55.jpg 100w, https:\/\/www.andreas-edler.de\/blog\/wp-content\/uploads\/2023\/03\/2023-03-25-08.09.37-eon-rhynern-150x82.jpg 150w, https:\/\/www.andreas-edler.de\/blog\/wp-content\/uploads\/2023\/03\/2023-03-25-08.09.37-eon-rhynern-200x109.jpg 200w, https:\/\/www.andreas-edler.de\/blog\/wp-content\/uploads\/2023\/03\/2023-03-25-08.09.37-eon-rhynern-300x164.jpg 300w, https:\/\/www.andreas-edler.de\/blog\/wp-content\/uploads\/2023\/03\/2023-03-25-08.09.37-eon-rhynern-450x246.jpg 450w, https:\/\/www.andreas-edler.de\/blog\/wp-content\/uploads\/2023\/03\/2023-03-25-08.09.37-eon-rhynern-600x328.jpg 600w, https:\/\/www.andreas-edler.de\/blog\/wp-content\/uploads\/2023\/03\/2023-03-25-08.09.37-eon-rhynern-900x491.jpg 900w, https:\/\/www.andreas-edler.de\/blog\/wp-content\/uploads\/2023\/03\/2023-03-25-08.09.37-eon-rhynern.jpg 1280w\" sizes=\"auto, (max-width: 250px) 100vw, 250px\" \/><\/a><figcaption id=\"caption-attachment-169689\" class=\"wp-caption-text\">e.on-Lades\u00e4ule auf der Raststelle Rhynern<\/figcaption><\/figure> Die Fahrt nach D\u00fcsseldorf haben wir mit dem Fiat 500e zur\u00fcck gelegt. Ziemlich genau 200 Kilometer war das zn\u00e4chst angefahrene Mercure Hotel an der Autobahn entfernt. Dort w\u00fcrden wir nach der Sauna \u00fcbernachten. Der Wagen war vollgeladen, bei knapp 5\u00b0C, eingeschalteter Klimaanlage und Heizung auf 21\u00b0C mussten wir zwischendurch aber einmal laden. Die erste Anlaufstelle war die Raststelle Rhynern. Dort gab es eine e.on-Ladestation, welche allerdings in unserer EnBW-Ladeapp nicht angezeigt wurde. Ich habe dann versucht das Ding mit der Kreditkarte in Gang zu bringen, aber das war nicht von Erfolg gekr\u00f6nt. Der Ladevorgang startete einfach nicht. Da wir da noch reichlich Restreichweite hatten, sind wir einfach weiter gefahren.<\/p>\n<p>Die n\u00e4chste von uns &#8211; und eigentlich von Alex von vornherein geplante &#8211; Anlaufstelle war die 1-2-3 energie Ladestation auf dem Parkplatz des Hornbach Kamen. Ist von der Autobahnabfahrt ziemlich fix und einfach erreicht und lie\u00df sich sofort mit unserer mobility+ Karte starten. Ladevorgang lief problemlos und nach 20 Minuten waren wir wieder auf der Piste.<\/p>\n<figure id=\"attachment_169690\" aria-describedby=\"caption-attachment-169690\" style=\"width: 470px\" class=\"wp-caption aligncenter\"><a href=\"https:\/\/www.andreas-edler.de\/blog\/wp-content\/uploads\/2023\/03\/2023-03-25-08.30.51-1-2-3-energy.jpg\"><img loading=\"lazy\" decoding=\"async\" src=\"https:\/\/www.andreas-edler.de\/blog\/wp-content\/uploads\/2023\/03\/2023-03-25-08.30.51-1-2-3-energy-470x245.jpg\" alt=\"\" width=\"470\" height=\"245\" class=\"size-large wp-image-169690\" srcset=\"https:\/\/www.andreas-edler.de\/blog\/wp-content\/uploads\/2023\/03\/2023-03-25-08.30.51-1-2-3-energy-470x245.jpg 470w, https:\/\/www.andreas-edler.de\/blog\/wp-content\/uploads\/2023\/03\/2023-03-25-08.30.51-1-2-3-energy-250x130.jpg 250w, https:\/\/www.andreas-edler.de\/blog\/wp-content\/uploads\/2023\/03\/2023-03-25-08.30.51-1-2-3-energy-768x401.jpg 768w, https:\/\/www.andreas-edler.de\/blog\/wp-content\/uploads\/2023\/03\/2023-03-25-08.30.51-1-2-3-energy-100x52.jpg 100w, https:\/\/www.andreas-edler.de\/blog\/wp-content\/uploads\/2023\/03\/2023-03-25-08.30.51-1-2-3-energy-150x78.jpg 150w, https:\/\/www.andreas-edler.de\/blog\/wp-content\/uploads\/2023\/03\/2023-03-25-08.30.51-1-2-3-energy-200x104.jpg 200w, https:\/\/www.andreas-edler.de\/blog\/wp-content\/uploads\/2023\/03\/2023-03-25-08.30.51-1-2-3-energy-300x157.jpg 300w, https:\/\/www.andreas-edler.de\/blog\/wp-content\/uploads\/2023\/03\/2023-03-25-08.30.51-1-2-3-energy-450x235.jpg 450w, https:\/\/www.andreas-edler.de\/blog\/wp-content\/uploads\/2023\/03\/2023-03-25-08.30.51-1-2-3-energy-600x313.jpg 600w, https:\/\/www.andreas-edler.de\/blog\/wp-content\/uploads\/2023\/03\/2023-03-25-08.30.51-1-2-3-energy-900x470.jpg 900w, https:\/\/www.andreas-edler.de\/blog\/wp-content\/uploads\/2023\/03\/2023-03-25-08.30.51-1-2-3-energy.jpg 1280w\" sizes=\"auto, (max-width: 470px) 100vw, 470px\" \/><\/a><figcaption id=\"caption-attachment-169690\" class=\"wp-caption-text\">1-2-3 energie &#8211; der Fiat war schnell wieder voll<\/figcaption><\/figure>\n<p>Um 10 Uhr waren am Mercure Hotel D\u00fcsseldorf S\u00fcd verabredet, in welchem wir bereits Zimmer zur \u00dcbernachtung gebucht hatten. Wir waren vor unseren Freunden dort und haben schon mal eingecheckt. Sch\u00fcssel f\u00fcr das Zimmer bekamen wir noch nicht, weil diese noch nicht fertig waren. F\u00fcnf Minuten sp\u00e4ter waren wir zu viert, das zweite Zimmer war eingecheckt und wir haben uns umgehend auf den Weg zum eigentlichen Ziel, dem Vabali in D\u00fcsseldorf, gemacht. Geparkt wurde unbeabsichtigt auf dem Wanderparkplat Elbsee. Das spart, wie wir im nachinein erlebten, die Parkkosten, bedeutet aber auch 5 Minuten &#8222;Fu\u00dfmarsch&#8220; mit den schweren Saunataschen.<\/p>\n<p>Im Vorfeld hatten wir die Eintrittszeit reserviert. Fr\u00fcher erscheinen war kein Problem, nur ohne Reservierung muss man l\u00e4nger anstehen. Wir wollten urspr\u00fcnglich gegen 11:40 Uhr in die Therme, sind aber rund eine Stunde fr\u00fcher ohne nachfragen eingelassen worden.<\/p>\n<p><figure id=\"attachment_169692\" aria-describedby=\"caption-attachment-169692\" style=\"width: 250px\" class=\"wp-caption alignright\"><a href=\"https:\/\/www.andreas-edler.de\/blog\/wp-content\/uploads\/2023\/03\/2023-03-25-23.07.45.jpg\"><img loading=\"lazy\" decoding=\"async\" src=\"https:\/\/www.andreas-edler.de\/blog\/wp-content\/uploads\/2023\/03\/2023-03-25-23.07.45-250x188.jpg\" alt=\"\" width=\"250\" height=\"188\" class=\"size-medium wp-image-169692\" srcset=\"https:\/\/www.andreas-edler.de\/blog\/wp-content\/uploads\/2023\/03\/2023-03-25-23.07.45-250x188.jpg 250w, https:\/\/www.andreas-edler.de\/blog\/wp-content\/uploads\/2023\/03\/2023-03-25-23.07.45-470x354.jpg 470w, https:\/\/www.andreas-edler.de\/blog\/wp-content\/uploads\/2023\/03\/2023-03-25-23.07.45-768x578.jpg 768w, https:\/\/www.andreas-edler.de\/blog\/wp-content\/uploads\/2023\/03\/2023-03-25-23.07.45-100x75.jpg 100w, https:\/\/www.andreas-edler.de\/blog\/wp-content\/uploads\/2023\/03\/2023-03-25-23.07.45-150x113.jpg 150w, https:\/\/www.andreas-edler.de\/blog\/wp-content\/uploads\/2023\/03\/2023-03-25-23.07.45-200x151.jpg 200w, https:\/\/www.andreas-edler.de\/blog\/wp-content\/uploads\/2023\/03\/2023-03-25-23.07.45-300x226.jpg 300w, https:\/\/www.andreas-edler.de\/blog\/wp-content\/uploads\/2023\/03\/2023-03-25-23.07.45-450x339.jpg 450w, https:\/\/www.andreas-edler.de\/blog\/wp-content\/uploads\/2023\/03\/2023-03-25-23.07.45-600x452.jpg 600w, https:\/\/www.andreas-edler.de\/blog\/wp-content\/uploads\/2023\/03\/2023-03-25-23.07.45-900x678.jpg 900w, https:\/\/www.andreas-edler.de\/blog\/wp-content\/uploads\/2023\/03\/2023-03-25-23.07.45.jpg 1280w\" sizes=\"auto, (max-width: 250px) 100vw, 250px\" \/><\/a><figcaption id=\"caption-attachment-169692\" class=\"wp-caption-text\">Eingangsbereich des Vabali<\/figcaption><\/figure> Es war recht voll, aber das Gel\u00e4nde der Vabali-Therme ist so weitl\u00e4ufig, dass es nicht dr\u00e4ngelig wirkte. Wir haben uns im Laufe des Tages durch alle Saunen geschwitzt und die Schwimmbecken ausprobiert &#8211; und konnten dabei nichts finden, was uns nicht gefallen hat. Da es drau\u00dfen ziemlich windig und nicht besonders warm war, spielte sich das Meiste drinnen ab. Allerdings war nach dem Saunieren im Wind am See stehen, f\u00fcr ein paar Minuten sehr cool.<\/p>\n<p>Da wir so fr\u00fch schon da waren, haben zum &#8222;Fr\u00fcsht\u00fcck&#8220; ein Vabali-Sandwich genossen. Am sp\u00e4ten Nachmittag gab&#8217;s ein St\u00fcck Kuchen und zum Abendbrot den Vabali-Burger mit zwei Cocktails. Es war alles sehr lecker, wenngleich nicht wirklich g\u00fcnstig. Daf\u00fcr waren wir \u00fcberrascht, wie verbindlich, freundlich und schnell der Service war. Sehr, sehr angenehm!<\/p>\n<figure id=\"attachment_169694\" aria-describedby=\"caption-attachment-169694\" style=\"width: 470px\" class=\"wp-caption aligncenter\"><a href=\"https:\/\/www.andreas-edler.de\/blog\/wp-content\/uploads\/2023\/03\/2023-03-25-20.07.53.jpg\"><img loading=\"lazy\" decoding=\"async\" src=\"https:\/\/www.andreas-edler.de\/blog\/wp-content\/uploads\/2023\/03\/2023-03-25-20.07.53-470x260.jpg\" alt=\"\" width=\"470\" height=\"260\" class=\"size-large wp-image-169694\" srcset=\"https:\/\/www.andreas-edler.de\/blog\/wp-content\/uploads\/2023\/03\/2023-03-25-20.07.53-470x260.jpg 470w, https:\/\/www.andreas-edler.de\/blog\/wp-content\/uploads\/2023\/03\/2023-03-25-20.07.53-250x138.jpg 250w, https:\/\/www.andreas-edler.de\/blog\/wp-content\/uploads\/2023\/03\/2023-03-25-20.07.53-768x424.jpg 768w, https:\/\/www.andreas-edler.de\/blog\/wp-content\/uploads\/2023\/03\/2023-03-25-20.07.53-100x55.jpg 100w, https:\/\/www.andreas-edler.de\/blog\/wp-content\/uploads\/2023\/03\/2023-03-25-20.07.53-150x83.jpg 150w, https:\/\/www.andreas-edler.de\/blog\/wp-content\/uploads\/2023\/03\/2023-03-25-20.07.53-200x110.jpg 200w, https:\/\/www.andreas-edler.de\/blog\/wp-content\/uploads\/2023\/03\/2023-03-25-20.07.53-300x166.jpg 300w, https:\/\/www.andreas-edler.de\/blog\/wp-content\/uploads\/2023\/03\/2023-03-25-20.07.53-450x249.jpg 450w, https:\/\/www.andreas-edler.de\/blog\/wp-content\/uploads\/2023\/03\/2023-03-25-20.07.53-600x331.jpg 600w, https:\/\/www.andreas-edler.de\/blog\/wp-content\/uploads\/2023\/03\/2023-03-25-20.07.53-900x497.jpg 900w, https:\/\/www.andreas-edler.de\/blog\/wp-content\/uploads\/2023\/03\/2023-03-25-20.07.53.jpg 1280w\" sizes=\"auto, (max-width: 470px) 100vw, 470px\" \/><\/a><figcaption id=\"caption-attachment-169694\" class=\"wp-caption-text\">Umkleiden des Vabali<\/figcaption><\/figure>\n<p>Die Ruhem\u00f6glichkeiten sind reichlich und gem\u00fctlich. Allerdings war&#8217;s auch hier im Vabali so, wie in vielen, vielen anderen Thermen, Saunen und Urlaubsorten: die Liegen werden reserviert und zu viert war es dann mitunter mit etwas mehr suchen verbunden, Pl\u00e4tze zu finden, an denen wir uns ein bisschen unterhalten konnten und nicht weit auseinander liegen mussten.<\/p>\n<p><figure id=\"attachment_169696\" aria-describedby=\"caption-attachment-169696\" style=\"width: 250px\" class=\"wp-caption alignright\"><a href=\"https:\/\/www.andreas-edler.de\/blog\/wp-content\/uploads\/2023\/03\/2023-03-25-23.33.55.jpg\"><img loading=\"lazy\" decoding=\"async\" src=\"https:\/\/www.andreas-edler.de\/blog\/wp-content\/uploads\/2023\/03\/2023-03-25-23.33.55-250x172.jpg\" alt=\"\" width=\"250\" height=\"172\" class=\"size-medium wp-image-169696\" srcset=\"https:\/\/www.andreas-edler.de\/blog\/wp-content\/uploads\/2023\/03\/2023-03-25-23.33.55-250x172.jpg 250w, https:\/\/www.andreas-edler.de\/blog\/wp-content\/uploads\/2023\/03\/2023-03-25-23.33.55-470x324.jpg 470w, https:\/\/www.andreas-edler.de\/blog\/wp-content\/uploads\/2023\/03\/2023-03-25-23.33.55-768x530.jpg 768w, https:\/\/www.andreas-edler.de\/blog\/wp-content\/uploads\/2023\/03\/2023-03-25-23.33.55-100x69.jpg 100w, https:\/\/www.andreas-edler.de\/blog\/wp-content\/uploads\/2023\/03\/2023-03-25-23.33.55-150x103.jpg 150w, https:\/\/www.andreas-edler.de\/blog\/wp-content\/uploads\/2023\/03\/2023-03-25-23.33.55-200x138.jpg 200w, https:\/\/www.andreas-edler.de\/blog\/wp-content\/uploads\/2023\/03\/2023-03-25-23.33.55-300x207.jpg 300w, https:\/\/www.andreas-edler.de\/blog\/wp-content\/uploads\/2023\/03\/2023-03-25-23.33.55-450x310.jpg 450w, https:\/\/www.andreas-edler.de\/blog\/wp-content\/uploads\/2023\/03\/2023-03-25-23.33.55-600x414.jpg 600w, https:\/\/www.andreas-edler.de\/blog\/wp-content\/uploads\/2023\/03\/2023-03-25-23.33.55-900x621.jpg 900w, https:\/\/www.andreas-edler.de\/blog\/wp-content\/uploads\/2023\/03\/2023-03-25-23.33.55.jpg 1280w\" sizes=\"auto, (max-width: 250px) 100vw, 250px\" \/><\/a><figcaption id=\"caption-attachment-169696\" class=\"wp-caption-text\">Unser Zimmer im Mercure-Hotel<\/figcaption><\/figure> Insgesamt aber wunderbare zw\u00f6lf Stunden, die wir in der Vabali-Therme verbringen durften. Allerdings haben wir daf\u00fcr und das &#8222;hemmungslose&#8220; Schlemmen vor Ort auch 220 Euro f\u00fcr zwei Personen bezahlt! Eigentlich wollten wir bis Mitternacht bleiben, aber nach dem halben Tag von einer Sauna in die n\u00e4chste h\u00fcpfen, waren wir alle groggy und sind gegen 23 Uhr wieder zum Auto gepilgert, um ins Hotel zur\u00fcck zu fahren.<\/p>\n<p>Dort haben wir an der Rezeption unsere Schl\u00fcssel bekommen, mussten noch mal 5 Euro Kurtaxe nachzahlen, die beim Einchecken vergessen wurde und sind dann auf unser Zimmer gegangen. Das war praktisch eigerichtet. Das Bett war angenehm hart, die Fenster gut isoliert, so dass wir die nahe Autobahn nicht h\u00f6rten und das Bettzeug halbwegs kuschelig. Das Bad war augenscheinlich saniert, allerdings war die Positionierung der Toilette hinter der T\u00fcr f\u00fcr mich und meine 187cm eher unbequem. Die Knie musste ich arg anziehen und falls die T\u00fcr dann aufgerissen worden w\u00e4re, h\u00e4tte ich blaue Zehen gehabt. Ansonsten war alles sauber und heile. Das hatten wir in diesem Jahr auch schon anders.<\/p>\n<figure id=\"attachment_169699\" aria-describedby=\"caption-attachment-169699\" style=\"width: 470px\" class=\"wp-caption aligncenter\"><a href=\"https:\/\/www.andreas-edler.de\/blog\/wp-content\/uploads\/2023\/03\/2023-03-25-10.14.44.jpg\"><img loading=\"lazy\" decoding=\"async\" src=\"https:\/\/www.andreas-edler.de\/blog\/wp-content\/uploads\/2023\/03\/2023-03-25-10.14.44-470x281.jpg\" alt=\"\" width=\"470\" height=\"281\" class=\"size-large wp-image-169699\" srcset=\"https:\/\/www.andreas-edler.de\/blog\/wp-content\/uploads\/2023\/03\/2023-03-25-10.14.44-470x281.jpg 470w, https:\/\/www.andreas-edler.de\/blog\/wp-content\/uploads\/2023\/03\/2023-03-25-10.14.44-250x149.jpg 250w, https:\/\/www.andreas-edler.de\/blog\/wp-content\/uploads\/2023\/03\/2023-03-25-10.14.44-768x459.jpg 768w, https:\/\/www.andreas-edler.de\/blog\/wp-content\/uploads\/2023\/03\/2023-03-25-10.14.44-100x60.jpg 100w, https:\/\/www.andreas-edler.de\/blog\/wp-content\/uploads\/2023\/03\/2023-03-25-10.14.44-150x90.jpg 150w, https:\/\/www.andreas-edler.de\/blog\/wp-content\/uploads\/2023\/03\/2023-03-25-10.14.44-200x120.jpg 200w, https:\/\/www.andreas-edler.de\/blog\/wp-content\/uploads\/2023\/03\/2023-03-25-10.14.44-300x179.jpg 300w, https:\/\/www.andreas-edler.de\/blog\/wp-content\/uploads\/2023\/03\/2023-03-25-10.14.44-450x269.jpg 450w, https:\/\/www.andreas-edler.de\/blog\/wp-content\/uploads\/2023\/03\/2023-03-25-10.14.44-600x359.jpg 600w, https:\/\/www.andreas-edler.de\/blog\/wp-content\/uploads\/2023\/03\/2023-03-25-10.14.44-900x538.jpg 900w, https:\/\/www.andreas-edler.de\/blog\/wp-content\/uploads\/2023\/03\/2023-03-25-10.14.44.jpg 1280w\" sizes=\"auto, (max-width: 470px) 100vw, 470px\" \/><\/a><figcaption id=\"caption-attachment-169699\" class=\"wp-caption-text\">Foyer des Mercure Hotel<\/figcaption><\/figure>\n<p>Die Nacht war sehr kurz, weil die Zeitumstellung von 2 auf 3 Uhr stattgefunden hat. Trotzdem haben wir uns halbwegs ausgeruht um 9 Uhr am Fr\u00fchst\u00fccksbuffet getroffen und den ersten leckeren Kaffee genossen. Zum Essen war alles geboten, was man sich w\u00fcnschen kann. R\u00fchrei, W\u00fcrstchen, sogar hei\u00dfe Bohnen (die ich geflissentlich ignoriert habe). Da wir am Vortag reichlich gespeist haben, blieb es bei einem Br\u00f6tchen, R\u00fchrei und besagten W\u00fcrstchen. Und zwei Minicroissant mit Nutella. Der Preis von 119 Euro f\u00fcr das Doppelzimmer war OK. Nach einer herzlichen Verabschiedung am Fr\u00fchst\u00fcckstisch, haben wir uns auf die Zimmer begeben, gepackt und sind in entgegengesetzte Richtungen nach Hause aufgebrochen.<\/p>\n<figure id=\"attachment_169697\" aria-describedby=\"caption-attachment-169697\" style=\"width: 470px\" class=\"wp-caption aligncenter\"><a href=\"https:\/\/www.andreas-edler.de\/blog\/wp-content\/uploads\/2023\/03\/2023-03-26-11.16.29.jpg\"><img loading=\"lazy\" decoding=\"async\" src=\"https:\/\/www.andreas-edler.de\/blog\/wp-content\/uploads\/2023\/03\/2023-03-26-11.16.29-470x153.jpg\" alt=\"\" width=\"470\" height=\"153\" class=\"size-large wp-image-169697\" srcset=\"https:\/\/www.andreas-edler.de\/blog\/wp-content\/uploads\/2023\/03\/2023-03-26-11.16.29-470x153.jpg 470w, https:\/\/www.andreas-edler.de\/blog\/wp-content\/uploads\/2023\/03\/2023-03-26-11.16.29-250x81.jpg 250w, https:\/\/www.andreas-edler.de\/blog\/wp-content\/uploads\/2023\/03\/2023-03-26-11.16.29-768x250.jpg 768w, https:\/\/www.andreas-edler.de\/blog\/wp-content\/uploads\/2023\/03\/2023-03-26-11.16.29-100x33.jpg 100w, https:\/\/www.andreas-edler.de\/blog\/wp-content\/uploads\/2023\/03\/2023-03-26-11.16.29-150x49.jpg 150w, https:\/\/www.andreas-edler.de\/blog\/wp-content\/uploads\/2023\/03\/2023-03-26-11.16.29-200x65.jpg 200w, https:\/\/www.andreas-edler.de\/blog\/wp-content\/uploads\/2023\/03\/2023-03-26-11.16.29-300x98.jpg 300w, https:\/\/www.andreas-edler.de\/blog\/wp-content\/uploads\/2023\/03\/2023-03-26-11.16.29-450x146.jpg 450w, https:\/\/www.andreas-edler.de\/blog\/wp-content\/uploads\/2023\/03\/2023-03-26-11.16.29-600x195.jpg 600w, https:\/\/www.andreas-edler.de\/blog\/wp-content\/uploads\/2023\/03\/2023-03-26-11.16.29-900x293.jpg 900w, https:\/\/www.andreas-edler.de\/blog\/wp-content\/uploads\/2023\/03\/2023-03-26-11.16.29.jpg 1280w\" sizes=\"auto, (max-width: 470px) 100vw, 470px\" \/><\/a><figcaption id=\"caption-attachment-169697\" class=\"wp-caption-text\">Seed &#038; Greet in D\u00fcsseldorf<\/figcaption><\/figure>\n<p>Am Vortag hatten wir einmal nachgeladen und sind danach 80 Kilometer gefahren, so dass der Akku noch zu 40% voll war. Trotzdem wollen wir nachladen. Gesucht hatten wir das Seed &#038; Greet direkt an der n\u00e4chsten Autobahnabfahrt. Das entpuppte sich als riesiger, \u00fcberdachter Ladepark mit Dutzenden Lades\u00e4ulen und angeschlossener Gastronomie. So stelle ich mir das vor! Der Fastned-Lader war zwar zun\u00e4chst ungewohnt, weil das Ladekabel erst in den Wagen durfte, nachdem an der S\u00e4ule best\u00e4tigt wurde &#8211; irgendwie hatte ich das anders in Erinnerung &#8211; aber dann lief es ziemlich fix. Einmal kurz auf Toilette und dann war der Akku auch schon wieder bei 85% und wir sind auf die Piste gefahren.<\/p>\n<p><figure id=\"attachment_169701\" aria-describedby=\"caption-attachment-169701\" style=\"width: 250px\" class=\"wp-caption alignright\"><a href=\"https:\/\/www.andreas-edler.de\/blog\/wp-content\/uploads\/2023\/03\/2023-03-26-12.58.56.jpg\"><img loading=\"lazy\" decoding=\"async\" src=\"https:\/\/www.andreas-edler.de\/blog\/wp-content\/uploads\/2023\/03\/2023-03-26-12.58.56-250x123.jpg\" alt=\"\" width=\"250\" height=\"123\" class=\"size-medium wp-image-169701\" srcset=\"https:\/\/www.andreas-edler.de\/blog\/wp-content\/uploads\/2023\/03\/2023-03-26-12.58.56-250x123.jpg 250w, https:\/\/www.andreas-edler.de\/blog\/wp-content\/uploads\/2023\/03\/2023-03-26-12.58.56-470x231.jpg 470w, https:\/\/www.andreas-edler.de\/blog\/wp-content\/uploads\/2023\/03\/2023-03-26-12.58.56-768x377.jpg 768w, https:\/\/www.andreas-edler.de\/blog\/wp-content\/uploads\/2023\/03\/2023-03-26-12.58.56-100x49.jpg 100w, https:\/\/www.andreas-edler.de\/blog\/wp-content\/uploads\/2023\/03\/2023-03-26-12.58.56-150x74.jpg 150w, https:\/\/www.andreas-edler.de\/blog\/wp-content\/uploads\/2023\/03\/2023-03-26-12.58.56-200x98.jpg 200w, https:\/\/www.andreas-edler.de\/blog\/wp-content\/uploads\/2023\/03\/2023-03-26-12.58.56-300x147.jpg 300w, https:\/\/www.andreas-edler.de\/blog\/wp-content\/uploads\/2023\/03\/2023-03-26-12.58.56-450x221.jpg 450w, https:\/\/www.andreas-edler.de\/blog\/wp-content\/uploads\/2023\/03\/2023-03-26-12.58.56-600x295.jpg 600w, https:\/\/www.andreas-edler.de\/blog\/wp-content\/uploads\/2023\/03\/2023-03-26-12.58.56-900x442.jpg 900w, https:\/\/www.andreas-edler.de\/blog\/wp-content\/uploads\/2023\/03\/2023-03-26-12.58.56.jpg 1280w\" sizes=\"auto, (max-width: 250px) 100vw, 250px\" \/><\/a><figcaption id=\"caption-attachment-169701\" class=\"wp-caption-text\">Aral Pulse Ladestation in Hamm<\/figcaption><\/figure> Das Wetter war mies, es regnete in Str\u00f6men, der Verkehr war dicht und richtig warm wars auch nicht. Kurz, es machte heute keinen Spa\u00df mit dem kleinen Fiat 500e zu fahren. Die Sicht war schlecht und die anderen Menschen in den Autos schienen mit dem Wetter auch zu hadern. Weil ich mich trotzdem nicht an meinen Vorsatz gehalten habe, nicht schneller als 110 Km\/h zu fahren, war auch der Verbrauch h\u00f6her und wir haben bei Hamm noch einmal nachgeladen. An der dortigen Aral Pulse Ladestation an einer Aral Tankstelle ging das einwandfrei. Freigeschaltet, eingest\u00f6pselt, l\u00e4uft.<\/p>\n<p>Das hat dann bis nach Hause gereicht. Mit 40 Kilometer Restreichweite sind wir um kurz nach 14 Uhr wieder im D\u00f6rgen auf den Hof gerollt. Das war ein sehr sch\u00f6ner Ausflug mit einem angenehmen, entspannten Tag mit Freunden in der Sauna. Leider schon wieder vorbei!<\/p>\n","protected":false},"excerpt":{"rendered":"<p>Wir haben uns mit Freunden im Vabali D\u00fcsseldorf f\u00fcr ein Wochenende bzw. f\u00fcr einen Samstag verabredet. Ganz fr\u00fch morgens haben wir den J\u00fcngsten bei meiner Tante vorbei gebracht, wo er dann auch die Nacht zum Sonntag verbringen w\u00fcrde. Das ist &hellip;<\/p>\n<p class=\"read-more\"> <a class=\"more-link\" href=\"https:\/\/www.andreas-edler.de\/blog\/2023\/03\/kurztrip-nach-duesseldorf-vabali-spa\/\"> <span class=\"screen-reader-text\">Kurztrip nach D\u00fcsseldorf: Vabali Spa<\/span> Weiterlesen &raquo;<\/a><\/p>\n","protected":false},"author":1,"featured_media":0,"comment_status":"open","ping_status":"open","sticky":false,"template":"","format":"standard","meta":{"ngg_post_thumbnail":0,"activitypub_content_warning":"","activitypub_content_visibility":"","activitypub_max_image_attachments":2,"activitypub_interaction_policy_quote":"anyone","activitypub_status":"","footnotes":""},"categories":[1],"tags":[17,239,514,133,3,452,102],"class_list":["post-169688","post","type-post","status-publish","format-standard","hentry","category-allgemein","tag-auf-der-piste","tag-elektromobilitaet","tag-fiat-500e","tag-freunde-besuchen","tag-reise","tag-sauna","tag-urlaub"],"share_on_mastodon":{"url":"","error":""},"_links":{"self":[{"href":"https:\/\/www.andreas-edler.de\/blog\/wp-json\/wp\/v2\/posts\/169688","targetHints":{"allow":["GET"]}}],"collection":[{"href":"https:\/\/www.andreas-edler.de\/blog\/wp-json\/wp\/v2\/posts"}],"about":[{"href":"https:\/\/www.andreas-edler.de\/blog\/wp-json\/wp\/v2\/types\/post"}],"author":[{"embeddable":true,"href":"https:\/\/www.andreas-edler.de\/blog\/wp-json\/wp\/v2\/users\/1"}],"replies":[{"embeddable":true,"href":"https:\/\/www.andreas-edler.de\/blog\/wp-json\/wp\/v2\/comments?post=169688"}],"version-history":[{"count":0,"href":"https:\/\/www.andreas-edler.de\/blog\/wp-json\/wp\/v2\/posts\/169688\/revisions"}],"wp:attachment":[{"href":"https:\/\/www.andreas-edler.de\/blog\/wp-json\/wp\/v2\/media?parent=169688"}],"wp:term":[{"taxonomy":"category","embeddable":true,"href":"https:\/\/www.andreas-edler.de\/blog\/wp-json\/wp\/v2\/categories?post=169688"},{"taxonomy":"post_tag","embeddable":true,"href":"https:\/\/www.andreas-edler.de\/blog\/wp-json\/wp\/v2\/tags?post=169688"}],"curies":[{"name":"wp","href":"https:\/\/api.w.org\/{rel}","templated":true}]}}