{"id":169656,"date":"2023-03-19T14:03:11","date_gmt":"2023-03-19T13:03:11","guid":{"rendered":"https:\/\/www.andreas-edler.de\/blog\/?p=169656"},"modified":"2023-03-19T14:03:34","modified_gmt":"2023-03-19T13:03:34","slug":"ein-paar-bilder-von-ruecksichtnahmen","status":"publish","type":"post","link":"https:\/\/www.andreas-edler.de\/blog\/2023\/03\/ein-paar-bilder-von-ruecksichtnahmen\/","title":{"rendered":"Ein paar Bilder von R\u00fccksichtnahmen"},"content":{"rendered":"<p>Wird ja viel gefordert, diese R\u00fccksicht. Im ersten Paragraphen der Stra\u00dfenverkehrsordnung wird sie gefordert, dem einzigen der Autofahrenden noch pr\u00e4sent ist, nachdem sie den F\u00fchrerschein gemacht haben. Und ich <a href=\"https:\/\/www.andreas-edler.de\/blog\/?s=r%C3%BCcksicht\" rel=\"noopener\" target=\"_blank\">zeige hier im Blog ab und an auch besonders sch\u00f6ne Situationen<\/a>, wo sehr viel R\u00fccksicht genommen wurde.<\/p>\n<figure id=\"attachment_169657\" aria-describedby=\"caption-attachment-169657\" style=\"width: 470px\" class=\"wp-caption aligncenter\"><a href=\"https:\/\/www.andreas-edler.de\/blog\/wp-content\/uploads\/2023\/03\/2023-03-17-08.02.50.jpg\"><img loading=\"lazy\" decoding=\"async\" src=\"https:\/\/www.andreas-edler.de\/blog\/wp-content\/uploads\/2023\/03\/2023-03-17-08.02.50-470x213.jpg\" alt=\"\" width=\"470\" height=\"213\" class=\"size-large wp-image-169657\" srcset=\"https:\/\/www.andreas-edler.de\/blog\/wp-content\/uploads\/2023\/03\/2023-03-17-08.02.50-470x213.jpg 470w, https:\/\/www.andreas-edler.de\/blog\/wp-content\/uploads\/2023\/03\/2023-03-17-08.02.50-250x113.jpg 250w, https:\/\/www.andreas-edler.de\/blog\/wp-content\/uploads\/2023\/03\/2023-03-17-08.02.50-768x349.jpg 768w, https:\/\/www.andreas-edler.de\/blog\/wp-content\/uploads\/2023\/03\/2023-03-17-08.02.50-100x45.jpg 100w, https:\/\/www.andreas-edler.de\/blog\/wp-content\/uploads\/2023\/03\/2023-03-17-08.02.50-150x68.jpg 150w, https:\/\/www.andreas-edler.de\/blog\/wp-content\/uploads\/2023\/03\/2023-03-17-08.02.50-200x91.jpg 200w, https:\/\/www.andreas-edler.de\/blog\/wp-content\/uploads\/2023\/03\/2023-03-17-08.02.50-300x136.jpg 300w, https:\/\/www.andreas-edler.de\/blog\/wp-content\/uploads\/2023\/03\/2023-03-17-08.02.50-450x204.jpg 450w, https:\/\/www.andreas-edler.de\/blog\/wp-content\/uploads\/2023\/03\/2023-03-17-08.02.50-600x272.jpg 600w, https:\/\/www.andreas-edler.de\/blog\/wp-content\/uploads\/2023\/03\/2023-03-17-08.02.50-900x409.jpg 900w, https:\/\/www.andreas-edler.de\/blog\/wp-content\/uploads\/2023\/03\/2023-03-17-08.02.50.jpg 1280w\" sizes=\"auto, (max-width: 470px) 100vw, 470px\" \/><\/a><figcaption id=\"caption-attachment-169657\" class=\"wp-caption-text\">Noch genug Platz auf dem Gehweg!<\/figcaption><\/figure>\n<p>Zwischen dem Bauzaun &#8211; welcher auch schon auf dem Gehweg steht &#8211; und dem Wagen der Bauarbeiter ist doch noch genug Platz, oder? Tats\u00e4chlich wurde das Fahrzeug komplett auf die Fahrbahn und runter vom Gehweg gestellt, nachdem ich auf die Situation aufmerksam machte. Allerdings ohne ein Wort des Bedauerns oder der Einsicht.<\/p>\n<figure id=\"attachment_169659\" aria-describedby=\"caption-attachment-169659\" style=\"width: 470px\" class=\"wp-caption aligncenter\"><a href=\"https:\/\/www.andreas-edler.de\/blog\/wp-content\/uploads\/2023\/03\/2023-03-15-rennradler-ueberholt-eng-auf-flutmuldenbruecke_02.jpg\"><img loading=\"lazy\" decoding=\"async\" src=\"https:\/\/www.andreas-edler.de\/blog\/wp-content\/uploads\/2023\/03\/2023-03-15-rennradler-ueberholt-eng-auf-flutmuldenbruecke_02-470x264.jpg\" alt=\"\" width=\"470\" height=\"264\" class=\"size-large wp-image-169659\" srcset=\"https:\/\/www.andreas-edler.de\/blog\/wp-content\/uploads\/2023\/03\/2023-03-15-rennradler-ueberholt-eng-auf-flutmuldenbruecke_02-470x264.jpg 470w, https:\/\/www.andreas-edler.de\/blog\/wp-content\/uploads\/2023\/03\/2023-03-15-rennradler-ueberholt-eng-auf-flutmuldenbruecke_02-250x140.jpg 250w, https:\/\/www.andreas-edler.de\/blog\/wp-content\/uploads\/2023\/03\/2023-03-15-rennradler-ueberholt-eng-auf-flutmuldenbruecke_02-768x431.jpg 768w, https:\/\/www.andreas-edler.de\/blog\/wp-content\/uploads\/2023\/03\/2023-03-15-rennradler-ueberholt-eng-auf-flutmuldenbruecke_02-100x56.jpg 100w, https:\/\/www.andreas-edler.de\/blog\/wp-content\/uploads\/2023\/03\/2023-03-15-rennradler-ueberholt-eng-auf-flutmuldenbruecke_02-150x84.jpg 150w, https:\/\/www.andreas-edler.de\/blog\/wp-content\/uploads\/2023\/03\/2023-03-15-rennradler-ueberholt-eng-auf-flutmuldenbruecke_02-200x112.jpg 200w, https:\/\/www.andreas-edler.de\/blog\/wp-content\/uploads\/2023\/03\/2023-03-15-rennradler-ueberholt-eng-auf-flutmuldenbruecke_02-300x169.jpg 300w, https:\/\/www.andreas-edler.de\/blog\/wp-content\/uploads\/2023\/03\/2023-03-15-rennradler-ueberholt-eng-auf-flutmuldenbruecke_02-450x253.jpg 450w, https:\/\/www.andreas-edler.de\/blog\/wp-content\/uploads\/2023\/03\/2023-03-15-rennradler-ueberholt-eng-auf-flutmuldenbruecke_02-600x337.jpg 600w, https:\/\/www.andreas-edler.de\/blog\/wp-content\/uploads\/2023\/03\/2023-03-15-rennradler-ueberholt-eng-auf-flutmuldenbruecke_02-900x506.jpg 900w, https:\/\/www.andreas-edler.de\/blog\/wp-content\/uploads\/2023\/03\/2023-03-15-rennradler-ueberholt-eng-auf-flutmuldenbruecke_02.jpg 1280w\" sizes=\"auto, (max-width: 470px) 100vw, 470px\" \/><\/a><figcaption id=\"caption-attachment-169659\" class=\"wp-caption-text\">Aber die Radfahrer!<\/figcaption><\/figure>\n<p>Jaja, ich bin zu einseitig. Daher hier auch mal ein Bild von einem r\u00fccksichtsvollen Rennradler, der obwohl er mit ca. 30 Km\/h (dank Strava, er war auf einer Runde mit einem 28,9er Schnitt unterwegs) auf der falschen Seite des Gehwegs der Flutmuldenbr\u00fccke unterwegs war, mich nicht rammte und danach sogar noch Zeit hatte, nett zu gr\u00fc\u00dfen!<\/p>\n<figure id=\"attachment_169662\" aria-describedby=\"caption-attachment-169662\" style=\"width: 470px\" class=\"wp-caption aligncenter\"><a href=\"https:\/\/www.andreas-edler.de\/blog\/wp-content\/uploads\/2023\/03\/2023-03-15-kaiserstrasse_eng_ueberholt.jpg\"><img loading=\"lazy\" decoding=\"async\" src=\"https:\/\/www.andreas-edler.de\/blog\/wp-content\/uploads\/2023\/03\/2023-03-15-kaiserstrasse_eng_ueberholt-470x264.jpg\" alt=\"\" width=\"470\" height=\"264\" class=\"size-large wp-image-169662\" srcset=\"https:\/\/www.andreas-edler.de\/blog\/wp-content\/uploads\/2023\/03\/2023-03-15-kaiserstrasse_eng_ueberholt-470x264.jpg 470w, https:\/\/www.andreas-edler.de\/blog\/wp-content\/uploads\/2023\/03\/2023-03-15-kaiserstrasse_eng_ueberholt-250x140.jpg 250w, https:\/\/www.andreas-edler.de\/blog\/wp-content\/uploads\/2023\/03\/2023-03-15-kaiserstrasse_eng_ueberholt-768x431.jpg 768w, https:\/\/www.andreas-edler.de\/blog\/wp-content\/uploads\/2023\/03\/2023-03-15-kaiserstrasse_eng_ueberholt-100x56.jpg 100w, https:\/\/www.andreas-edler.de\/blog\/wp-content\/uploads\/2023\/03\/2023-03-15-kaiserstrasse_eng_ueberholt-150x84.jpg 150w, https:\/\/www.andreas-edler.de\/blog\/wp-content\/uploads\/2023\/03\/2023-03-15-kaiserstrasse_eng_ueberholt-200x112.jpg 200w, https:\/\/www.andreas-edler.de\/blog\/wp-content\/uploads\/2023\/03\/2023-03-15-kaiserstrasse_eng_ueberholt-300x169.jpg 300w, https:\/\/www.andreas-edler.de\/blog\/wp-content\/uploads\/2023\/03\/2023-03-15-kaiserstrasse_eng_ueberholt-450x253.jpg 450w, https:\/\/www.andreas-edler.de\/blog\/wp-content\/uploads\/2023\/03\/2023-03-15-kaiserstrasse_eng_ueberholt-600x337.jpg 600w, https:\/\/www.andreas-edler.de\/blog\/wp-content\/uploads\/2023\/03\/2023-03-15-kaiserstrasse_eng_ueberholt-900x506.jpg 900w, https:\/\/www.andreas-edler.de\/blog\/wp-content\/uploads\/2023\/03\/2023-03-15-kaiserstrasse_eng_ueberholt.jpg 1280w\" sizes=\"auto, (max-width: 470px) 100vw, 470px\" \/><\/a><figcaption id=\"caption-attachment-169662\" class=\"wp-caption-text\">Eng \u00fcberholen auf der Kaiserstra\u00dfe<\/figcaption><\/figure>\n<p>In Tempo-30-Zonen, wie hier auf der Kaiserstra\u00dfe, gilt die Mindestabstandsregel nicht &#8211; glaube ich jedenfalls. Sonst w\u00e4re hier ja nicht so \u00fcberholt worden.<\/p>\n<figure id=\"attachment_169663\" aria-describedby=\"caption-attachment-169663\" style=\"width: 470px\" class=\"wp-caption aligncenter\"><a href=\"https:\/\/www.andreas-edler.de\/blog\/wp-content\/uploads\/2023\/03\/2023-03-13_bahnhofstrasse_barbara_01.jpg\"><img loading=\"lazy\" decoding=\"async\" src=\"https:\/\/www.andreas-edler.de\/blog\/wp-content\/uploads\/2023\/03\/2023-03-13_bahnhofstrasse_barbara_01-470x264.jpg\" alt=\"\" width=\"470\" height=\"264\" class=\"size-large wp-image-169663\" srcset=\"https:\/\/www.andreas-edler.de\/blog\/wp-content\/uploads\/2023\/03\/2023-03-13_bahnhofstrasse_barbara_01-470x264.jpg 470w, https:\/\/www.andreas-edler.de\/blog\/wp-content\/uploads\/2023\/03\/2023-03-13_bahnhofstrasse_barbara_01-250x141.jpg 250w, https:\/\/www.andreas-edler.de\/blog\/wp-content\/uploads\/2023\/03\/2023-03-13_bahnhofstrasse_barbara_01-768x432.jpg 768w, https:\/\/www.andreas-edler.de\/blog\/wp-content\/uploads\/2023\/03\/2023-03-13_bahnhofstrasse_barbara_01-100x56.jpg 100w, https:\/\/www.andreas-edler.de\/blog\/wp-content\/uploads\/2023\/03\/2023-03-13_bahnhofstrasse_barbara_01-150x84.jpg 150w, https:\/\/www.andreas-edler.de\/blog\/wp-content\/uploads\/2023\/03\/2023-03-13_bahnhofstrasse_barbara_01-200x113.jpg 200w, https:\/\/www.andreas-edler.de\/blog\/wp-content\/uploads\/2023\/03\/2023-03-13_bahnhofstrasse_barbara_01-300x169.jpg 300w, https:\/\/www.andreas-edler.de\/blog\/wp-content\/uploads\/2023\/03\/2023-03-13_bahnhofstrasse_barbara_01-450x253.jpg 450w, https:\/\/www.andreas-edler.de\/blog\/wp-content\/uploads\/2023\/03\/2023-03-13_bahnhofstrasse_barbara_01-600x338.jpg 600w, https:\/\/www.andreas-edler.de\/blog\/wp-content\/uploads\/2023\/03\/2023-03-13_bahnhofstrasse_barbara_01-900x506.jpg 900w, https:\/\/www.andreas-edler.de\/blog\/wp-content\/uploads\/2023\/03\/2023-03-13_bahnhofstrasse_barbara_01.jpg 1280w\" sizes=\"auto, (max-width: 470px) 100vw, 470px\" \/><\/a><figcaption id=\"caption-attachment-169663\" class=\"wp-caption-text\">Bahnhofstra\u00dfe &#8211; auch unter 150 Zentimetern<\/figcaption><\/figure>\n<p>Besondere Eile war in diesem Fall auf der Bahnhofstra\u00dfe nicht geboten, denn wir waren beide auf dem Weg zur gleichen Sitzung. Hallo. liebe Kollegin ;-)<\/p>\n<figure id=\"attachment_169665\" aria-describedby=\"caption-attachment-169665\" style=\"width: 470px\" class=\"wp-caption aligncenter\"><a href=\"https:\/\/www.andreas-edler.de\/blog\/wp-content\/uploads\/2023\/03\/2023-03-10-x6_schwarzer-weg-dicht.jpg\"><img loading=\"lazy\" decoding=\"async\" src=\"https:\/\/www.andreas-edler.de\/blog\/wp-content\/uploads\/2023\/03\/2023-03-10-x6_schwarzer-weg-dicht-470x264.jpg\" alt=\"\" width=\"470\" height=\"264\" class=\"size-large wp-image-169665\" srcset=\"https:\/\/www.andreas-edler.de\/blog\/wp-content\/uploads\/2023\/03\/2023-03-10-x6_schwarzer-weg-dicht-470x264.jpg 470w, https:\/\/www.andreas-edler.de\/blog\/wp-content\/uploads\/2023\/03\/2023-03-10-x6_schwarzer-weg-dicht-250x141.jpg 250w, https:\/\/www.andreas-edler.de\/blog\/wp-content\/uploads\/2023\/03\/2023-03-10-x6_schwarzer-weg-dicht-768x432.jpg 768w, https:\/\/www.andreas-edler.de\/blog\/wp-content\/uploads\/2023\/03\/2023-03-10-x6_schwarzer-weg-dicht-100x56.jpg 100w, https:\/\/www.andreas-edler.de\/blog\/wp-content\/uploads\/2023\/03\/2023-03-10-x6_schwarzer-weg-dicht-150x84.jpg 150w, https:\/\/www.andreas-edler.de\/blog\/wp-content\/uploads\/2023\/03\/2023-03-10-x6_schwarzer-weg-dicht-200x113.jpg 200w, https:\/\/www.andreas-edler.de\/blog\/wp-content\/uploads\/2023\/03\/2023-03-10-x6_schwarzer-weg-dicht-300x169.jpg 300w, https:\/\/www.andreas-edler.de\/blog\/wp-content\/uploads\/2023\/03\/2023-03-10-x6_schwarzer-weg-dicht-450x253.jpg 450w, https:\/\/www.andreas-edler.de\/blog\/wp-content\/uploads\/2023\/03\/2023-03-10-x6_schwarzer-weg-dicht-600x338.jpg 600w, https:\/\/www.andreas-edler.de\/blog\/wp-content\/uploads\/2023\/03\/2023-03-10-x6_schwarzer-weg-dicht-900x506.jpg 900w, https:\/\/www.andreas-edler.de\/blog\/wp-content\/uploads\/2023\/03\/2023-03-10-x6_schwarzer-weg-dicht.jpg 1280w\" sizes=\"auto, (max-width: 470px) 100vw, 470px\" \/><\/a><figcaption id=\"caption-attachment-169665\" class=\"wp-caption-text\">X6 mit zu wenig Abstand<\/figcaption><\/figure>\n<p>Auf dem Schwarzen Weg ist auch nur Tempo-30 erlaubt. Und dann darf man sich ja vorbei quetschen!<\/p>\n<figure id=\"attachment_169666\" aria-describedby=\"caption-attachment-169666\" style=\"width: 470px\" class=\"wp-caption aligncenter\"><a href=\"https:\/\/www.andreas-edler.de\/blog\/wp-content\/uploads\/2023\/03\/2023-03-10-x6_schwarzer-weg_eng.jpg\"><img loading=\"lazy\" decoding=\"async\" src=\"https:\/\/www.andreas-edler.de\/blog\/wp-content\/uploads\/2023\/03\/2023-03-10-x6_schwarzer-weg_eng-470x264.jpg\" alt=\"\" width=\"470\" height=\"264\" class=\"size-large wp-image-169666\" srcset=\"https:\/\/www.andreas-edler.de\/blog\/wp-content\/uploads\/2023\/03\/2023-03-10-x6_schwarzer-weg_eng-470x264.jpg 470w, https:\/\/www.andreas-edler.de\/blog\/wp-content\/uploads\/2023\/03\/2023-03-10-x6_schwarzer-weg_eng-250x141.jpg 250w, https:\/\/www.andreas-edler.de\/blog\/wp-content\/uploads\/2023\/03\/2023-03-10-x6_schwarzer-weg_eng-768x432.jpg 768w, https:\/\/www.andreas-edler.de\/blog\/wp-content\/uploads\/2023\/03\/2023-03-10-x6_schwarzer-weg_eng-100x56.jpg 100w, https:\/\/www.andreas-edler.de\/blog\/wp-content\/uploads\/2023\/03\/2023-03-10-x6_schwarzer-weg_eng-150x84.jpg 150w, https:\/\/www.andreas-edler.de\/blog\/wp-content\/uploads\/2023\/03\/2023-03-10-x6_schwarzer-weg_eng-200x113.jpg 200w, https:\/\/www.andreas-edler.de\/blog\/wp-content\/uploads\/2023\/03\/2023-03-10-x6_schwarzer-weg_eng-300x169.jpg 300w, https:\/\/www.andreas-edler.de\/blog\/wp-content\/uploads\/2023\/03\/2023-03-10-x6_schwarzer-weg_eng-450x253.jpg 450w, https:\/\/www.andreas-edler.de\/blog\/wp-content\/uploads\/2023\/03\/2023-03-10-x6_schwarzer-weg_eng-600x338.jpg 600w, https:\/\/www.andreas-edler.de\/blog\/wp-content\/uploads\/2023\/03\/2023-03-10-x6_schwarzer-weg_eng-900x506.jpg 900w, https:\/\/www.andreas-edler.de\/blog\/wp-content\/uploads\/2023\/03\/2023-03-10-x6_schwarzer-weg_eng.jpg 1280w\" sizes=\"auto, (max-width: 470px) 100vw, 470px\" \/><\/a><figcaption id=\"caption-attachment-169666\" class=\"wp-caption-text\">Auch im Gegenverkehr zu dicht!<\/figcaption><\/figure>\n<p>Vor allen Dingen, wenn man einen Schleichweg sucht, um dem fiesen Verkehr aus dem Weg zu gehen. Diesen aber nicht findet, weil halt viele Sperrungen vorhanden sind. Klar, habe Verst\u00e4ndnis, dass man dann gefrustet ist und nicht so auf andere achten kann.<\/p>\n<figure id=\"attachment_169667\" aria-describedby=\"caption-attachment-169667\" style=\"width: 470px\" class=\"wp-caption aligncenter\"><a href=\"https:\/\/www.andreas-edler.de\/blog\/wp-content\/uploads\/2023\/03\/2023-03-08-am-muldedamm-verkehrt-durch-ausfahrt.jpg\"><img loading=\"lazy\" decoding=\"async\" src=\"https:\/\/www.andreas-edler.de\/blog\/wp-content\/uploads\/2023\/03\/2023-03-08-am-muldedamm-verkehrt-durch-ausfahrt-470x175.jpg\" alt=\"\" width=\"470\" height=\"175\" class=\"size-large wp-image-169667\" srcset=\"https:\/\/www.andreas-edler.de\/blog\/wp-content\/uploads\/2023\/03\/2023-03-08-am-muldedamm-verkehrt-durch-ausfahrt-470x175.jpg 470w, https:\/\/www.andreas-edler.de\/blog\/wp-content\/uploads\/2023\/03\/2023-03-08-am-muldedamm-verkehrt-durch-ausfahrt-250x93.jpg 250w, https:\/\/www.andreas-edler.de\/blog\/wp-content\/uploads\/2023\/03\/2023-03-08-am-muldedamm-verkehrt-durch-ausfahrt-768x286.jpg 768w, https:\/\/www.andreas-edler.de\/blog\/wp-content\/uploads\/2023\/03\/2023-03-08-am-muldedamm-verkehrt-durch-ausfahrt-100x37.jpg 100w, https:\/\/www.andreas-edler.de\/blog\/wp-content\/uploads\/2023\/03\/2023-03-08-am-muldedamm-verkehrt-durch-ausfahrt-150x56.jpg 150w, https:\/\/www.andreas-edler.de\/blog\/wp-content\/uploads\/2023\/03\/2023-03-08-am-muldedamm-verkehrt-durch-ausfahrt-200x75.jpg 200w, https:\/\/www.andreas-edler.de\/blog\/wp-content\/uploads\/2023\/03\/2023-03-08-am-muldedamm-verkehrt-durch-ausfahrt-300x112.jpg 300w, https:\/\/www.andreas-edler.de\/blog\/wp-content\/uploads\/2023\/03\/2023-03-08-am-muldedamm-verkehrt-durch-ausfahrt-450x168.jpg 450w, https:\/\/www.andreas-edler.de\/blog\/wp-content\/uploads\/2023\/03\/2023-03-08-am-muldedamm-verkehrt-durch-ausfahrt-600x224.jpg 600w, https:\/\/www.andreas-edler.de\/blog\/wp-content\/uploads\/2023\/03\/2023-03-08-am-muldedamm-verkehrt-durch-ausfahrt-900x335.jpg 900w, https:\/\/www.andreas-edler.de\/blog\/wp-content\/uploads\/2023\/03\/2023-03-08-am-muldedamm-verkehrt-durch-ausfahrt.jpg 1280w\" sizes=\"auto, (max-width: 470px) 100vw, 470px\" \/><\/a><figcaption id=\"caption-attachment-169667\" class=\"wp-caption-text\">Einfahrt verboten<\/figcaption><\/figure>\n<p>Das runde Schild rechts oben im Bild ist ein Zeichen 267, es steht dort gut sichtbar auf beiden Seiten der Fahrbahn. Die Dame im Bild ist auch nicht ortsunkundig. Trotzdem behauptetete sie sympathisch lachend, sie h\u00e4tte das erst ganz sp\u00e4t gesehen. Oh, dann sogar bewusst ignoriert. Das macht es jetzt nicht besser.<\/p>\n<figure id=\"attachment_169668\" aria-describedby=\"caption-attachment-169668\" style=\"width: 470px\" class=\"wp-caption aligncenter\"><a href=\"https:\/\/www.andreas-edler.de\/blog\/wp-content\/uploads\/2023\/03\/2023-03-06_auf-der-hude_auto_ueberholt_eng.jpg\"><img loading=\"lazy\" decoding=\"async\" src=\"https:\/\/www.andreas-edler.de\/blog\/wp-content\/uploads\/2023\/03\/2023-03-06_auf-der-hude_auto_ueberholt_eng-470x264.jpg\" alt=\"\" width=\"470\" height=\"264\" class=\"size-large wp-image-169668\" srcset=\"https:\/\/www.andreas-edler.de\/blog\/wp-content\/uploads\/2023\/03\/2023-03-06_auf-der-hude_auto_ueberholt_eng-470x264.jpg 470w, https:\/\/www.andreas-edler.de\/blog\/wp-content\/uploads\/2023\/03\/2023-03-06_auf-der-hude_auto_ueberholt_eng-250x141.jpg 250w, https:\/\/www.andreas-edler.de\/blog\/wp-content\/uploads\/2023\/03\/2023-03-06_auf-der-hude_auto_ueberholt_eng-768x432.jpg 768w, https:\/\/www.andreas-edler.de\/blog\/wp-content\/uploads\/2023\/03\/2023-03-06_auf-der-hude_auto_ueberholt_eng-100x56.jpg 100w, https:\/\/www.andreas-edler.de\/blog\/wp-content\/uploads\/2023\/03\/2023-03-06_auf-der-hude_auto_ueberholt_eng-150x84.jpg 150w, https:\/\/www.andreas-edler.de\/blog\/wp-content\/uploads\/2023\/03\/2023-03-06_auf-der-hude_auto_ueberholt_eng-200x113.jpg 200w, https:\/\/www.andreas-edler.de\/blog\/wp-content\/uploads\/2023\/03\/2023-03-06_auf-der-hude_auto_ueberholt_eng-300x169.jpg 300w, https:\/\/www.andreas-edler.de\/blog\/wp-content\/uploads\/2023\/03\/2023-03-06_auf-der-hude_auto_ueberholt_eng-450x253.jpg 450w, https:\/\/www.andreas-edler.de\/blog\/wp-content\/uploads\/2023\/03\/2023-03-06_auf-der-hude_auto_ueberholt_eng-600x338.jpg 600w, https:\/\/www.andreas-edler.de\/blog\/wp-content\/uploads\/2023\/03\/2023-03-06_auf-der-hude_auto_ueberholt_eng-900x506.jpg 900w, https:\/\/www.andreas-edler.de\/blog\/wp-content\/uploads\/2023\/03\/2023-03-06_auf-der-hude_auto_ueberholt_eng.jpg 1280w\" sizes=\"auto, (max-width: 470px) 100vw, 470px\" \/><\/a><figcaption id=\"caption-attachment-169668\" class=\"wp-caption-text\">Einsfuffzig ist auch so verdammt schlecht zu sch\u00e4tzen<\/figcaption><\/figure>\n<p>Der\/die Fahrer\/in des gr\u00fcnen KfZ wollte in der Engstelle direkt nach der Einm\u00fcndung der Stra\u00dfe Auf der Hude in die Werrestra\u00dfe schon \u00fcberholen. Das ist dort gar nicht m\u00f6glich. Der entsprechende Unmut wurde durch Motorheulen (sofern das bei der Kiste m\u00f6glich ist) kund getan. Danach dann aber mit Schmackes vorbei. Der\/die folgende Wagenlenker\/in nahm sich das als Vorbild.<\/p>\n<figure id=\"attachment_169669\" aria-describedby=\"caption-attachment-169669\" style=\"width: 470px\" class=\"wp-caption aligncenter\"><a href=\"https:\/\/www.andreas-edler.de\/blog\/wp-content\/uploads\/2023\/03\/2023-03-06_mindener-auto_auf_radweg_ordnungsamt.jpg\"><img loading=\"lazy\" decoding=\"async\" src=\"https:\/\/www.andreas-edler.de\/blog\/wp-content\/uploads\/2023\/03\/2023-03-06_mindener-auto_auf_radweg_ordnungsamt-470x264.jpg\" alt=\"\" width=\"470\" height=\"264\" class=\"size-large wp-image-169669\" srcset=\"https:\/\/www.andreas-edler.de\/blog\/wp-content\/uploads\/2023\/03\/2023-03-06_mindener-auto_auf_radweg_ordnungsamt-470x264.jpg 470w, https:\/\/www.andreas-edler.de\/blog\/wp-content\/uploads\/2023\/03\/2023-03-06_mindener-auto_auf_radweg_ordnungsamt-250x141.jpg 250w, https:\/\/www.andreas-edler.de\/blog\/wp-content\/uploads\/2023\/03\/2023-03-06_mindener-auto_auf_radweg_ordnungsamt-768x432.jpg 768w, https:\/\/www.andreas-edler.de\/blog\/wp-content\/uploads\/2023\/03\/2023-03-06_mindener-auto_auf_radweg_ordnungsamt-100x56.jpg 100w, https:\/\/www.andreas-edler.de\/blog\/wp-content\/uploads\/2023\/03\/2023-03-06_mindener-auto_auf_radweg_ordnungsamt-150x84.jpg 150w, https:\/\/www.andreas-edler.de\/blog\/wp-content\/uploads\/2023\/03\/2023-03-06_mindener-auto_auf_radweg_ordnungsamt-200x113.jpg 200w, https:\/\/www.andreas-edler.de\/blog\/wp-content\/uploads\/2023\/03\/2023-03-06_mindener-auto_auf_radweg_ordnungsamt-300x169.jpg 300w, https:\/\/www.andreas-edler.de\/blog\/wp-content\/uploads\/2023\/03\/2023-03-06_mindener-auto_auf_radweg_ordnungsamt-450x253.jpg 450w, https:\/\/www.andreas-edler.de\/blog\/wp-content\/uploads\/2023\/03\/2023-03-06_mindener-auto_auf_radweg_ordnungsamt-600x338.jpg 600w, https:\/\/www.andreas-edler.de\/blog\/wp-content\/uploads\/2023\/03\/2023-03-06_mindener-auto_auf_radweg_ordnungsamt-900x506.jpg 900w, https:\/\/www.andreas-edler.de\/blog\/wp-content\/uploads\/2023\/03\/2023-03-06_mindener-auto_auf_radweg_ordnungsamt.jpg 1280w\" sizes=\"auto, (max-width: 470px) 100vw, 470px\" \/><\/a><figcaption id=\"caption-attachment-169669\" class=\"wp-caption-text\">Currywurst essen auf dem Radweg<\/figcaption><\/figure>\n<p>Sowohl der Fahrer als auch die Beifahrerin hatten jeweils eine der wirklich leckeren Stahls-Curryw\u00fcrste auf dem Scho\u00df und a\u00dfen, w\u00e4hrend sie an der Mindener Stra\u00dfe auf dem Radweg parkten. Sehr, sehr missmutig haben sie dann aber tats\u00e4chlich das Fahrzeug vom Radweg rangiert und nur noch den Seitenstreifen zum Parken genutzt. Die im Stop-and-Go-Verkehr vorbeifahrenden Mitarbeiter\/innen des Ordnungsamts sahen allerdings keinen Grund zum Einschreiten. Zumindest aus dem Beifahrerfenster h\u00e4tte man eine Ermahnung aussprechen k\u00f6nnen. Weil dies nicht geschieht, f\u00fchlen sich Falschparkende in ihrem Tun best\u00e4tigt! Danke Ordnungsamt.<\/p>\n<figure id=\"attachment_169671\" aria-describedby=\"caption-attachment-169671\" style=\"width: 470px\" class=\"wp-caption aligncenter\"><a href=\"https:\/\/www.andreas-edler.de\/blog\/wp-content\/uploads\/2023\/03\/2023-03-02-kaiserstrasse-verdammt-eng.jpg\"><img loading=\"lazy\" decoding=\"async\" src=\"https:\/\/www.andreas-edler.de\/blog\/wp-content\/uploads\/2023\/03\/2023-03-02-kaiserstrasse-verdammt-eng-470x264.jpg\" alt=\"\" width=\"470\" height=\"264\" class=\"size-large wp-image-169671\" srcset=\"https:\/\/www.andreas-edler.de\/blog\/wp-content\/uploads\/2023\/03\/2023-03-02-kaiserstrasse-verdammt-eng-470x264.jpg 470w, https:\/\/www.andreas-edler.de\/blog\/wp-content\/uploads\/2023\/03\/2023-03-02-kaiserstrasse-verdammt-eng-250x141.jpg 250w, https:\/\/www.andreas-edler.de\/blog\/wp-content\/uploads\/2023\/03\/2023-03-02-kaiserstrasse-verdammt-eng-768x432.jpg 768w, https:\/\/www.andreas-edler.de\/blog\/wp-content\/uploads\/2023\/03\/2023-03-02-kaiserstrasse-verdammt-eng-100x56.jpg 100w, https:\/\/www.andreas-edler.de\/blog\/wp-content\/uploads\/2023\/03\/2023-03-02-kaiserstrasse-verdammt-eng-150x84.jpg 150w, https:\/\/www.andreas-edler.de\/blog\/wp-content\/uploads\/2023\/03\/2023-03-02-kaiserstrasse-verdammt-eng-200x113.jpg 200w, https:\/\/www.andreas-edler.de\/blog\/wp-content\/uploads\/2023\/03\/2023-03-02-kaiserstrasse-verdammt-eng-300x169.jpg 300w, https:\/\/www.andreas-edler.de\/blog\/wp-content\/uploads\/2023\/03\/2023-03-02-kaiserstrasse-verdammt-eng-450x253.jpg 450w, https:\/\/www.andreas-edler.de\/blog\/wp-content\/uploads\/2023\/03\/2023-03-02-kaiserstrasse-verdammt-eng-600x338.jpg 600w, https:\/\/www.andreas-edler.de\/blog\/wp-content\/uploads\/2023\/03\/2023-03-02-kaiserstrasse-verdammt-eng-900x506.jpg 900w, https:\/\/www.andreas-edler.de\/blog\/wp-content\/uploads\/2023\/03\/2023-03-02-kaiserstrasse-verdammt-eng.jpg 1280w\" sizes=\"auto, (max-width: 470px) 100vw, 470px\" \/><\/a><figcaption id=\"caption-attachment-169671\" class=\"wp-caption-text\">Kaiserstra\u00dfe &#8211; das war echt knapp.<\/figcaption><\/figure>\n<p>Ich bin eigentlich hartgesotten, aber was diese\/r Fahrer\/in da abgezogen hat, war schon ein dolles St\u00fcck. Wollte in der 30-Zone vor einer Kreuzung \u00fcberholen, stellt fest dass das nicht klappen wird und f\u00e4hrt dann einfach rechts r\u00fcber. Konnte mich dort gar nicht \u00fcbersehen und h\u00e4lt trotzdem drauf. Bei allem Respekt: Arschloch!<\/p>\n<figure id=\"attachment_169672\" aria-describedby=\"caption-attachment-169672\" style=\"width: 470px\" class=\"wp-caption aligncenter\"><a href=\"https:\/\/www.andreas-edler.de\/blog\/wp-content\/uploads\/2023\/03\/2023-02-03_mindener-auto-quer-zur-fahrtrichtung.jpg\"><img loading=\"lazy\" decoding=\"async\" src=\"https:\/\/www.andreas-edler.de\/blog\/wp-content\/uploads\/2023\/03\/2023-02-03_mindener-auto-quer-zur-fahrtrichtung-470x175.jpg\" alt=\"\" width=\"470\" height=\"175\" class=\"size-large wp-image-169672\" srcset=\"https:\/\/www.andreas-edler.de\/blog\/wp-content\/uploads\/2023\/03\/2023-02-03_mindener-auto-quer-zur-fahrtrichtung-470x175.jpg 470w, https:\/\/www.andreas-edler.de\/blog\/wp-content\/uploads\/2023\/03\/2023-02-03_mindener-auto-quer-zur-fahrtrichtung-250x93.jpg 250w, https:\/\/www.andreas-edler.de\/blog\/wp-content\/uploads\/2023\/03\/2023-02-03_mindener-auto-quer-zur-fahrtrichtung-768x286.jpg 768w, https:\/\/www.andreas-edler.de\/blog\/wp-content\/uploads\/2023\/03\/2023-02-03_mindener-auto-quer-zur-fahrtrichtung-100x37.jpg 100w, https:\/\/www.andreas-edler.de\/blog\/wp-content\/uploads\/2023\/03\/2023-02-03_mindener-auto-quer-zur-fahrtrichtung-150x56.jpg 150w, https:\/\/www.andreas-edler.de\/blog\/wp-content\/uploads\/2023\/03\/2023-02-03_mindener-auto-quer-zur-fahrtrichtung-200x75.jpg 200w, https:\/\/www.andreas-edler.de\/blog\/wp-content\/uploads\/2023\/03\/2023-02-03_mindener-auto-quer-zur-fahrtrichtung-300x112.jpg 300w, https:\/\/www.andreas-edler.de\/blog\/wp-content\/uploads\/2023\/03\/2023-02-03_mindener-auto-quer-zur-fahrtrichtung-450x168.jpg 450w, https:\/\/www.andreas-edler.de\/blog\/wp-content\/uploads\/2023\/03\/2023-02-03_mindener-auto-quer-zur-fahrtrichtung-600x224.jpg 600w, https:\/\/www.andreas-edler.de\/blog\/wp-content\/uploads\/2023\/03\/2023-02-03_mindener-auto-quer-zur-fahrtrichtung-900x336.jpg 900w, https:\/\/www.andreas-edler.de\/blog\/wp-content\/uploads\/2023\/03\/2023-02-03_mindener-auto-quer-zur-fahrtrichtung.jpg 1451w\" sizes=\"auto, (max-width: 470px) 100vw, 470px\" \/><\/a><figcaption id=\"caption-attachment-169672\" class=\"wp-caption-text\">Quer zur Fahrtrichtung<\/figcaption><\/figure>\n<p>Ja, der stand da wirklich so quer zur Fahrtrichtung, w\u00e4hrend er auf die Gr\u00fcnphase wartete. Das kommt davon, wenn man \u00fcber Hinterm Gradierwerk die rote Rechtsabbiegerampel der Eidinghausener Stra\u00dfe umfahren will und dann vom Tankstellengel\u00e4nde vor einer Warteschlange steht. (Bevor jemand um die Ecke kommt: Screenshot aus einem Film der Dashcam.)<\/p>\n<figure id=\"attachment_169673\" aria-describedby=\"caption-attachment-169673\" style=\"width: 470px\" class=\"wp-caption aligncenter\"><a href=\"https:\/\/www.andreas-edler.de\/blog\/wp-content\/uploads\/2023\/03\/2019-11-06-18.56.36.jpg\"><img loading=\"lazy\" decoding=\"async\" src=\"https:\/\/www.andreas-edler.de\/blog\/wp-content\/uploads\/2023\/03\/2019-11-06-18.56.36-470x264.jpg\" alt=\"\" width=\"470\" height=\"264\" class=\"size-large wp-image-169673\" srcset=\"https:\/\/www.andreas-edler.de\/blog\/wp-content\/uploads\/2023\/03\/2019-11-06-18.56.36-470x264.jpg 470w, https:\/\/www.andreas-edler.de\/blog\/wp-content\/uploads\/2023\/03\/2019-11-06-18.56.36-250x141.jpg 250w, https:\/\/www.andreas-edler.de\/blog\/wp-content\/uploads\/2023\/03\/2019-11-06-18.56.36-768x432.jpg 768w, https:\/\/www.andreas-edler.de\/blog\/wp-content\/uploads\/2023\/03\/2019-11-06-18.56.36-100x56.jpg 100w, https:\/\/www.andreas-edler.de\/blog\/wp-content\/uploads\/2023\/03\/2019-11-06-18.56.36-150x84.jpg 150w, https:\/\/www.andreas-edler.de\/blog\/wp-content\/uploads\/2023\/03\/2019-11-06-18.56.36-200x113.jpg 200w, https:\/\/www.andreas-edler.de\/blog\/wp-content\/uploads\/2023\/03\/2019-11-06-18.56.36-300x169.jpg 300w, https:\/\/www.andreas-edler.de\/blog\/wp-content\/uploads\/2023\/03\/2019-11-06-18.56.36-450x253.jpg 450w, https:\/\/www.andreas-edler.de\/blog\/wp-content\/uploads\/2023\/03\/2019-11-06-18.56.36-600x338.jpg 600w, https:\/\/www.andreas-edler.de\/blog\/wp-content\/uploads\/2023\/03\/2019-11-06-18.56.36-900x506.jpg 900w, https:\/\/www.andreas-edler.de\/blog\/wp-content\/uploads\/2023\/03\/2019-11-06-18.56.36.jpg 1280w\" sizes=\"auto, (max-width: 470px) 100vw, 470px\" \/><\/a><figcaption id=\"caption-attachment-169673\" class=\"wp-caption-text\">Einfahren in die Kreuzung?<\/figcaption><\/figure>\n<p>Hier mal nichts, was mich gef\u00e4hrdet hat. Aber warum bitte sollte man nicht in jede Kreuzung einfahren und alle anderen behindern?<\/p>\n<figure id=\"attachment_169674\" aria-describedby=\"caption-attachment-169674\" style=\"width: 470px\" class=\"wp-caption aligncenter\"><a href=\"https:\/\/www.andreas-edler.de\/blog\/wp-content\/uploads\/2023\/03\/2023-02-10-11.15.20.jpg\"><img loading=\"lazy\" decoding=\"async\" src=\"https:\/\/www.andreas-edler.de\/blog\/wp-content\/uploads\/2023\/03\/2023-02-10-11.15.20-470x182.jpg\" alt=\"\" width=\"470\" height=\"182\" class=\"size-large wp-image-169674\" srcset=\"https:\/\/www.andreas-edler.de\/blog\/wp-content\/uploads\/2023\/03\/2023-02-10-11.15.20-470x182.jpg 470w, https:\/\/www.andreas-edler.de\/blog\/wp-content\/uploads\/2023\/03\/2023-02-10-11.15.20-250x97.jpg 250w, https:\/\/www.andreas-edler.de\/blog\/wp-content\/uploads\/2023\/03\/2023-02-10-11.15.20-768x297.jpg 768w, https:\/\/www.andreas-edler.de\/blog\/wp-content\/uploads\/2023\/03\/2023-02-10-11.15.20-100x39.jpg 100w, https:\/\/www.andreas-edler.de\/blog\/wp-content\/uploads\/2023\/03\/2023-02-10-11.15.20-150x58.jpg 150w, https:\/\/www.andreas-edler.de\/blog\/wp-content\/uploads\/2023\/03\/2023-02-10-11.15.20-200x77.jpg 200w, https:\/\/www.andreas-edler.de\/blog\/wp-content\/uploads\/2023\/03\/2023-02-10-11.15.20-300x116.jpg 300w, https:\/\/www.andreas-edler.de\/blog\/wp-content\/uploads\/2023\/03\/2023-02-10-11.15.20-450x174.jpg 450w, https:\/\/www.andreas-edler.de\/blog\/wp-content\/uploads\/2023\/03\/2023-02-10-11.15.20-600x232.jpg 600w, https:\/\/www.andreas-edler.de\/blog\/wp-content\/uploads\/2023\/03\/2023-02-10-11.15.20-900x348.jpg 900w, https:\/\/www.andreas-edler.de\/blog\/wp-content\/uploads\/2023\/03\/2023-02-10-11.15.20.jpg 1280w\" sizes=\"auto, (max-width: 470px) 100vw, 470px\" \/><\/a><figcaption id=\"caption-attachment-169674\" class=\"wp-caption-text\">reichlich Parkpl\u00e4tze frei<\/figcaption><\/figure>\n<p>Mir doch egal, ob da nun niemand mehr \u00fcber den Gehweg gehen kann! *Ich* will in die Apotheke und habe keinen Bock in eine der Parkl\u00fccken zu rangieren!<\/p>\n<figure id=\"attachment_169675\" aria-describedby=\"caption-attachment-169675\" style=\"width: 470px\" class=\"wp-caption aligncenter\"><a href=\"https:\/\/www.andreas-edler.de\/blog\/wp-content\/uploads\/2023\/03\/2023-02-01-08.12_eidinghausener_auto_bei_rot_02.jpg\"><img loading=\"lazy\" decoding=\"async\" src=\"https:\/\/www.andreas-edler.de\/blog\/wp-content\/uploads\/2023\/03\/2023-02-01-08.12_eidinghausener_auto_bei_rot_02-470x264.jpg\" alt=\"\" width=\"470\" height=\"264\" class=\"size-large wp-image-169675\" srcset=\"https:\/\/www.andreas-edler.de\/blog\/wp-content\/uploads\/2023\/03\/2023-02-01-08.12_eidinghausener_auto_bei_rot_02-470x264.jpg 470w, https:\/\/www.andreas-edler.de\/blog\/wp-content\/uploads\/2023\/03\/2023-02-01-08.12_eidinghausener_auto_bei_rot_02-250x141.jpg 250w, https:\/\/www.andreas-edler.de\/blog\/wp-content\/uploads\/2023\/03\/2023-02-01-08.12_eidinghausener_auto_bei_rot_02-768x432.jpg 768w, https:\/\/www.andreas-edler.de\/blog\/wp-content\/uploads\/2023\/03\/2023-02-01-08.12_eidinghausener_auto_bei_rot_02-100x56.jpg 100w, https:\/\/www.andreas-edler.de\/blog\/wp-content\/uploads\/2023\/03\/2023-02-01-08.12_eidinghausener_auto_bei_rot_02-150x84.jpg 150w, https:\/\/www.andreas-edler.de\/blog\/wp-content\/uploads\/2023\/03\/2023-02-01-08.12_eidinghausener_auto_bei_rot_02-200x113.jpg 200w, https:\/\/www.andreas-edler.de\/blog\/wp-content\/uploads\/2023\/03\/2023-02-01-08.12_eidinghausener_auto_bei_rot_02-300x169.jpg 300w, https:\/\/www.andreas-edler.de\/blog\/wp-content\/uploads\/2023\/03\/2023-02-01-08.12_eidinghausener_auto_bei_rot_02-450x253.jpg 450w, https:\/\/www.andreas-edler.de\/blog\/wp-content\/uploads\/2023\/03\/2023-02-01-08.12_eidinghausener_auto_bei_rot_02-600x338.jpg 600w, https:\/\/www.andreas-edler.de\/blog\/wp-content\/uploads\/2023\/03\/2023-02-01-08.12_eidinghausener_auto_bei_rot_02-900x506.jpg 900w, https:\/\/www.andreas-edler.de\/blog\/wp-content\/uploads\/2023\/03\/2023-02-01-08.12_eidinghausener_auto_bei_rot_02.jpg 1280w\" sizes=\"auto, (max-width: 470px) 100vw, 470px\" \/><\/a><figcaption id=\"caption-attachment-169675\" class=\"wp-caption-text\">Welches rote Licht?<\/figcaption><\/figure>\n<p>Alle Fahrradfahrenden fahren immer bei rot \u00fcber Ampeln! Besonders die in vierr\u00e4drigen Fahrr\u00e4dern mit Verbrennungsmotor.<\/p>\n<figure id=\"attachment_169676\" aria-describedby=\"caption-attachment-169676\" style=\"width: 470px\" class=\"wp-caption aligncenter\"><a href=\"https:\/\/www.andreas-edler.de\/blog\/wp-content\/uploads\/2023\/03\/2023-01-30_hahnenkampstrasse_eng_ueberholt.png\"><img loading=\"lazy\" decoding=\"async\" src=\"https:\/\/www.andreas-edler.de\/blog\/wp-content\/uploads\/2023\/03\/2023-01-30_hahnenkampstrasse_eng_ueberholt-470x264.png\" alt=\"\" width=\"470\" height=\"264\" class=\"size-large wp-image-169676\" srcset=\"https:\/\/www.andreas-edler.de\/blog\/wp-content\/uploads\/2023\/03\/2023-01-30_hahnenkampstrasse_eng_ueberholt-470x264.png 470w, https:\/\/www.andreas-edler.de\/blog\/wp-content\/uploads\/2023\/03\/2023-01-30_hahnenkampstrasse_eng_ueberholt-250x141.png 250w, https:\/\/www.andreas-edler.de\/blog\/wp-content\/uploads\/2023\/03\/2023-01-30_hahnenkampstrasse_eng_ueberholt-768x432.png 768w, https:\/\/www.andreas-edler.de\/blog\/wp-content\/uploads\/2023\/03\/2023-01-30_hahnenkampstrasse_eng_ueberholt-100x56.png 100w, https:\/\/www.andreas-edler.de\/blog\/wp-content\/uploads\/2023\/03\/2023-01-30_hahnenkampstrasse_eng_ueberholt-150x84.png 150w, https:\/\/www.andreas-edler.de\/blog\/wp-content\/uploads\/2023\/03\/2023-01-30_hahnenkampstrasse_eng_ueberholt-200x113.png 200w, https:\/\/www.andreas-edler.de\/blog\/wp-content\/uploads\/2023\/03\/2023-01-30_hahnenkampstrasse_eng_ueberholt-300x169.png 300w, https:\/\/www.andreas-edler.de\/blog\/wp-content\/uploads\/2023\/03\/2023-01-30_hahnenkampstrasse_eng_ueberholt-450x253.png 450w, https:\/\/www.andreas-edler.de\/blog\/wp-content\/uploads\/2023\/03\/2023-01-30_hahnenkampstrasse_eng_ueberholt-600x338.png 600w, https:\/\/www.andreas-edler.de\/blog\/wp-content\/uploads\/2023\/03\/2023-01-30_hahnenkampstrasse_eng_ueberholt-900x506.png 900w, https:\/\/www.andreas-edler.de\/blog\/wp-content\/uploads\/2023\/03\/2023-01-30_hahnenkampstrasse_eng_ueberholt.png 1280w\" sizes=\"auto, (max-width: 470px) 100vw, 470px\" \/><\/a><figcaption id=\"caption-attachment-169676\" class=\"wp-caption-text\">Eng auf der Hahnenkampstra\u00dfe<\/figcaption><\/figure>\n<p>Ich glaube, hier war ich auf dem Weg zum ersten Workshop des Dorferneuerungskonzeptes Eidinghausen, bei dem einer der meistgenannten Verbesserungsvorschl\u00e4ge die Entschleunigung des motorisierten Verkehrs und die Verbesserung der Sicherheit f\u00fcr zu Fu\u00df Gehende und Radfahrende war. Es w\u00e4re so einfach, wenn alle bei sich selbst anfangen.<\/p>\n<p>Und wie immer: ich fotografiere nicht alles was ich sehe und ich habe die Kamera nicht immer an. Das ist nur ein Ausschnitt des letzten Monats. Falls mir jemand der Paragraph-1-Ultras erkl\u00e4ren k\u00f6nnte, wie ich in den \u00dcberholsituationen durch R\u00fccksichtnahme meine Sicherheit erh\u00f6hen kann, dann bin ich f\u00fcr Hinweise dankbar.<\/p>\n","protected":false},"excerpt":{"rendered":"<p>Wird ja viel gefordert, diese R\u00fccksicht. Im ersten Paragraphen der Stra\u00dfenverkehrsordnung wird sie gefordert, dem einzigen der Autofahrenden noch pr\u00e4sent ist, nachdem sie den F\u00fchrerschein gemacht haben. Und ich zeige hier im Blog ab und an auch besonders sch\u00f6ne Situationen, &hellip;<\/p>\n<p class=\"read-more\"> <a class=\"more-link\" href=\"https:\/\/www.andreas-edler.de\/blog\/2023\/03\/ein-paar-bilder-von-ruecksichtnahmen\/\"> <span class=\"screen-reader-text\">Ein paar Bilder von R\u00fccksichtnahmen<\/span> Weiterlesen &raquo;<\/a><\/p>\n","protected":false},"author":1,"featured_media":0,"comment_status":"open","ping_status":"open","sticky":false,"template":"","format":"standard","meta":{"ngg_post_thumbnail":0,"activitypub_content_warning":"","activitypub_content_visibility":"","activitypub_max_image_attachments":2,"activitypub_interaction_policy_quote":"anyone","activitypub_status":"","footnotes":""},"categories":[14,18,13],"tags":[561,63,419,262,340,453,412,270,158,429,71,414,260],"class_list":["post-169656","post","type-post","status-publish","format-standard","hentry","category-bad-oeynhausen","category-fraglich","category-verkehr","tag-auf-der-hude","tag-benehmen","tag-eidinghausen","tag-eidinghausener-strasse","tag-hahnenkampstrasse","tag-kaiserstrasse","tag-mdrza","tag-mindener-strasse","tag-mit-dem-rad-zur-arbeit","tag-ordnungsamt","tag-regeln","tag-runter-vom-radweg","tag-stvo"],"share_on_mastodon":{"url":"","error":""},"_links":{"self":[{"href":"https:\/\/www.andreas-edler.de\/blog\/wp-json\/wp\/v2\/posts\/169656","targetHints":{"allow":["GET"]}}],"collection":[{"href":"https:\/\/www.andreas-edler.de\/blog\/wp-json\/wp\/v2\/posts"}],"about":[{"href":"https:\/\/www.andreas-edler.de\/blog\/wp-json\/wp\/v2\/types\/post"}],"author":[{"embeddable":true,"href":"https:\/\/www.andreas-edler.de\/blog\/wp-json\/wp\/v2\/users\/1"}],"replies":[{"embeddable":true,"href":"https:\/\/www.andreas-edler.de\/blog\/wp-json\/wp\/v2\/comments?post=169656"}],"version-history":[{"count":0,"href":"https:\/\/www.andreas-edler.de\/blog\/wp-json\/wp\/v2\/posts\/169656\/revisions"}],"wp:attachment":[{"href":"https:\/\/www.andreas-edler.de\/blog\/wp-json\/wp\/v2\/media?parent=169656"}],"wp:term":[{"taxonomy":"category","embeddable":true,"href":"https:\/\/www.andreas-edler.de\/blog\/wp-json\/wp\/v2\/categories?post=169656"},{"taxonomy":"post_tag","embeddable":true,"href":"https:\/\/www.andreas-edler.de\/blog\/wp-json\/wp\/v2\/tags?post=169656"}],"curies":[{"name":"wp","href":"https:\/\/api.w.org\/{rel}","templated":true}]}}