{"id":169653,"date":"2023-03-17T23:54:05","date_gmt":"2023-03-17T22:54:05","guid":{"rendered":"https:\/\/www.andreas-edler.de\/blog\/?p=169653"},"modified":"2023-03-19T13:01:37","modified_gmt":"2023-03-19T12:01:37","slug":"hier-fehlt-immer-noch-ein-baum","status":"publish","type":"post","link":"https:\/\/www.andreas-edler.de\/blog\/2023\/03\/hier-fehlt-immer-noch-ein-baum\/","title":{"rendered":"Hier fehlt immer noch ein Baum"},"content":{"rendered":"<p>Vor drei Monaten habe ich festgestellt, dass der Herbst vorbei ist und <a href=\"https:\/\/www.andreas-edler.de\/blog\/2022\/12\/baumscheibe-an-der-portastrasse\/\" rel=\"noopener\" target=\"_blank\">die Stadtwerke nicht wie versprochen einen Baum an der Portastra\u00dfe gepflanzt haben<\/a>. <\/p>\n<figure id=\"attachment_169654\" aria-describedby=\"caption-attachment-169654\" style=\"width: 470px\" class=\"wp-caption aligncenter\"><a href=\"https:\/\/www.andreas-edler.de\/blog\/wp-content\/uploads\/2023\/03\/2023-03-17-13.57.59.jpg\"><img loading=\"lazy\" decoding=\"async\" src=\"https:\/\/www.andreas-edler.de\/blog\/wp-content\/uploads\/2023\/03\/2023-03-17-13.57.59-470x273.jpg\" alt=\"\" width=\"470\" height=\"273\" class=\"size-large wp-image-169654\" srcset=\"https:\/\/www.andreas-edler.de\/blog\/wp-content\/uploads\/2023\/03\/2023-03-17-13.57.59-470x273.jpg 470w, https:\/\/www.andreas-edler.de\/blog\/wp-content\/uploads\/2023\/03\/2023-03-17-13.57.59-250x145.jpg 250w, https:\/\/www.andreas-edler.de\/blog\/wp-content\/uploads\/2023\/03\/2023-03-17-13.57.59-768x446.jpg 768w, https:\/\/www.andreas-edler.de\/blog\/wp-content\/uploads\/2023\/03\/2023-03-17-13.57.59-100x58.jpg 100w, https:\/\/www.andreas-edler.de\/blog\/wp-content\/uploads\/2023\/03\/2023-03-17-13.57.59-150x87.jpg 150w, https:\/\/www.andreas-edler.de\/blog\/wp-content\/uploads\/2023\/03\/2023-03-17-13.57.59-200x116.jpg 200w, https:\/\/www.andreas-edler.de\/blog\/wp-content\/uploads\/2023\/03\/2023-03-17-13.57.59-300x174.jpg 300w, https:\/\/www.andreas-edler.de\/blog\/wp-content\/uploads\/2023\/03\/2023-03-17-13.57.59-450x261.jpg 450w, https:\/\/www.andreas-edler.de\/blog\/wp-content\/uploads\/2023\/03\/2023-03-17-13.57.59-600x348.jpg 600w, https:\/\/www.andreas-edler.de\/blog\/wp-content\/uploads\/2023\/03\/2023-03-17-13.57.59-900x522.jpg 900w, https:\/\/www.andreas-edler.de\/blog\/wp-content\/uploads\/2023\/03\/2023-03-17-13.57.59.jpg 1280w\" sizes=\"auto, (max-width: 470px) 100vw, 470px\" \/><\/a><figcaption id=\"caption-attachment-169654\" class=\"wp-caption-text\">Hier fehlt ein Baum.<\/figcaption><\/figure>\n<p>Nun ist es drei Monate sp\u00e4ter, der Winter ist vorbei und es beginnt \u00fcberall zu bl\u00fchen. Die fragliche Baumscheibe ist allerdings immer noch ohne Baum. Ich lehne mich nicht sehr weit aus dem Fenster, wenn ich vermute, dass hier \u00fcberhaupt kein Plan bestand oder besteht, etwas nachzupflanzen. <\/p>\n","protected":false},"excerpt":{"rendered":"<p>Vor drei Monaten habe ich festgestellt, dass der Herbst vorbei ist und die Stadtwerke nicht wie versprochen einen Baum an der Portastra\u00dfe gepflanzt haben. Nun ist es drei Monate sp\u00e4ter, der Winter ist vorbei und es beginnt \u00fcberall zu bl\u00fchen. &hellip;<\/p>\n<p class=\"read-more\"> <a class=\"more-link\" href=\"https:\/\/www.andreas-edler.de\/blog\/2023\/03\/hier-fehlt-immer-noch-ein-baum\/\"> <span class=\"screen-reader-text\">Hier fehlt immer noch ein Baum<\/span> Weiterlesen &raquo;<\/a><\/p>\n","protected":false},"author":1,"featured_media":0,"comment_status":"open","ping_status":"open","sticky":false,"template":"","format":"standard","meta":{"ngg_post_thumbnail":0,"activitypub_content_warning":"","activitypub_content_visibility":"","activitypub_max_image_attachments":2,"activitypub_interaction_policy_quote":"anyone","activitypub_status":"","footnotes":""},"categories":[14],"tags":[528,173,205,398,342,79],"class_list":["post-169653","post","type-post","status-publish","format-standard","hentry","category-bad-oeynhausen","tag-baumscheiben","tag-baumschutzsatzung","tag-innenstadt","tag-klimawandel","tag-portastrasse","tag-stadtwerke"],"share_on_mastodon":{"url":"","error":""},"_links":{"self":[{"href":"https:\/\/www.andreas-edler.de\/blog\/wp-json\/wp\/v2\/posts\/169653","targetHints":{"allow":["GET"]}}],"collection":[{"href":"https:\/\/www.andreas-edler.de\/blog\/wp-json\/wp\/v2\/posts"}],"about":[{"href":"https:\/\/www.andreas-edler.de\/blog\/wp-json\/wp\/v2\/types\/post"}],"author":[{"embeddable":true,"href":"https:\/\/www.andreas-edler.de\/blog\/wp-json\/wp\/v2\/users\/1"}],"replies":[{"embeddable":true,"href":"https:\/\/www.andreas-edler.de\/blog\/wp-json\/wp\/v2\/comments?post=169653"}],"version-history":[{"count":0,"href":"https:\/\/www.andreas-edler.de\/blog\/wp-json\/wp\/v2\/posts\/169653\/revisions"}],"wp:attachment":[{"href":"https:\/\/www.andreas-edler.de\/blog\/wp-json\/wp\/v2\/media?parent=169653"}],"wp:term":[{"taxonomy":"category","embeddable":true,"href":"https:\/\/www.andreas-edler.de\/blog\/wp-json\/wp\/v2\/categories?post=169653"},{"taxonomy":"post_tag","embeddable":true,"href":"https:\/\/www.andreas-edler.de\/blog\/wp-json\/wp\/v2\/tags?post=169653"}],"curies":[{"name":"wp","href":"https:\/\/api.w.org\/{rel}","templated":true}]}}