{"id":169645,"date":"2023-03-19T12:31:58","date_gmt":"2023-03-19T11:31:58","guid":{"rendered":"https:\/\/www.andreas-edler.de\/blog\/?p=169645"},"modified":"2023-03-19T12:31:58","modified_gmt":"2023-03-19T11:31:58","slug":"famillienfreundlichkeit-im-sielbad","status":"publish","type":"post","link":"https:\/\/www.andreas-edler.de\/blog\/2023\/03\/famillienfreundlichkeit-im-sielbad\/","title":{"rendered":"Famillienfreundlichkeit im Sielbad"},"content":{"rendered":"<p>Oh, das kommt jetzt aber \u00fcberraschend, dass Familien nicht in das Hallenbad im Siel fahren, sondern die Hallenb\u00e4der der umliegenden Kommunen aufsuchen. Wenn man das doch nur vorher gewusst h\u00e4tte!<\/p>\n<p><cite>Neue Westf\u00e4lische vom 18.03.2023: <strong><a href=\"https:\/\/www.nw.de\/lokal\/kreis_minden_luebbecke\/bad_oeynhausen\/23513158_Im-Bad-Oeynhausener-Hallenbad-ist-kein-Platz-fuer-kleine-Kinder.html\">Im Bad Oeynhausener Hallenbad ist kein Platz f\u00fcr kleine Kinder<\/a><\/strong><br \/>\n&#8230;. Niemand hat die Absicht, einen Kinderbereich im Hallenbad zu bauen. Auch in einer selbsternannten familiengerechten Kommune wie der Stadt Bad Oeynhausen nicht &#8230;<\/cite><\/p>\n<p>Wenn man es genau nimmt, war das vorher bekannt und wir haben <a href=\"https:\/\/www.gruene-badoeynhausen.de\/wp\/2018\/06\/fuer-ein-familienfreundliches-hallenbad\/\" rel=\"noopener\" target=\"_blank\">mehrfach darauf hin gewiesen<\/a>. Vor der finalen Entscheidung hatten wir einen Pressetermin, in welchem wir noch einmal an die anderen Fraktionen zum Umdenken aufforderten.<\/p>\n<p><cite>Neue Westf\u00e4lische vom 18.04.2019: <strong><a href=\"https:\/\/www.nw.de\/lokal\/kreis_minden_luebbecke\/bad_oeynhausen\/22434647_Letzter-Kampf-fuers-Planschbecken.html\">Letzter Kampf f\u00fcrs Planschbecken<\/a><\/strong><br \/>\n&#8230; Einen letzten Versuch starten Gr\u00fcne, Linke und Unabh\u00e4ngige W\u00e4hler, um den geplanten Hallenbadneubau im Siel familienfreundlicher zu gestalten. [Sie] appellieren an die Einsicht der Ratsmitglieder, am 2. Mai in der Ratssitzung doch noch daf\u00fcr zu sorgen, dass der Neubau zumindest um ein Kinderbecken erg\u00e4nzt wird &#8230;<\/cite><\/p>\n<p>Leider hat das alles <a href=\"https:\/\/www.sitzungsdienst-bad-oeynhausen.de\/bi\/to020.asp?TOLFDNR=19628\" rel=\"noopener\" target=\"_blank\">nichts gefruchtet<\/a> :-\/ Und das, obwohl der damalige B\u00fcrgermeister Achim Wilmsmeier uns im Februar beim Besuch unserer Ortsverbandsversammlung noch erl\u00e4uterte, <a href=\"https:\/\/www.gruene-badoeynhausen.de\/wp\/2019\/02\/buergermeister-zu-besuch-im-ortsverband\/\" rel=\"noopener\" target=\"_blank\">er sei auch f\u00fcr einen Kinderbereich im neuen Hallenbad und dieser sei auch zu realisieren<\/a>. Ich hatte das hier im Blog <a href=\"https:\/\/www.andreas-edler.de\/blog\/2019\/05\/krieg-in-der-kommunalpolitik-wegen-einem-hallenbad\/\" rel=\"noopener\" target=\"_blank\">im Mai 2019 bereits alles zusammengefasst<\/a>.<\/p>\n<p>An <a href=\"https:\/\/www.sitzungsdienst-bad-oeynhausen.de\/bi\/to020.asp?TOLFDNR=19628\" rel=\"noopener\" target=\"_blank\">die entsprechende Ratssitzung<\/a> erinnere ich mich noch gut. W\u00e4hrend des TOP zum Sielbad gab es eine Sitzungsunterbrechung, da Wilmsmeier sehr unerwartet damit um die Ecke kam, dass \u00fcberraschenderweise doch ein Sprungturm im Bad m\u00f6glich sei, weil zuf\u00e4lligerweise der Kellerbereich unter dem Becken doch tief genug sei.<\/p>\n<p><cite>Nach weiterer Diskussion stellt RH Korff einen Antrag auf Sitzungsunterbrechung nach \u00a7 13 Buchstabe g) GeschO. Es gibt keine Ratsmitglieder, die f\u00fcr oder gegen diesen Antrag sprechen wollen.<\/cite><\/p>\n<p>In dieser Unterbrechung der Sitzung sagte der B\u00fcrgermeister gut gelaunt zu mir, dass nur Sprungturm oder Kinderbereich m\u00f6glich seien und dass er es ganz gut f\u00e4nde, dass er den Sprungturm noch erm\u00f6glicht h\u00e4tte. Ich bin davon \u00fcberzeugt, dass wir heute einen Familienbereich h\u00e4tte, w\u00e4ren in dem Zeitungsartikel von uns Sprungt\u00fcrme gefordert worden. Es war n\u00e4mlich damals meines Erachtens schon alles nur politisches Gepl\u00e4nkel und hatte nichts mit Sachentscheidungen zu tun.<\/p>\n<p><cite><strong>Beschluss:<\/strong><br \/>\n1. Der Rat nimmt die Darstellung zur Kenntnis und bittet die Verwaltungsratsmitglieder den Vorstand zu erm\u00e4chtigen, das grunds\u00e4tzlich geplante Hallenbad (Vereins- und Sporthallenbad) in der vorgestellten Art und Weise zu errichten, jedoch um ein 1m-Sprungbrett und einen 3m-Sprungturm inklusive Beckenvertiefung und Geb\u00e4udeerh\u00f6hung zu erweitern; die daf\u00fcr in Summe notwendigen Schritte sind umzusetzen.<br \/>\n2. Des Weiteren ist von den Stadtwerken die Sanierung des Freibades zu pr\u00fcfen und eine Machbarkeitsstudie noch in 2019 vorzulegen.<\/cite><\/p>\n<p>Dieser Vorschlag wurde mit 30 Ja-Stimmen zu 7 Nein-Stimmen bei einer Enthaltung beschlossen. Und darum haben wir heute das, was nun von Familien kritisiert wird.<\/p>\n<p>Interessant ist auch, dass die Menschen im Rat, die <a href=\"https:\/\/www.nw.de\/lokal\/kreis_minden_luebbecke\/bad_oeynhausen\/23494107_Eklatante-Versaeumnisse-Riesiger-Sanierungsstau-bei-der-Heimstaette-in-Bad-Oeynhausen.html\" rel=\"noopener\" target=\"_blank\">nun Quartiere abrei\u00dfen lassen<\/a> m\u00f6chten, um <a href=\"https:\/\/www.sitzungsdienst-bad-oeynhausen.de\/bi\/to020.asp?TOLFDNR=24552\" rel=\"noopener\" target=\"_blank\">dort Neubauten f\u00fcr junge, solvente Familien zu schaffen<\/a> gleichzeitig diejenigen waren, die vehement gegen die Familienfreundlichkeit des Sielbades votierten. Und seinerzeit auch <a href=\"https:\/\/mip-nwf-production-api.twipecloud.net\/shared\/?url=https%3A%2F%2Fepaper.nw.de%2Fdata%2F58568%2Freader%2Freader.html%3Fsocial%23!preferred%2F0%2Fpackage%2F58568%2Fpub%2F128462%2Fpage%2F18%2Falb%2F10996996\" rel=\"noopener\" target=\"_blank\">den ehemaligen Gesch\u00e4ftsf\u00fchrer der SGH f\u00fcr seine Arbeit lobten und gegen den von uns gew\u00fcnschten Neubau von sozialvertr\u00e4glichem Wohnraum waren<\/a>.<\/p>\n<p>Vielleicht sollten wir im Rat alle mit etwas mehr Weitsicht agieren!<\/p>\n","protected":false},"excerpt":{"rendered":"<p>Oh, das kommt jetzt aber \u00fcberraschend, dass Familien nicht in das Hallenbad im Siel fahren, sondern die Hallenb\u00e4der der umliegenden Kommunen aufsuchen. Wenn man das doch nur vorher gewusst h\u00e4tte! Neue Westf\u00e4lische vom 18.03.2023: Im Bad Oeynhausener Hallenbad ist kein &hellip;<\/p>\n<p class=\"read-more\"> <a class=\"more-link\" href=\"https:\/\/www.andreas-edler.de\/blog\/2023\/03\/famillienfreundlichkeit-im-sielbad\/\"> <span class=\"screen-reader-text\">Famillienfreundlichkeit im Sielbad<\/span> Weiterlesen &raquo;<\/a><\/p>\n","protected":false},"author":1,"featured_media":0,"comment_status":"open","ping_status":"open","sticky":false,"template":"","format":"standard","meta":{"ngg_post_thumbnail":0,"activitypub_content_warning":"","activitypub_content_visibility":"","activitypub_max_image_attachments":2,"activitypub_interaction_policy_quote":"anyone","activitypub_status":"","footnotes":""},"categories":[14,18,45],"tags":[146,352,67,302,560,77],"class_list":["post-169645","post","type-post","status-publish","format-standard","hentry","category-bad-oeynhausen","category-fraglich","category-politik","tag-familie","tag-gruene","tag-schwimmen","tag-sielbad","tag-staedtische-gemeinnuetzige-heimstaettengesellschaft","tag-stadtrat"],"share_on_mastodon":{"url":"","error":""},"_links":{"self":[{"href":"https:\/\/www.andreas-edler.de\/blog\/wp-json\/wp\/v2\/posts\/169645","targetHints":{"allow":["GET"]}}],"collection":[{"href":"https:\/\/www.andreas-edler.de\/blog\/wp-json\/wp\/v2\/posts"}],"about":[{"href":"https:\/\/www.andreas-edler.de\/blog\/wp-json\/wp\/v2\/types\/post"}],"author":[{"embeddable":true,"href":"https:\/\/www.andreas-edler.de\/blog\/wp-json\/wp\/v2\/users\/1"}],"replies":[{"embeddable":true,"href":"https:\/\/www.andreas-edler.de\/blog\/wp-json\/wp\/v2\/comments?post=169645"}],"version-history":[{"count":0,"href":"https:\/\/www.andreas-edler.de\/blog\/wp-json\/wp\/v2\/posts\/169645\/revisions"}],"wp:attachment":[{"href":"https:\/\/www.andreas-edler.de\/blog\/wp-json\/wp\/v2\/media?parent=169645"}],"wp:term":[{"taxonomy":"category","embeddable":true,"href":"https:\/\/www.andreas-edler.de\/blog\/wp-json\/wp\/v2\/categories?post=169645"},{"taxonomy":"post_tag","embeddable":true,"href":"https:\/\/www.andreas-edler.de\/blog\/wp-json\/wp\/v2\/tags?post=169645"}],"curies":[{"name":"wp","href":"https:\/\/api.w.org\/{rel}","templated":true}]}}