{"id":169635,"date":"2023-03-19T09:47:46","date_gmt":"2023-03-19T08:47:46","guid":{"rendered":"https:\/\/www.andreas-edler.de\/blog\/?p=169635"},"modified":"2023-03-19T09:53:46","modified_gmt":"2023-03-19T08:53:46","slug":"holz-weg-gestapelt","status":"publish","type":"post","link":"https:\/\/www.andreas-edler.de\/blog\/2023\/03\/holz-weg-gestapelt\/","title":{"rendered":"Holz weg gestapelt"},"content":{"rendered":"<p><figure id=\"attachment_169643\" aria-describedby=\"caption-attachment-169643\" style=\"width: 250px\" class=\"wp-caption alignright\"><a href=\"https:\/\/www.andreas-edler.de\/blog\/wp-content\/uploads\/2023\/03\/2023-02-25-17.24.21.jpg\"><img loading=\"lazy\" decoding=\"async\" src=\"https:\/\/www.andreas-edler.de\/blog\/wp-content\/uploads\/2023\/03\/2023-02-25-17.24.21-250x153.jpg\" alt=\"\" width=\"250\" height=\"153\" class=\"size-medium wp-image-169643\" srcset=\"https:\/\/www.andreas-edler.de\/blog\/wp-content\/uploads\/2023\/03\/2023-02-25-17.24.21-250x153.jpg 250w, https:\/\/www.andreas-edler.de\/blog\/wp-content\/uploads\/2023\/03\/2023-02-25-17.24.21-470x288.jpg 470w, https:\/\/www.andreas-edler.de\/blog\/wp-content\/uploads\/2023\/03\/2023-02-25-17.24.21-768x470.jpg 768w, https:\/\/www.andreas-edler.de\/blog\/wp-content\/uploads\/2023\/03\/2023-02-25-17.24.21-100x61.jpg 100w, https:\/\/www.andreas-edler.de\/blog\/wp-content\/uploads\/2023\/03\/2023-02-25-17.24.21-150x92.jpg 150w, https:\/\/www.andreas-edler.de\/blog\/wp-content\/uploads\/2023\/03\/2023-02-25-17.24.21-200x122.jpg 200w, https:\/\/www.andreas-edler.de\/blog\/wp-content\/uploads\/2023\/03\/2023-02-25-17.24.21-300x184.jpg 300w, https:\/\/www.andreas-edler.de\/blog\/wp-content\/uploads\/2023\/03\/2023-02-25-17.24.21-450x275.jpg 450w, https:\/\/www.andreas-edler.de\/blog\/wp-content\/uploads\/2023\/03\/2023-02-25-17.24.21-600x367.jpg 600w, https:\/\/www.andreas-edler.de\/blog\/wp-content\/uploads\/2023\/03\/2023-02-25-17.24.21-900x551.jpg 900w, https:\/\/www.andreas-edler.de\/blog\/wp-content\/uploads\/2023\/03\/2023-02-25-17.24.21.jpg 1280w\" sizes=\"auto, (max-width: 250px) 100vw, 250px\" \/><\/a><figcaption id=\"caption-attachment-169643\" class=\"wp-caption-text\">Holz verladen in Porta Westfalica<\/figcaption><\/figure> Am 25.02. haben wir die erste Fuhre Holz von unserer Nichte geholt. Dankenswerterweise hatte ein Unternehmen die B\u00e4ume gef\u00e4llt und in &#8222;handliche&#8220; St\u00fccke portioniert. Tim und ich konnten diese gerade so tragen und auf unseren Anh\u00e4nger laden. Damit dieser nicht \u00fcber sein zul\u00e4ssiges Gesamtgewicht hinaus belastet wurde, sind wir ein paar Touren mehr gefahren. Vor zwei Wochen hatten wir dann <a href=\"https:\/\/www.andreas-edler.de\/blog\/2023\/03\/holz-geholt\/\" rel=\"noopener\" target=\"_blank\">alles zum D\u00f6rgen geholt<\/a> und sind angefangen, die gro\u00dfen Kl\u00f6tze in spaltbare Gr\u00f6\u00dfen zu zers\u00e4gen. Alles habe ich an dem Tag nicht geschafft, weil ich dachte unsere Kettens\u00e4ge w\u00e4re inne dutten. Und weil ich auch ziemlich platt war.<\/p>\n<p><figure id=\"attachment_169636\" aria-describedby=\"caption-attachment-169636\" style=\"width: 250px\" class=\"wp-caption alignright\"><a href=\"https:\/\/www.andreas-edler.de\/blog\/wp-content\/uploads\/2023\/03\/2023-03-13-tim-hackt-holz.jpg\"><img loading=\"lazy\" decoding=\"async\" src=\"https:\/\/www.andreas-edler.de\/blog\/wp-content\/uploads\/2023\/03\/2023-03-13-tim-hackt-holz-250x159.jpg\" alt=\"\" width=\"250\" height=\"159\" class=\"size-medium wp-image-169636\" srcset=\"https:\/\/www.andreas-edler.de\/blog\/wp-content\/uploads\/2023\/03\/2023-03-13-tim-hackt-holz-250x159.jpg 250w, https:\/\/www.andreas-edler.de\/blog\/wp-content\/uploads\/2023\/03\/2023-03-13-tim-hackt-holz-470x299.jpg 470w, https:\/\/www.andreas-edler.de\/blog\/wp-content\/uploads\/2023\/03\/2023-03-13-tim-hackt-holz-768x489.jpg 768w, https:\/\/www.andreas-edler.de\/blog\/wp-content\/uploads\/2023\/03\/2023-03-13-tim-hackt-holz-100x64.jpg 100w, https:\/\/www.andreas-edler.de\/blog\/wp-content\/uploads\/2023\/03\/2023-03-13-tim-hackt-holz-150x96.jpg 150w, https:\/\/www.andreas-edler.de\/blog\/wp-content\/uploads\/2023\/03\/2023-03-13-tim-hackt-holz-200x127.jpg 200w, https:\/\/www.andreas-edler.de\/blog\/wp-content\/uploads\/2023\/03\/2023-03-13-tim-hackt-holz-300x191.jpg 300w, https:\/\/www.andreas-edler.de\/blog\/wp-content\/uploads\/2023\/03\/2023-03-13-tim-hackt-holz-450x287.jpg 450w, https:\/\/www.andreas-edler.de\/blog\/wp-content\/uploads\/2023\/03\/2023-03-13-tim-hackt-holz-600x382.jpg 600w, https:\/\/www.andreas-edler.de\/blog\/wp-content\/uploads\/2023\/03\/2023-03-13-tim-hackt-holz-900x573.jpg 900w, https:\/\/www.andreas-edler.de\/blog\/wp-content\/uploads\/2023\/03\/2023-03-13-tim-hackt-holz.jpg 1047w\" sizes=\"auto, (max-width: 250px) 100vw, 250px\" \/><\/a><figcaption id=\"caption-attachment-169636\" class=\"wp-caption-text\">Tim hackt Holz<\/figcaption><\/figure> Eine Woche sp\u00e4ter bin ich dann <a href=\"https:\/\/www.andreas-edler.de\/blog\/2023\/03\/holz-gehackt\/\" rel=\"noopener\" target=\"_blank\">mit der Spaltaxt angefangen, Kleinholz zu machen<\/a>. Das klappte grunds\u00e4tzlich bei dem frischen Holz ganz gut, war aber trotzdem anstrengend und so wurden wir auch letzten Samstag nicht fertig. Tim hat zwei Tage sp\u00e4ter, am Montag auch noch einmal die Keule geschwungen und sicher noch mal soviel zerkleinert, wie ich am Samstag zuvor. Allerdings lagen immer noch ein paar Bunken rum. Es ist auch erstaunlich, wie wenig das wirkt, wenn man nur noch ofentaugliches Holz da liegen hat. Als wir die B\u00e4ume geholt haben, dachte ich das reicht f\u00fcr Jahre. Zerkleinert und gestapelt ist es pl\u00f6tzlich nur noch ein Schuhkarton voll.<\/p>\n<p><figure id=\"attachment_169638\" aria-describedby=\"caption-attachment-169638\" style=\"width: 188px\" class=\"wp-caption alignright\"><a href=\"https:\/\/www.andreas-edler.de\/blog\/wp-content\/uploads\/2023\/03\/2023-03-18-13.06.16.jpg\"><img loading=\"lazy\" decoding=\"async\" src=\"https:\/\/www.andreas-edler.de\/blog\/wp-content\/uploads\/2023\/03\/2023-03-18-13.06.16-188x250.jpg\" alt=\"\" width=\"188\" height=\"250\" class=\"size-medium wp-image-169638\" srcset=\"https:\/\/www.andreas-edler.de\/blog\/wp-content\/uploads\/2023\/03\/2023-03-18-13.06.16-188x250.jpg 188w, https:\/\/www.andreas-edler.de\/blog\/wp-content\/uploads\/2023\/03\/2023-03-18-13.06.16-354x470.jpg 354w, https:\/\/www.andreas-edler.de\/blog\/wp-content\/uploads\/2023\/03\/2023-03-18-13.06.16-768x1020.jpg 768w, https:\/\/www.andreas-edler.de\/blog\/wp-content\/uploads\/2023\/03\/2023-03-18-13.06.16-100x133.jpg 100w, https:\/\/www.andreas-edler.de\/blog\/wp-content\/uploads\/2023\/03\/2023-03-18-13.06.16-150x199.jpg 150w, https:\/\/www.andreas-edler.de\/blog\/wp-content\/uploads\/2023\/03\/2023-03-18-13.06.16-200x266.jpg 200w, https:\/\/www.andreas-edler.de\/blog\/wp-content\/uploads\/2023\/03\/2023-03-18-13.06.16-300x398.jpg 300w, https:\/\/www.andreas-edler.de\/blog\/wp-content\/uploads\/2023\/03\/2023-03-18-13.06.16-450x598.jpg 450w, https:\/\/www.andreas-edler.de\/blog\/wp-content\/uploads\/2023\/03\/2023-03-18-13.06.16-600x797.jpg 600w, https:\/\/www.andreas-edler.de\/blog\/wp-content\/uploads\/2023\/03\/2023-03-18-13.06.16-900x1195.jpg 900w, https:\/\/www.andreas-edler.de\/blog\/wp-content\/uploads\/2023\/03\/2023-03-18-13.06.16.jpg 964w\" sizes=\"auto, (max-width: 188px) 100vw, 188px\" \/><\/a><figcaption id=\"caption-attachment-169638\" class=\"wp-caption-text\">Zwei Kubikmeter Holz<\/figcaption><\/figure> Gestern dann noch mal Endspurt. Ich bin morgens angefangen und habe die Bl\u00f6cke mit etwas mehr \u00c4sten gehackt und als der gro\u00dfe Nachwuchs auch aufgestanden war, hat er mit &#8222;nur&#8220; gro\u00dfen Kl\u00f6tzen weiter gemacht. Konnte aber irgendwann auch nicht mehr, weil er in der letzten Woche ein bisschen mit dem Magen zu k\u00e4mpfen hatte und noch angeschlagen war. Habe ich dann halt den Rest zu Ende gehackt. Alex hat derweil alles mit der Schubkarre &#8211; auch an den letzten Wochenenden &#8211; wge geschafft und gestapelt. Und nun ist ein Fach im Holzvorrat wieder gef\u00fcllt. Sollten knapp zwei Kubikmeter sein. Sieht gut aus :-) Allerdings kann ich meine rechte Schulter nun wieder eine zeitlang vergessen. Voltaren ist mein Freund :-\/<\/p>\n","protected":false},"excerpt":{"rendered":"<p>Am 25.02. haben wir die erste Fuhre Holz von unserer Nichte geholt. Dankenswerterweise hatte ein Unternehmen die B\u00e4ume gef\u00e4llt und in &#8222;handliche&#8220; St\u00fccke portioniert. Tim und ich konnten diese gerade so tragen und auf unseren Anh\u00e4nger laden. Damit dieser nicht &hellip;<\/p>\n<p class=\"read-more\"> <a class=\"more-link\" href=\"https:\/\/www.andreas-edler.de\/blog\/2023\/03\/holz-weg-gestapelt\/\"> <span class=\"screen-reader-text\">Holz weg gestapelt<\/span> Weiterlesen &raquo;<\/a><\/p>\n","protected":false},"author":1,"featured_media":0,"comment_status":"open","ping_status":"open","sticky":false,"template":"","format":"standard","meta":{"ngg_post_thumbnail":0,"activitypub_content_warning":"","activitypub_content_visibility":"","activitypub_max_image_attachments":2,"activitypub_interaction_policy_quote":"anyone","activitypub_status":"","footnotes":""},"categories":[22,1],"tags":[48,362,118,38,50,105,182],"class_list":["post-169635","post","type-post","status-publish","format-standard","hentry","category-basteln","category-allgemein","tag-arbeit","tag-doergen","tag-energie","tag-haus","tag-helfen","tag-holz","tag-nachwuchs-1-0"],"share_on_mastodon":{"url":"","error":""},"_links":{"self":[{"href":"https:\/\/www.andreas-edler.de\/blog\/wp-json\/wp\/v2\/posts\/169635","targetHints":{"allow":["GET"]}}],"collection":[{"href":"https:\/\/www.andreas-edler.de\/blog\/wp-json\/wp\/v2\/posts"}],"about":[{"href":"https:\/\/www.andreas-edler.de\/blog\/wp-json\/wp\/v2\/types\/post"}],"author":[{"embeddable":true,"href":"https:\/\/www.andreas-edler.de\/blog\/wp-json\/wp\/v2\/users\/1"}],"replies":[{"embeddable":true,"href":"https:\/\/www.andreas-edler.de\/blog\/wp-json\/wp\/v2\/comments?post=169635"}],"version-history":[{"count":0,"href":"https:\/\/www.andreas-edler.de\/blog\/wp-json\/wp\/v2\/posts\/169635\/revisions"}],"wp:attachment":[{"href":"https:\/\/www.andreas-edler.de\/blog\/wp-json\/wp\/v2\/media?parent=169635"}],"wp:term":[{"taxonomy":"category","embeddable":true,"href":"https:\/\/www.andreas-edler.de\/blog\/wp-json\/wp\/v2\/categories?post=169635"},{"taxonomy":"post_tag","embeddable":true,"href":"https:\/\/www.andreas-edler.de\/blog\/wp-json\/wp\/v2\/tags?post=169635"}],"curies":[{"name":"wp","href":"https:\/\/api.w.org\/{rel}","templated":true}]}}