{"id":169621,"date":"2023-03-12T12:52:17","date_gmt":"2023-03-12T11:52:17","guid":{"rendered":"https:\/\/www.andreas-edler.de\/blog\/?p=169621"},"modified":"2023-03-12T12:52:17","modified_gmt":"2023-03-12T11:52:17","slug":"radweg-prinzenwinkel","status":"publish","type":"post","link":"https:\/\/www.andreas-edler.de\/blog\/2023\/03\/radweg-prinzenwinkel\/","title":{"rendered":"Radweg &#8222;Prinzenwinkel&#8220;"},"content":{"rendered":"<p>Zwischen der Stra\u00dfe Prinzenwinkel und In der Ahe wird eine Fu\u00dfverkehrs- und Radverkehrsbr\u00fccke gebaut. Keine vierhundert Meter entfernt zur Br\u00fccke der Eidinghausener Stra\u00dfe \u00fcber die Werre. Der Plan ist, den Radverkehr damit weg von der Eidinghausener Stra\u00dfe zu bekommen. So wird sich vorgestellt, dass Sch\u00fcler aus Werste kommend <a href=\"https:\/\/www.andreas-edler.de\/blog\/2023\/03\/flutmulde-auch-ohne-hochwasser-ueberflutet\/\" rel=\"noopener\" target=\"_blank\">Am Muldedamm r\u00fcber zum Schwarzen Weg fahren<\/a>, diesem folgen, dann die Eidinghausener queren, um danach In der Ahe zu landen und weiter hoch zur Mindener zu fahren. Kann man machen, wenn man Zeit und Lust hat. <a href=\"https:\/\/www.andreas-edler.de\/blog\/2020\/09\/fahrradbruecken-ueber-die-werre\/\" rel=\"noopener\" target=\"_blank\">Ich habe dazu schon mal was geschrieben.<\/a><\/p>\n<figure id=\"attachment_169622\" aria-describedby=\"caption-attachment-169622\" style=\"width: 470px\" class=\"wp-caption aligncenter\"><a href=\"https:\/\/www.andreas-edler.de\/blog\/wp-content\/uploads\/2023\/03\/2023-03-03-17.15.46.jpg\"><img loading=\"lazy\" decoding=\"async\" src=\"https:\/\/www.andreas-edler.de\/blog\/wp-content\/uploads\/2023\/03\/2023-03-03-17.15.46-470x253.jpg\" alt=\"\" width=\"470\" height=\"253\" class=\"size-large wp-image-169622\" srcset=\"https:\/\/www.andreas-edler.de\/blog\/wp-content\/uploads\/2023\/03\/2023-03-03-17.15.46-470x253.jpg 470w, https:\/\/www.andreas-edler.de\/blog\/wp-content\/uploads\/2023\/03\/2023-03-03-17.15.46-250x135.jpg 250w, https:\/\/www.andreas-edler.de\/blog\/wp-content\/uploads\/2023\/03\/2023-03-03-17.15.46-768x414.jpg 768w, https:\/\/www.andreas-edler.de\/blog\/wp-content\/uploads\/2023\/03\/2023-03-03-17.15.46-1536x827.jpg 1536w, https:\/\/www.andreas-edler.de\/blog\/wp-content\/uploads\/2023\/03\/2023-03-03-17.15.46-2048x1103.jpg 2048w, https:\/\/www.andreas-edler.de\/blog\/wp-content\/uploads\/2023\/03\/2023-03-03-17.15.46-100x54.jpg 100w, https:\/\/www.andreas-edler.de\/blog\/wp-content\/uploads\/2023\/03\/2023-03-03-17.15.46-150x81.jpg 150w, https:\/\/www.andreas-edler.de\/blog\/wp-content\/uploads\/2023\/03\/2023-03-03-17.15.46-200x108.jpg 200w, https:\/\/www.andreas-edler.de\/blog\/wp-content\/uploads\/2023\/03\/2023-03-03-17.15.46-300x162.jpg 300w, https:\/\/www.andreas-edler.de\/blog\/wp-content\/uploads\/2023\/03\/2023-03-03-17.15.46-450x242.jpg 450w, https:\/\/www.andreas-edler.de\/blog\/wp-content\/uploads\/2023\/03\/2023-03-03-17.15.46-600x323.jpg 600w, https:\/\/www.andreas-edler.de\/blog\/wp-content\/uploads\/2023\/03\/2023-03-03-17.15.46-900x485.jpg 900w\" sizes=\"auto, (max-width: 470px) 100vw, 470px\" \/><\/a><figcaption id=\"caption-attachment-169622\" class=\"wp-caption-text\">Lager f\u00fcr die Prinzenwinkelbr\u00fccke.<\/figcaption><\/figure>\n<p>Nun ist man schon ein ganzes St\u00fcck weiter und die Br\u00fccke wird in absehbarer Zeit die Werre \u00fcberspannen. Auch der Radweg von der Br\u00fccke auf der Deichkrone Richtung Flutmulde ist im Bau.<\/p>\n<figure id=\"attachment_169623\" aria-describedby=\"caption-attachment-169623\" style=\"width: 470px\" class=\"wp-caption aligncenter\"><a href=\"https:\/\/www.andreas-edler.de\/blog\/wp-content\/uploads\/2023\/03\/2023-03-03-17.16.44.jpg\"><img loading=\"lazy\" decoding=\"async\" src=\"https:\/\/www.andreas-edler.de\/blog\/wp-content\/uploads\/2023\/03\/2023-03-03-17.16.44-470x174.jpg\" alt=\"\" width=\"470\" height=\"174\" class=\"size-large wp-image-169623\" srcset=\"https:\/\/www.andreas-edler.de\/blog\/wp-content\/uploads\/2023\/03\/2023-03-03-17.16.44-470x174.jpg 470w, https:\/\/www.andreas-edler.de\/blog\/wp-content\/uploads\/2023\/03\/2023-03-03-17.16.44-250x93.jpg 250w, https:\/\/www.andreas-edler.de\/blog\/wp-content\/uploads\/2023\/03\/2023-03-03-17.16.44-768x285.jpg 768w, https:\/\/www.andreas-edler.de\/blog\/wp-content\/uploads\/2023\/03\/2023-03-03-17.16.44-1536x570.jpg 1536w, https:\/\/www.andreas-edler.de\/blog\/wp-content\/uploads\/2023\/03\/2023-03-03-17.16.44-2048x760.jpg 2048w, https:\/\/www.andreas-edler.de\/blog\/wp-content\/uploads\/2023\/03\/2023-03-03-17.16.44-100x37.jpg 100w, https:\/\/www.andreas-edler.de\/blog\/wp-content\/uploads\/2023\/03\/2023-03-03-17.16.44-150x56.jpg 150w, https:\/\/www.andreas-edler.de\/blog\/wp-content\/uploads\/2023\/03\/2023-03-03-17.16.44-200x74.jpg 200w, https:\/\/www.andreas-edler.de\/blog\/wp-content\/uploads\/2023\/03\/2023-03-03-17.16.44-300x111.jpg 300w, https:\/\/www.andreas-edler.de\/blog\/wp-content\/uploads\/2023\/03\/2023-03-03-17.16.44-450x167.jpg 450w, https:\/\/www.andreas-edler.de\/blog\/wp-content\/uploads\/2023\/03\/2023-03-03-17.16.44-600x223.jpg 600w, https:\/\/www.andreas-edler.de\/blog\/wp-content\/uploads\/2023\/03\/2023-03-03-17.16.44-900x334.jpg 900w\" sizes=\"auto, (max-width: 470px) 100vw, 470px\" \/><\/a><figcaption id=\"caption-attachment-169623\" class=\"wp-caption-text\">Radweg auf der Deichkrone<\/figcaption><\/figure>\n<p>Und &#8222;ja&#8220;, da wird man sch\u00f6n drauf fahren k\u00f6nnen. Von der anderen Seite kommend, sieht das dann so aus:<\/p>\n<figure id=\"attachment_169625\" aria-describedby=\"caption-attachment-169625\" style=\"width: 470px\" class=\"wp-caption aligncenter\"><a href=\"https:\/\/www.andreas-edler.de\/blog\/wp-content\/uploads\/2023\/03\/2023-03-03-17.22.32_stitch.jpg\"><img loading=\"lazy\" decoding=\"async\" src=\"https:\/\/www.andreas-edler.de\/blog\/wp-content\/uploads\/2023\/03\/2023-03-03-17.22.32_stitch-470x137.jpg\" alt=\"\" width=\"470\" height=\"137\" class=\"size-large wp-image-169625\" srcset=\"https:\/\/www.andreas-edler.de\/blog\/wp-content\/uploads\/2023\/03\/2023-03-03-17.22.32_stitch-470x137.jpg 470w, https:\/\/www.andreas-edler.de\/blog\/wp-content\/uploads\/2023\/03\/2023-03-03-17.22.32_stitch-250x73.jpg 250w, https:\/\/www.andreas-edler.de\/blog\/wp-content\/uploads\/2023\/03\/2023-03-03-17.22.32_stitch-768x224.jpg 768w, https:\/\/www.andreas-edler.de\/blog\/wp-content\/uploads\/2023\/03\/2023-03-03-17.22.32_stitch-1536x447.jpg 1536w, https:\/\/www.andreas-edler.de\/blog\/wp-content\/uploads\/2023\/03\/2023-03-03-17.22.32_stitch-2048x596.jpg 2048w, https:\/\/www.andreas-edler.de\/blog\/wp-content\/uploads\/2023\/03\/2023-03-03-17.22.32_stitch-100x29.jpg 100w, https:\/\/www.andreas-edler.de\/blog\/wp-content\/uploads\/2023\/03\/2023-03-03-17.22.32_stitch-150x44.jpg 150w, https:\/\/www.andreas-edler.de\/blog\/wp-content\/uploads\/2023\/03\/2023-03-03-17.22.32_stitch-200x58.jpg 200w, https:\/\/www.andreas-edler.de\/blog\/wp-content\/uploads\/2023\/03\/2023-03-03-17.22.32_stitch-300x87.jpg 300w, https:\/\/www.andreas-edler.de\/blog\/wp-content\/uploads\/2023\/03\/2023-03-03-17.22.32_stitch-450x131.jpg 450w, https:\/\/www.andreas-edler.de\/blog\/wp-content\/uploads\/2023\/03\/2023-03-03-17.22.32_stitch-600x175.jpg 600w, https:\/\/www.andreas-edler.de\/blog\/wp-content\/uploads\/2023\/03\/2023-03-03-17.22.32_stitch-900x262.jpg 900w\" sizes=\"auto, (max-width: 470px) 100vw, 470px\" \/><\/a><figcaption id=\"caption-attachment-169625\" class=\"wp-caption-text\">Radweg vom Prinzenwinkel kommend.<\/figcaption><\/figure>\n<p>Von links oben im Bild kommt der Rad- und Gehweg vom Deich herunter, quert die K\u00f6ttelgasse der in der Flutmulde spazierenden Hundehalter und f\u00fchrt dann entweder an der Volksbank herauf zum Anschluss Richtung Werster Stra\u00dfe oder nach links unter der Eidinghausener entlang Richtung Werste. Also fast immer im Jahr.<\/p>\n<figure id=\"attachment_169626\" aria-describedby=\"caption-attachment-169626\" style=\"width: 470px\" class=\"wp-caption aligncenter\"><a href=\"https:\/\/www.andreas-edler.de\/blog\/wp-content\/uploads\/2023\/03\/2023-03-12-10.31.30_stitch.jpg\"><img loading=\"lazy\" decoding=\"async\" src=\"https:\/\/www.andreas-edler.de\/blog\/wp-content\/uploads\/2023\/03\/2023-03-12-10.31.30_stitch-470x155.jpg\" alt=\"\" width=\"470\" height=\"155\" class=\"size-large wp-image-169626\" srcset=\"https:\/\/www.andreas-edler.de\/blog\/wp-content\/uploads\/2023\/03\/2023-03-12-10.31.30_stitch-470x155.jpg 470w, https:\/\/www.andreas-edler.de\/blog\/wp-content\/uploads\/2023\/03\/2023-03-12-10.31.30_stitch-250x83.jpg 250w, https:\/\/www.andreas-edler.de\/blog\/wp-content\/uploads\/2023\/03\/2023-03-12-10.31.30_stitch-768x254.jpg 768w, https:\/\/www.andreas-edler.de\/blog\/wp-content\/uploads\/2023\/03\/2023-03-12-10.31.30_stitch-1536x508.jpg 1536w, https:\/\/www.andreas-edler.de\/blog\/wp-content\/uploads\/2023\/03\/2023-03-12-10.31.30_stitch-2048x677.jpg 2048w, https:\/\/www.andreas-edler.de\/blog\/wp-content\/uploads\/2023\/03\/2023-03-12-10.31.30_stitch-100x33.jpg 100w, https:\/\/www.andreas-edler.de\/blog\/wp-content\/uploads\/2023\/03\/2023-03-12-10.31.30_stitch-150x50.jpg 150w, https:\/\/www.andreas-edler.de\/blog\/wp-content\/uploads\/2023\/03\/2023-03-12-10.31.30_stitch-200x66.jpg 200w, https:\/\/www.andreas-edler.de\/blog\/wp-content\/uploads\/2023\/03\/2023-03-12-10.31.30_stitch-300x99.jpg 300w, https:\/\/www.andreas-edler.de\/blog\/wp-content\/uploads\/2023\/03\/2023-03-12-10.31.30_stitch-450x149.jpg 450w, https:\/\/www.andreas-edler.de\/blog\/wp-content\/uploads\/2023\/03\/2023-03-12-10.31.30_stitch-600x198.jpg 600w, https:\/\/www.andreas-edler.de\/blog\/wp-content\/uploads\/2023\/03\/2023-03-12-10.31.30_stitch-900x297.jpg 900w\" sizes=\"auto, (max-width: 470px) 100vw, 470px\" \/><\/a><figcaption id=\"caption-attachment-169626\" class=\"wp-caption-text\">Flutmulde ist zum \u00dcberfluten da.<\/figcaption><\/figure>\n<p>Manchmal aber eben auch nicht. Immer dann, wenn die Werre etwas h\u00f6heren Pegelstand hat, wird es unter Umst\u00e4nden nass an den F\u00fc\u00dfen. Denn die Flutmulde hei\u00dft tats\u00e4chlich nach ihrer Bestimmung so. Ein oder zwei Wochen im Jahr sieht das dann mindestens aus wie im Bild oben. Und ganz ehrlich, ich finde eine Radverkehrsinfrastruktur, die man nicht durchg\u00e4ngig nutzen kann, ist keine Radverkehrsinfrastruktur. Man stelle sich vor, so w\u00fcrden Stra\u00dfen f\u00fcr den motorisierten Verkehr geplant. &#8222;Oh, tut uns leid, in diesen zwei Wochen kannst Du hier nicht fahren, such Dir was anderes.&#8220; &#8211; die Planer w\u00fcrden weggejagt!<\/p>\n<p>Wie und wo m\u00f6chte man den Radverkehr in so einer Situation sinnvoll auf die Unbefahrbarkeit hinweisen? Aus der Vergangenheit wei\u00df ich: <a href=\"https:\/\/www.andreas-edler.de\/blog\/2013\/11\/bad-oeynhausen-hat-das-ganze-jahr-hochwasser\/\" rel=\"noopener\" target=\"_blank\">gar nicht<\/a>! Es wird wahrscheinlich einfach dauerhaft &#8222;Hochwasser&#8220; signanlisiert und als Radfahrender darf ich dann raten, an welchen Tagen das Schild zutrifft und wann nicht. In dem Fall an der Stelle nicht doll tragisch, weil ich einfach zehn Meter weiter zur <a href=\"https:\/\/www.andreas-edler.de\/blog\/tag\/eidinghausener-strasse\/\" rel=\"noopener\" target=\"_blank\">Eidinghausener<\/a> fahren kann. Aber deren kombinierter, benutzungspflichtiger Geh- und Radweg ist seit Jahrzehnten in einem katastrophalen Zustand und diese Umfahrung wird ja gerade gebaut, weil man daran nichts \u00e4ndern <s>m\u00f6chte<\/s> kann. Wenn das Wetter also schlecht ist, werde ich zur Strafe auch noch auf gef\u00e4hrliche Infrastruktur geleitet.<\/p>\n","protected":false},"excerpt":{"rendered":"<p>Zwischen der Stra\u00dfe Prinzenwinkel und In der Ahe wird eine Fu\u00dfverkehrs- und Radverkehrsbr\u00fccke gebaut. Keine vierhundert Meter entfernt zur Br\u00fccke der Eidinghausener Stra\u00dfe \u00fcber die Werre. Der Plan ist, den Radverkehr damit weg von der Eidinghausener Stra\u00dfe zu bekommen. So &hellip;<\/p>\n<p class=\"read-more\"> <a class=\"more-link\" href=\"https:\/\/www.andreas-edler.de\/blog\/2023\/03\/radweg-prinzenwinkel\/\"> <span class=\"screen-reader-text\">Radweg &#8222;Prinzenwinkel&#8220;<\/span> Weiterlesen &raquo;<\/a><\/p>\n","protected":false},"author":1,"featured_media":0,"comment_status":"open","ping_status":"open","sticky":false,"template":"","format":"standard","meta":{"ngg_post_thumbnail":0,"activitypub_content_warning":"","activitypub_content_visibility":"","activitypub_max_image_attachments":2,"activitypub_interaction_policy_quote":"anyone","activitypub_status":"","footnotes":""},"categories":[14,15,45,13],"tags":[477,262,110,319,326,251,168,412,511,510,483,241,374],"class_list":["post-169621","post","type-post","status-publish","format-standard","hentry","category-bad-oeynhausen","category-fahrrad","category-politik","category-verkehr","tag-alltagsradverkehr","tag-eidinghausener-strasse","tag-fahrradfreundliche-stadt","tag-flutmulde","tag-in-der-ahe","tag-infrastruktur","tag-klimafreundliche-mobilitaet","tag-mdrza","tag-mdrzs","tag-mit-dem-rad-zur-schule","tag-prinzenwinkel","tag-radverkehrsanlagen","tag-verkehrswende"],"share_on_mastodon":{"url":"","error":""},"_links":{"self":[{"href":"https:\/\/www.andreas-edler.de\/blog\/wp-json\/wp\/v2\/posts\/169621","targetHints":{"allow":["GET"]}}],"collection":[{"href":"https:\/\/www.andreas-edler.de\/blog\/wp-json\/wp\/v2\/posts"}],"about":[{"href":"https:\/\/www.andreas-edler.de\/blog\/wp-json\/wp\/v2\/types\/post"}],"author":[{"embeddable":true,"href":"https:\/\/www.andreas-edler.de\/blog\/wp-json\/wp\/v2\/users\/1"}],"replies":[{"embeddable":true,"href":"https:\/\/www.andreas-edler.de\/blog\/wp-json\/wp\/v2\/comments?post=169621"}],"version-history":[{"count":0,"href":"https:\/\/www.andreas-edler.de\/blog\/wp-json\/wp\/v2\/posts\/169621\/revisions"}],"wp:attachment":[{"href":"https:\/\/www.andreas-edler.de\/blog\/wp-json\/wp\/v2\/media?parent=169621"}],"wp:term":[{"taxonomy":"category","embeddable":true,"href":"https:\/\/www.andreas-edler.de\/blog\/wp-json\/wp\/v2\/categories?post=169621"},{"taxonomy":"post_tag","embeddable":true,"href":"https:\/\/www.andreas-edler.de\/blog\/wp-json\/wp\/v2\/tags?post=169621"}],"curies":[{"name":"wp","href":"https:\/\/api.w.org\/{rel}","templated":true}]}}