{"id":169574,"date":"2023-02-22T23:06:27","date_gmt":"2023-02-22T22:06:27","guid":{"rendered":"https:\/\/www.andreas-edler.de\/blog\/?p=169574"},"modified":"2023-02-27T08:57:34","modified_gmt":"2023-02-27T07:57:34","slug":"erneut-fahrradstrassen-beschlossen","status":"publish","type":"post","link":"https:\/\/www.andreas-edler.de\/blog\/2023\/02\/erneut-fahrradstrassen-beschlossen\/","title":{"rendered":"erneut Fahrradstra\u00dfen beschlossen"},"content":{"rendered":"<p><figure id=\"attachment_169577\" aria-describedby=\"caption-attachment-169577\" style=\"width: 250px\" class=\"wp-caption alignright\"><a href=\"https:\/\/www.andreas-edler.de\/blog\/wp-content\/uploads\/2023\/02\/20121127_fahrradstrasse.jpg\"><img loading=\"lazy\" decoding=\"async\" src=\"https:\/\/www.andreas-edler.de\/blog\/wp-content\/uploads\/2023\/02\/20121127_fahrradstrasse-250x131.jpg\" alt=\"\" width=\"250\" height=\"131\" class=\"size-medium wp-image-169577\" srcset=\"https:\/\/www.andreas-edler.de\/blog\/wp-content\/uploads\/2023\/02\/20121127_fahrradstrasse-250x131.jpg 250w, https:\/\/www.andreas-edler.de\/blog\/wp-content\/uploads\/2023\/02\/20121127_fahrradstrasse-100x52.jpg 100w, https:\/\/www.andreas-edler.de\/blog\/wp-content\/uploads\/2023\/02\/20121127_fahrradstrasse-150x79.jpg 150w, https:\/\/www.andreas-edler.de\/blog\/wp-content\/uploads\/2023\/02\/20121127_fahrradstrasse-200x105.jpg 200w, https:\/\/www.andreas-edler.de\/blog\/wp-content\/uploads\/2023\/02\/20121127_fahrradstrasse-300x157.jpg 300w, https:\/\/www.andreas-edler.de\/blog\/wp-content\/uploads\/2023\/02\/20121127_fahrradstrasse-450x236.jpg 450w, https:\/\/www.andreas-edler.de\/blog\/wp-content\/uploads\/2023\/02\/20121127_fahrradstrasse.jpg 470w\" sizes=\"auto, (max-width: 250px) 100vw, 250px\" \/><\/a><figcaption id=\"caption-attachment-169577\" class=\"wp-caption-text\">Fahrradstra\u00dfe &#8222;H\u00fcffer Stra\u00dfe&#8220; nach zwei Jahren endlich beschildert.<\/figcaption><\/figure> Wir haben in Bad Oeynhausen schon ein paar Fahrradstra\u00dfen. Bei der Stra\u00dfe &#8222;In der Ahe&#8220; ist das mehr so auf dem Papier, weil da eh kaum eine andere Verkehrsart unterwegs ist. Die &#8222;Bachstra\u00dfe&#8220;, die &#8222;H\u00fcffer Stra\u00dfe&#8220;, die &#8222;Bl\u00fccherstra\u00dfe&#8220; und die Stra\u00dfe &#8222;Im Leingarten&#8220; in Verbindung mit dem Zipfel &#8222;Schwarzer Weg&#8220; an der Einm\u00fcndung zur Eidinghausener Stra\u00dfe sind &#8222;normale&#8220; Stra\u00dfen, auf denen teilweise Schulwegrouten verlaufen. <a href=\"https:\/\/www.andreas-edler.de\/blog\/2010\/09\/fahrradstrasse-in-oberbecksen\/\" rel=\"noopener\" target=\"_blank\">Beschlossen haben wir die ersten Fahrradstra\u00dfen in 2010.<\/a> <a href=\"https:\/\/www.andreas-edler.de\/blog\/2012\/11\/fahrradstrasse-ist-eingerichtet\/\" rel=\"noopener\" target=\"_blank\">Ende 2012 waren die Schilder dann montiert.<\/a> Nur zwei Jahre hat die Verwaltung f\u00fcr diesen schweren Akt gebraucht! Sechs Jahre sp\u00e4ter wurden die <a href=\"https:\/\/www.andreas-edler.de\/blog\/2018\/12\/freigabe-der-fahrradstrassen-bach-und-bluecherstrasse-fuer-kfz\/\" rel=\"noopener\" target=\"_blank\">Fahrradstra\u00dfen dann wieder grunds\u00e4tzlich f\u00fcr den motorisierten Verkehr freigegeben<\/a>. <a href=\"https:\/\/www.andreas-edler.de\/blog\/2018\/11\/freigaben-der-fahrradstrassen-fuer-den-motorisierten-verkehr\/\" rel=\"noopener\" target=\"_blank\">Das war nat\u00fcrlich Quatsch<\/a> und ich habe vorher mit Engelszungen versucht, dies der Verwaltung klar zu machen. Hat nicht geklappt, <a href=\"https:\/\/www.andreas-edler.de\/blog\/2019\/01\/fahrradstrassen-werden-wieder-anlieger-frei\/\" rel=\"noopener\" target=\"_blank\">sie haben umbeschildert und die ganze Chose ein paar Monate sp\u00e4ter wieder zur\u00fcck gedreht<\/a>. Weil: wie gesagt, war Quatsch.<\/p>\n<p><figure id=\"attachment_164186\" aria-describedby=\"caption-attachment-164186\" style=\"width: 250px\" class=\"wp-caption alignright\"><a href=\"https:\/\/www.andreas-edler.de\/blog\/wp-content\/uploads\/2018\/09\/2018-08-03_einmuendung_am_hellberge.jpg\"><img loading=\"lazy\" decoding=\"async\" src=\"https:\/\/www.andreas-edler.de\/blog\/wp-content\/uploads\/2018\/09\/2018-08-03_einmuendung_am_hellberge-250x68.jpg\" alt=\"\" width=\"250\" height=\"68\" class=\"size-medium wp-image-164186\" srcset=\"https:\/\/www.andreas-edler.de\/blog\/wp-content\/uploads\/2018\/09\/2018-08-03_einmuendung_am_hellberge-250x68.jpg 250w, https:\/\/www.andreas-edler.de\/blog\/wp-content\/uploads\/2018\/09\/2018-08-03_einmuendung_am_hellberge-768x210.jpg 768w, https:\/\/www.andreas-edler.de\/blog\/wp-content\/uploads\/2018\/09\/2018-08-03_einmuendung_am_hellberge-470x129.jpg 470w, https:\/\/www.andreas-edler.de\/blog\/wp-content\/uploads\/2018\/09\/2018-08-03_einmuendung_am_hellberge-100x27.jpg 100w, https:\/\/www.andreas-edler.de\/blog\/wp-content\/uploads\/2018\/09\/2018-08-03_einmuendung_am_hellberge-150x41.jpg 150w, https:\/\/www.andreas-edler.de\/blog\/wp-content\/uploads\/2018\/09\/2018-08-03_einmuendung_am_hellberge-200x55.jpg 200w, https:\/\/www.andreas-edler.de\/blog\/wp-content\/uploads\/2018\/09\/2018-08-03_einmuendung_am_hellberge-300x82.jpg 300w, https:\/\/www.andreas-edler.de\/blog\/wp-content\/uploads\/2018\/09\/2018-08-03_einmuendung_am_hellberge-450x123.jpg 450w, https:\/\/www.andreas-edler.de\/blog\/wp-content\/uploads\/2018\/09\/2018-08-03_einmuendung_am_hellberge-600x164.jpg 600w, https:\/\/www.andreas-edler.de\/blog\/wp-content\/uploads\/2018\/09\/2018-08-03_einmuendung_am_hellberge-900x247.jpg 900w\" sizes=\"auto, (max-width: 250px) 100vw, 250px\" \/><\/a><figcaption id=\"caption-attachment-164186\" class=\"wp-caption-text\">Einm\u00fcndung Am Hellberge in die Weserstra\u00dfe<\/figcaption><\/figure> \u00dcberhaupt ist dieser ganze Irrsinn nur deshalb gemacht worden, weil ein paar &#8222;erweiterte Anlieger&#8220; &#8211; wie sich der damalige B\u00fcrgermeister ausdr\u00fcckte &#8211; pl\u00f6tzlich Angst hatten, von der Stra\u00dfe Am Hellberge in die Weserstra\u00dfe abzubiegen und nicht mehr bequem die Stra\u00dfe Heilenbrink zu nutzen. Ich behaupte heute immer noch, es geht nur um die Abk\u00fcrzung des Weges. Jedenfalls hat der B\u00fcrgermeister die <a href=\"https:\/\/www.andreas-edler.de\/blog\/2018\/09\/buergermeister-laesst-fahrradstrasse-pruefen\/\" rel=\"noopener\" target=\"_blank\">Fahrradstra\u00dfe H\u00fcffer Stra\u00dfe damals komplett f\u00fcr den motorisierten Verkehr ge\u00f6ffnet<\/a>, nachdem die Polizei dort tats\u00e4chlich mal den Anliegerverkehr kontrollierte und Tickets verteilt hatte.<\/p>\n<p><figure id=\"attachment_162693\" aria-describedby=\"caption-attachment-162693\" style=\"width: 250px\" class=\"wp-caption alignright\"><a href=\"https:\/\/www.andreas-edler.de\/blog\/wp-content\/uploads\/2017\/11\/20171115_kontrolle_fahrradstrasse.jpg\"><img loading=\"lazy\" decoding=\"async\" src=\"https:\/\/www.andreas-edler.de\/blog\/wp-content\/uploads\/2017\/11\/20171115_kontrolle_fahrradstrasse-250x132.jpg\" alt=\"\" width=\"250\" height=\"132\" class=\"size-medium wp-image-162693\" srcset=\"https:\/\/www.andreas-edler.de\/blog\/wp-content\/uploads\/2017\/11\/20171115_kontrolle_fahrradstrasse-250x132.jpg 250w, https:\/\/www.andreas-edler.de\/blog\/wp-content\/uploads\/2017\/11\/20171115_kontrolle_fahrradstrasse-768x404.jpg 768w, https:\/\/www.andreas-edler.de\/blog\/wp-content\/uploads\/2017\/11\/20171115_kontrolle_fahrradstrasse-470x247.jpg 470w, https:\/\/www.andreas-edler.de\/blog\/wp-content\/uploads\/2017\/11\/20171115_kontrolle_fahrradstrasse-100x53.jpg 100w, https:\/\/www.andreas-edler.de\/blog\/wp-content\/uploads\/2017\/11\/20171115_kontrolle_fahrradstrasse-150x79.jpg 150w, https:\/\/www.andreas-edler.de\/blog\/wp-content\/uploads\/2017\/11\/20171115_kontrolle_fahrradstrasse-200x105.jpg 200w, https:\/\/www.andreas-edler.de\/blog\/wp-content\/uploads\/2017\/11\/20171115_kontrolle_fahrradstrasse-300x158.jpg 300w, https:\/\/www.andreas-edler.de\/blog\/wp-content\/uploads\/2017\/11\/20171115_kontrolle_fahrradstrasse-450x237.jpg 450w, https:\/\/www.andreas-edler.de\/blog\/wp-content\/uploads\/2017\/11\/20171115_kontrolle_fahrradstrasse-600x316.jpg 600w, https:\/\/www.andreas-edler.de\/blog\/wp-content\/uploads\/2017\/11\/20171115_kontrolle_fahrradstrasse-900x474.jpg 900w, https:\/\/www.andreas-edler.de\/blog\/wp-content\/uploads\/2017\/11\/20171115_kontrolle_fahrradstrasse.jpg 1280w\" sizes=\"auto, (max-width: 250px) 100vw, 250px\" \/><\/a><figcaption id=\"caption-attachment-162693\" class=\"wp-caption-text\">Durchfahrende Autofahrer werden kontrolliert<\/figcaption><\/figure> Seitdem scheint sich in Bad Oeynhausen <a href=\"https:\/\/www.andreas-edler.de\/blog\/2018\/12\/kontrollen-in-der-fahrradstrasse-im-leingarten\/\" rel=\"noopener\" target=\"_blank\">niemand mehr daf\u00fcr zu interessieren, ob ein Schild &#8222;Anlieger frei&#8220; irgendwo h\u00e4ngt und wer so alles Fahrradstra\u00dfen zum Durchfahren nutzt<\/a>. Regelm\u00e4\u00dfige <a href=\"https:\/\/www.andreas-edler.de\/blog\/2017\/11\/kontrolle-in-der-fahrradstrasse\/\" rel=\"noopener\" target=\"_blank\">entsprechende Hinweise im Ausschuss f\u00fcr Stadtentwicklung wurden anfangs noch beachtet<\/a>, aber ich habe nicht den Eindruck, als w\u00fcrde da aktuell noch was passieren. Doch, wir haben ein <a href=\"https:\/\/www.andreas-edler.de\/blog\/2020\/03\/klimadialog-klimafreundliche-mobilitaet\/\" rel=\"noopener\" target=\"_blank\">Klimadialog &#8222;Klimafreundliche Mobilit\u00e4t&#8220;<\/a> in dessen Rahmen etliche Ma\u00dfnahmen beschlossen worden &#8211; die wir vorher auch schon mal alle auf der Tagesordnung hatten.<\/p>\n<p>Und nun? Nun wurden im letzten Ausschuss f\u00fcr Stadtentwicklung <a href=\"https:\/\/www.sitzungsdienst-bad-oeynhausen.de\/bi\/vo020.asp?VOLFDNR=11521\" rel=\"noopener\" target=\"_blank\">weitere Fahrradstra\u00dfen beschlossen<\/a>. Unter anderem, weil wir dann F\u00f6rdermittel f\u00fcr den Bau f\u00fcr Br\u00fccken bekommen. Nicht falsch verstehen, grunds\u00e4tzlich finde ich die Fahrradstra\u00dfen gut, aber wenn man die obigen Abs\u00e4tze liest, dann k\u00f6nnte man denken, dass es nicht so Ernst genommen wird mit dem, wie es in diesen Stra\u00dfen ablaufen sollte. Zudem glaube ich auch, dass nicht alles Ratskolleg\/innen wissen, was eine Fahrradstra\u00dfe ist. Anders kann ich mir den <a href=\"https:\/\/www.nw.de\/lokal\/kreis_minden_luebbecke\/bad_oeynhausen\/23484162_Fahrradstrasse-in-Bad-Oeynhausen-fuehrt-zum-Autohaus.html\" rel=\"noopener\" target=\"_blank\">Dissenz in der Abstimmung<\/a> nicht erkl\u00e4ren. Ich war krankheitsbedingt leider nicht dabei, aber sehr zufrieden damit, dass meine Parteifreund\/innen schnell geschaltet haben.<\/p>\n<p>Ehrlich gesagt verspreche ich mir von den beschlossenen Abschnitten exakt gar keine Auswirkungen auf die Sicherheit des Alltagsradverkehrs. Das sind lediglich Signalbeschl\u00fcsse. Auf den Stra\u00dfen gab es meines Wissens bisher schon keine Scherereien. Es sind Tempo-30-Zonen und Sackgassen. Kontrollen und Sanktionen, das w\u00e4re was! Zu dichtes \u00dcberholen, dr\u00e4ngeln, hupen, schneiden. T\u00e4gliches, nicht geahndetes Erleben. Und wenn ich sowas erw\u00e4hne, gibt es Ratskollegen, die dar\u00fcber auch noch lachen. Das ist das Problem.<\/p>\n","protected":false},"excerpt":{"rendered":"<p>Wir haben in Bad Oeynhausen schon ein paar Fahrradstra\u00dfen. Bei der Stra\u00dfe &#8222;In der Ahe&#8220; ist das mehr so auf dem Papier, weil da eh kaum eine andere Verkehrsart unterwegs ist. Die &#8222;Bachstra\u00dfe&#8220;, die &#8222;H\u00fcffer Stra\u00dfe&#8220;, die &#8222;Bl\u00fccherstra\u00dfe&#8220; und die &hellip;<\/p>\n<p class=\"read-more\"> <a class=\"more-link\" href=\"https:\/\/www.andreas-edler.de\/blog\/2023\/02\/erneut-fahrradstrassen-beschlossen\/\"> <span class=\"screen-reader-text\">erneut Fahrradstra\u00dfen beschlossen<\/span> Weiterlesen &raquo;<\/a><\/p>\n","protected":false},"author":1,"featured_media":0,"comment_status":"open","ping_status":"open","sticky":false,"template":"","format":"standard","meta":{"ngg_post_thumbnail":0,"activitypub_content_warning":"","activitypub_content_visibility":"","activitypub_max_image_attachments":2,"activitypub_interaction_policy_quote":"anyone","activitypub_status":"","footnotes":""},"categories":[14,15,45,13],"tags":[477,547,237,377,262,271,365,326,251,168,412,127,71,393,76,72],"class_list":["post-169574","post","type-post","status-publish","format-standard","hentry","category-bad-oeynhausen","category-fahrrad","category-politik","category-verkehr","tag-alltagsradverkehr","tag-am-kokturkanal","tag-ausschuss-fuer-stadtentwicklung","tag-bluecherstrasse","tag-eidinghausener-strasse","tag-fahrradstrasse","tag-hueffer-strasse","tag-in-der-ahe","tag-infrastruktur","tag-klimafreundliche-mobilitaet","tag-mdrza","tag-polizei","tag-regeln","tag-schwarzer-weg","tag-sicherheit","tag-verwaltung"],"share_on_mastodon":{"url":"","error":""},"_links":{"self":[{"href":"https:\/\/www.andreas-edler.de\/blog\/wp-json\/wp\/v2\/posts\/169574","targetHints":{"allow":["GET"]}}],"collection":[{"href":"https:\/\/www.andreas-edler.de\/blog\/wp-json\/wp\/v2\/posts"}],"about":[{"href":"https:\/\/www.andreas-edler.de\/blog\/wp-json\/wp\/v2\/types\/post"}],"author":[{"embeddable":true,"href":"https:\/\/www.andreas-edler.de\/blog\/wp-json\/wp\/v2\/users\/1"}],"replies":[{"embeddable":true,"href":"https:\/\/www.andreas-edler.de\/blog\/wp-json\/wp\/v2\/comments?post=169574"}],"version-history":[{"count":0,"href":"https:\/\/www.andreas-edler.de\/blog\/wp-json\/wp\/v2\/posts\/169574\/revisions"}],"wp:attachment":[{"href":"https:\/\/www.andreas-edler.de\/blog\/wp-json\/wp\/v2\/media?parent=169574"}],"wp:term":[{"taxonomy":"category","embeddable":true,"href":"https:\/\/www.andreas-edler.de\/blog\/wp-json\/wp\/v2\/categories?post=169574"},{"taxonomy":"post_tag","embeddable":true,"href":"https:\/\/www.andreas-edler.de\/blog\/wp-json\/wp\/v2\/tags?post=169574"}],"curies":[{"name":"wp","href":"https:\/\/api.w.org\/{rel}","templated":true}]}}