{"id":169494,"date":"2023-01-27T17:31:08","date_gmt":"2023-01-27T16:31:08","guid":{"rendered":"https:\/\/www.andreas-edler.de\/blog\/?p=169494"},"modified":"2023-01-27T17:31:08","modified_gmt":"2023-01-27T16:31:08","slug":"glasfaser-wer-baut-was-und-wo","status":"publish","type":"post","link":"https:\/\/www.andreas-edler.de\/blog\/2023\/01\/glasfaser-wer-baut-was-und-wo\/","title":{"rendered":"Glasfaser &#8211; wer baut was und wo?"},"content":{"rendered":"<p>Vor fast einem halben Jahr habe ich <a href=\"https:\/\/www.andreas-edler.de\/blog\/2022\/08\/greenfiber-anschluss-in-bad-oeynhausen-bei-gleichzeitiger-leitung-von-glasfaser-nord-west\/\" rel=\"noopener\" target=\"_blank\">in der ersten B\u00fcrgerinforunde gefragt, was passiert wenn in einer Stra\u00dfe ein anderer Anbieter und Greenfiber Auftr\u00e4ge zum Verlegen von Glasfaserleitungen bekommen<\/a> haben. Wird dann doppelt aufgerissen? &#8222;Nein, da wird man sich einigen!&#8220; war die schnelle Antwort, die mir vom Gesch\u00e4ftsf\u00fchrer der Stadtwerke gegeben wurde. Auf meine schriftliche Nachfrage wurde mir dies von Greenfiber allerdings nicht so best\u00e4tigt. <a href=\"https:\/\/www.andreas-edler.de\/blog\/2022\/08\/doppelte-glasfaserleitungen\/\" rel=\"noopener\" target=\"_blank\">Es wird doch zweimal gebuddelt.<\/a> Seitdem ist nicht viel passiert, au\u00dfer dass augenscheinlich das Quorum zum Ausbau durch Greenfiber in Bad Oeynhausen erreicht wurde.<\/p>\n<p>Als Antragsteller habe ich davon nur mitbekommen, wenn ich in entsprechende Ausschusssitzungen als Gast anwesend gewesen w\u00e4re, oder Zeitung gelesen h\u00e4tte. Weder von den Stadtwerken, noch von Greenfiber war oder ist etwas zu h\u00f6ren. Das ist ein bisschen schade. Gleichzeitig zu Greenfiber konnte man als B\u00fcrger in etlichen Stadtteilen von Bad Oeynhausen n\u00e4mlich auch bei anderen Anbietern einen Antrag auf Glasfaser stellen. Zu sehr, sehr \u00e4hnlichen Anschlusskonditionen. Und tats\u00e4chlich buddeln die &#8230; jetzt!<\/p>\n<p>In der Stra\u00dfe, in welcher meine Tante wohnt, ist dies der einzige Haushalt welcher (auf mein Reden hin) Freenfiber gew\u00e4hlt hat. Nun standen Anfang der Woche Menschen vor der T\u00fcr und verteilten Infozettel, dass es nun los geht. Falls man nicht beantragt hat, w\u00fcrde auch nichts gebuddelt. Nat\u00fcrlich ist meine Tante aufgeregt. Nicht mehr die J\u00fcngste und wei\u00df eh nicht, wo die Unterschiede zwischen den Anbietern sind. Bei wem klingelte wohl das Telefon und wer muss die aufgeregte Verwandschaft beruhigen und erkl\u00e4ren? Heute dann erneut Sturmklingeln bei Alex, bei meiner Schwerster und bei mir. Die Handwerker sind vor Ort und wollen wissen, wo der Hausanschluss hin soll?<\/p>\n<p>Da kann Greenfiber nichts dazu, das sind Subunternehmer von Glasfaser-Nordwest, mit denen meine Tante aufgrund einer wohl recht gro\u00dfen Sprachbarriere nicht vern\u00fcnftig kommunizieren konnte. Greenfiber tut zur Zeit nichts, die Konkurrenz m\u00f6chte einfach alle H\u00e4user mit anschlie\u00dfen, obwohl nichts beantragt wurde. L\u00e4uft hier bei uns. Was augenscheinlich nicht passiert ist, ist die avisierte Einigung, damit nicht doppelt die Stra\u00dfe aufgerissen werden muss. Was auch nicht passiert ist, ist eine zeitnahe Information der Antragsteller, damit man ungef\u00e4hr wei\u00df, wann und wie es weiter geht. Und aus der Erfahrung mit dem Anschluss meiner Schwester kann ich sagen, dass auch dann keine Kommunikation stattfindet, wenn das Kabel schon liegt.<\/p>\n<p>Was passiert eigentlich, wenn Glasfaser-Nordwest die Stra\u00dfe fertig angeschlossen hat und dann Greenfiber und die Stadtwerke &#8211; aus welchen Gr\u00fcnden auch immer &#8211; doch nicht an den Start kommen? Mir ist das hier egal, es gab keinen anderen Anbieter zu dem Zeitpunkt. Aber diejenigen, welche im Ausbaugebiet von Glasfaser-Nordwest wohnen und Greenfiber gew\u00e4hlt haben, die m\u00fcssten dann f\u00fcr ihren Hausanschluss ordentlich bezahlen.<\/p>\n<p>Und ich bin noch nicht einmal ungeduldig, hier l\u00e4uft alles bestens. Ich kann warten. Aber ein bisschen den Mund aufmachen ist immer hilfreich und beruhigt die Menschen. Ist ja nicht so, dass mich niemand auf das Thema anspricht. Und da kann ich dann nur berichten, was ich oben aufgeschrieben habe.<\/p>\n","protected":false},"excerpt":{"rendered":"<p>Vor fast einem halben Jahr habe ich in der ersten B\u00fcrgerinforunde gefragt, was passiert wenn in einer Stra\u00dfe ein anderer Anbieter und Greenfiber Auftr\u00e4ge zum Verlegen von Glasfaserleitungen bekommen haben. Wird dann doppelt aufgerissen? &#8222;Nein, da wird man sich einigen!&#8220; &hellip;<\/p>\n<p class=\"read-more\"> <a class=\"more-link\" href=\"https:\/\/www.andreas-edler.de\/blog\/2023\/01\/glasfaser-wer-baut-was-und-wo\/\"> <span class=\"screen-reader-text\">Glasfaser &#8211; wer baut was und wo?<\/span> Weiterlesen &raquo;<\/a><\/p>\n","protected":false},"author":1,"featured_media":0,"comment_status":"open","ping_status":"open","sticky":false,"template":"","format":"standard","meta":{"ngg_post_thumbnail":0,"activitypub_content_warning":"","activitypub_content_visibility":"","activitypub_max_image_attachments":2,"activitypub_interaction_policy_quote":"anyone","activitypub_status":"","footnotes":""},"categories":[14,45],"tags":[533,51,543,251,145,34,64,33,77,79,530],"class_list":["post-169494","post","type-post","status-publish","format-standard","hentry","category-bad-oeynhausen","category-politik","tag-breitband","tag-geld","tag-glasfaser","tag-infrastruktur","tag-internet","tag-kommunikation","tag-konsum","tag-service","tag-stadtrat","tag-stadtwerke","tag-telekommunikation"],"share_on_mastodon":{"url":"","error":""},"_links":{"self":[{"href":"https:\/\/www.andreas-edler.de\/blog\/wp-json\/wp\/v2\/posts\/169494","targetHints":{"allow":["GET"]}}],"collection":[{"href":"https:\/\/www.andreas-edler.de\/blog\/wp-json\/wp\/v2\/posts"}],"about":[{"href":"https:\/\/www.andreas-edler.de\/blog\/wp-json\/wp\/v2\/types\/post"}],"author":[{"embeddable":true,"href":"https:\/\/www.andreas-edler.de\/blog\/wp-json\/wp\/v2\/users\/1"}],"replies":[{"embeddable":true,"href":"https:\/\/www.andreas-edler.de\/blog\/wp-json\/wp\/v2\/comments?post=169494"}],"version-history":[{"count":0,"href":"https:\/\/www.andreas-edler.de\/blog\/wp-json\/wp\/v2\/posts\/169494\/revisions"}],"wp:attachment":[{"href":"https:\/\/www.andreas-edler.de\/blog\/wp-json\/wp\/v2\/media?parent=169494"}],"wp:term":[{"taxonomy":"category","embeddable":true,"href":"https:\/\/www.andreas-edler.de\/blog\/wp-json\/wp\/v2\/categories?post=169494"},{"taxonomy":"post_tag","embeddable":true,"href":"https:\/\/www.andreas-edler.de\/blog\/wp-json\/wp\/v2\/tags?post=169494"}],"curies":[{"name":"wp","href":"https:\/\/api.w.org\/{rel}","templated":true}]}}