{"id":169473,"date":"2023-01-18T19:49:46","date_gmt":"2023-01-18T18:49:46","guid":{"rendered":"https:\/\/www.andreas-edler.de\/blog\/?p=169473"},"modified":"2023-01-18T19:53:03","modified_gmt":"2023-01-18T18:53:03","slug":"autokilometer-in-2022","status":"publish","type":"post","link":"https:\/\/www.andreas-edler.de\/blog\/2023\/01\/autokilometer-in-2022\/","title":{"rendered":"Autokilometer in 2022"},"content":{"rendered":"<p>Ich erfasse alle Kosten und Kilometer in <a href=\"https:\/\/www.spritmonitor.de\/\" rel=\"noopener\" target=\"_blank\">Spritmonitor<\/a> (und einer simplen Tabelle), um einen kleinen \u00dcberblick zu haben, wieviel wir fahren und was das kostet. Beim Yeti ist tanken recht einfach zu erfassen, beim Fiat 500e haben wir erst seit letztem Mai eine Wallbox und seit kurzem kann die App erst die kumulierten Ladewerte anzeigen. Von daher war ich da immer schluderig und habe in sehr gro\u00dfen Abst\u00e4nden die Kilometer eingetragen und mich beim Verbrauch auf den Bordcomputer gest\u00fctzt.<\/p>\n<p>Elektrisch scheint g\u00fcnstiger zu sein.<\/p>\n<hr>\n<figure id=\"attachment_169480\" aria-describedby=\"caption-attachment-169480\" style=\"width: 250px\" class=\"wp-caption alignright\"><a href=\"https:\/\/www.andreas-edler.de\/blog\/wp-content\/uploads\/2023\/01\/2023-01-18-08.16.41.jpg\"><img loading=\"lazy\" decoding=\"async\" src=\"https:\/\/www.andreas-edler.de\/blog\/wp-content\/uploads\/2023\/01\/2023-01-18-08.16.41-250x152.jpg\" alt=\"\" width=\"250\" height=\"152\" class=\"size-medium wp-image-169480\" srcset=\"https:\/\/www.andreas-edler.de\/blog\/wp-content\/uploads\/2023\/01\/2023-01-18-08.16.41-250x152.jpg 250w, https:\/\/www.andreas-edler.de\/blog\/wp-content\/uploads\/2023\/01\/2023-01-18-08.16.41-470x285.jpg 470w, https:\/\/www.andreas-edler.de\/blog\/wp-content\/uploads\/2023\/01\/2023-01-18-08.16.41-768x466.jpg 768w, https:\/\/www.andreas-edler.de\/blog\/wp-content\/uploads\/2023\/01\/2023-01-18-08.16.41-1536x931.jpg 1536w, https:\/\/www.andreas-edler.de\/blog\/wp-content\/uploads\/2023\/01\/2023-01-18-08.16.41-2048x1242.jpg 2048w, https:\/\/www.andreas-edler.de\/blog\/wp-content\/uploads\/2023\/01\/2023-01-18-08.16.41-100x61.jpg 100w, https:\/\/www.andreas-edler.de\/blog\/wp-content\/uploads\/2023\/01\/2023-01-18-08.16.41-150x91.jpg 150w, https:\/\/www.andreas-edler.de\/blog\/wp-content\/uploads\/2023\/01\/2023-01-18-08.16.41-200x121.jpg 200w, https:\/\/www.andreas-edler.de\/blog\/wp-content\/uploads\/2023\/01\/2023-01-18-08.16.41-300x182.jpg 300w, https:\/\/www.andreas-edler.de\/blog\/wp-content\/uploads\/2023\/01\/2023-01-18-08.16.41-450x273.jpg 450w, https:\/\/www.andreas-edler.de\/blog\/wp-content\/uploads\/2023\/01\/2023-01-18-08.16.41-600x364.jpg 600w, https:\/\/www.andreas-edler.de\/blog\/wp-content\/uploads\/2023\/01\/2023-01-18-08.16.41-900x546.jpg 900w\" sizes=\"auto, (max-width: 250px) 100vw, 250px\" \/><\/a><figcaption id=\"caption-attachment-169480\" class=\"wp-caption-text\">Skoda Yeti 1.4 tsi DSG Monte Carlo \/ Columbus C5.0<\/figcaption><\/figure>\n<h3>Skoda Yeti 1.4 tsi DSG &#8211; Monte Carlo<\/h3>\n<table>\n<tr>\n<td>Abschreibung<\/td>\n<td style=\"text-align:right;\">4.139,27 \u20ac<\/td>\n<\/tr>\n<tr>\n<td>Benzin<br \/>681 Liter<\/td>\n<td style=\"text-align:right;\">1.345,02 \u20ac<\/td>\n<\/tr>\n<tr>\n<td>Maut<\/td>\n<td style=\"text-align:right;\">95,82 \u20ac<\/td>\n<\/tr>\n<tr>\n<td>Wartung<\/td>\n<td style=\"text-align:right;\">168,39 \u20ac<\/td>\n<\/tr>\n<tr>\n<td>\u00d6lwechsel\/Wartung<\/td>\n<td style=\"text-align:right;\">-798,75 \u20ac<\/td>\n<\/tr>\n<tr>\n<td>Summe Kosten<\/td>\n<td style=\"text-align:right;\">6.378,86 \u20ac<\/td>\n<\/tr>\n<tr>\n<td>Fahrzeugkosten in EUR\/km<\/td>\n<td style=\"text-align:right;\">1,10 \u20ac<\/td>\n<\/tr>\n<\/table>\n<p>Zur\u00fcckgelegte Strecke: 5.801 km (53.072 km bis 58.873 km)<br \/>\nDavon 2.538 Kilometer w\u00e4hrend des <a href=\"https:\/\/www.andreas-edler.de\/blog\/urlaub\/kroatien-2022\/\" rel=\"noopener\" target=\"_blank\">Sommerurlaubs in Kroatien<\/a>.<br \/>\nBetrachteter Zeitraum: 27.12.2021 bis 12.12.2022 (350 Tage)<\/p>\n<hr>\n<figure id=\"attachment_169483\" aria-describedby=\"caption-attachment-169483\" style=\"width: 250px\" class=\"wp-caption alignright\"><a href=\"https:\/\/www.andreas-edler.de\/blog\/wp-content\/uploads\/2023\/01\/IMG-20220326-WA0000.jpg\"><img loading=\"lazy\" decoding=\"async\" src=\"https:\/\/www.andreas-edler.de\/blog\/wp-content\/uploads\/2023\/01\/IMG-20220326-WA0000-250x136.jpg\" alt=\"\" width=\"250\" height=\"136\" class=\"size-medium wp-image-169483\" srcset=\"https:\/\/www.andreas-edler.de\/blog\/wp-content\/uploads\/2023\/01\/IMG-20220326-WA0000-250x136.jpg 250w, https:\/\/www.andreas-edler.de\/blog\/wp-content\/uploads\/2023\/01\/IMG-20220326-WA0000-470x256.jpg 470w, https:\/\/www.andreas-edler.de\/blog\/wp-content\/uploads\/2023\/01\/IMG-20220326-WA0000-768x418.jpg 768w, https:\/\/www.andreas-edler.de\/blog\/wp-content\/uploads\/2023\/01\/IMG-20220326-WA0000-1536x835.jpg 1536w, https:\/\/www.andreas-edler.de\/blog\/wp-content\/uploads\/2023\/01\/IMG-20220326-WA0000-2048x1114.jpg 2048w, https:\/\/www.andreas-edler.de\/blog\/wp-content\/uploads\/2023\/01\/IMG-20220326-WA0000-100x54.jpg 100w, https:\/\/www.andreas-edler.de\/blog\/wp-content\/uploads\/2023\/01\/IMG-20220326-WA0000-150x82.jpg 150w, https:\/\/www.andreas-edler.de\/blog\/wp-content\/uploads\/2023\/01\/IMG-20220326-WA0000-200x109.jpg 200w, https:\/\/www.andreas-edler.de\/blog\/wp-content\/uploads\/2023\/01\/IMG-20220326-WA0000-300x163.jpg 300w, https:\/\/www.andreas-edler.de\/blog\/wp-content\/uploads\/2023\/01\/IMG-20220326-WA0000-450x245.jpg 450w, https:\/\/www.andreas-edler.de\/blog\/wp-content\/uploads\/2023\/01\/IMG-20220326-WA0000-600x326.jpg 600w, https:\/\/www.andreas-edler.de\/blog\/wp-content\/uploads\/2023\/01\/IMG-20220326-WA0000-900x489.jpg 900w\" sizes=\"auto, (max-width: 250px) 100vw, 250px\" \/><\/a><figcaption id=\"caption-attachment-169483\" class=\"wp-caption-text\">Andreas tankt den Fiat 500e<\/figcaption><\/figure>\n<h3>Fiat 500e<\/h3>\n<table>\n<tr>\n<td>Abschreibung<\/td>\n<td style=\"text-align:right;\">3.774,02 \u20ac<\/td>\n<\/tr>\n<tr>\n<td>Strom<br \/>ca. 1.783 kWh zu je ca. 22,5 Cent<\/td>\n<td style=\"text-align:right;\">401,59 \u20ac<\/td>\n<\/tr>\n<tr>\n<td>Reifenwechsel<\/td>\n<td style=\"text-align:right;\">29,00 \u20ac<\/td>\n<\/tr>\n<tr>\n<td>Wartung<\/td>\n<td style=\"text-align:right;\">168,39 \u20ac<\/td>\n<\/tr>\n<tr>\n<td>Erstattung<br \/>THG-Quote<\/td>\n<td style=\"text-align:right;\">-300,00 \u20ac<\/td>\n<\/tr>\n<tr>\n<td>Summe Kosten<\/td>\n<td style=\"text-align:right;\">4.073,00 \u20ac<\/td>\n<\/tr>\n<tr>\n<td>Fahrzeugkosten in EUR\/km<\/td>\n<td style=\"text-align:right;\">0,40 \u20ac<\/td>\n<\/tr>\n<\/table>\n<p>Zur\u00fcckgelegte Strecke: 10.254 km (4.254 km bis 14.508 km)<br \/>\nDavon 2.000 Kilometer beim <a href=\"https:\/\/www.andreas-edler.de\/blog\/2022\/04\/6-tage-und-2-000-kilometer-mit-dem-fiat-500e\/\" rel=\"noopener\" target=\"_blank\">Kurzurlaub in der Schweiz<\/a>.<br \/>\nBetrachteter Zeitraum: 22.01.2022 bis 18.01.2023 (361 Tage)<\/p>\n","protected":false},"excerpt":{"rendered":"<p>Ich erfasse alle Kosten und Kilometer in Spritmonitor (und einer simplen Tabelle), um einen kleinen \u00dcberblick zu haben, wieviel wir fahren und was das kostet. Beim Yeti ist tanken recht einfach zu erfassen, beim Fiat 500e haben wir erst seit &hellip;<\/p>\n<p class=\"read-more\"> <a class=\"more-link\" href=\"https:\/\/www.andreas-edler.de\/blog\/2023\/01\/autokilometer-in-2022\/\"> <span class=\"screen-reader-text\">Autokilometer in 2022<\/span> Weiterlesen &raquo;<\/a><\/p>\n","protected":false},"author":1,"featured_media":0,"comment_status":"open","ping_status":"open","sticky":false,"template":"","format":"standard","meta":{"ngg_post_thumbnail":0,"activitypub_content_warning":"","activitypub_content_visibility":"","activitypub_max_image_attachments":2,"activitypub_interaction_policy_quote":"anyone","activitypub_status":"","footnotes":""},"categories":[1,13],"tags":[37,239,514,64,209,226,221],"class_list":["post-169473","post","type-post","status-publish","format-standard","hentry","category-allgemein","category-verkehr","tag-auto","tag-elektromobilitaet","tag-fiat-500e","tag-konsum","tag-skoda-yeti","tag-statistik","tag-verkehr"],"share_on_mastodon":{"url":"","error":""},"_links":{"self":[{"href":"https:\/\/www.andreas-edler.de\/blog\/wp-json\/wp\/v2\/posts\/169473","targetHints":{"allow":["GET"]}}],"collection":[{"href":"https:\/\/www.andreas-edler.de\/blog\/wp-json\/wp\/v2\/posts"}],"about":[{"href":"https:\/\/www.andreas-edler.de\/blog\/wp-json\/wp\/v2\/types\/post"}],"author":[{"embeddable":true,"href":"https:\/\/www.andreas-edler.de\/blog\/wp-json\/wp\/v2\/users\/1"}],"replies":[{"embeddable":true,"href":"https:\/\/www.andreas-edler.de\/blog\/wp-json\/wp\/v2\/comments?post=169473"}],"version-history":[{"count":0,"href":"https:\/\/www.andreas-edler.de\/blog\/wp-json\/wp\/v2\/posts\/169473\/revisions"}],"wp:attachment":[{"href":"https:\/\/www.andreas-edler.de\/blog\/wp-json\/wp\/v2\/media?parent=169473"}],"wp:term":[{"taxonomy":"category","embeddable":true,"href":"https:\/\/www.andreas-edler.de\/blog\/wp-json\/wp\/v2\/categories?post=169473"},{"taxonomy":"post_tag","embeddable":true,"href":"https:\/\/www.andreas-edler.de\/blog\/wp-json\/wp\/v2\/tags?post=169473"}],"curies":[{"name":"wp","href":"https:\/\/api.w.org\/{rel}","templated":true}]}}