{"id":169417,"date":"2023-01-01T11:27:17","date_gmt":"2023-01-01T10:27:17","guid":{"rendered":"https:\/\/www.andreas-edler.de\/blog\/?p=169417"},"modified":"2023-01-01T11:27:17","modified_gmt":"2023-01-01T10:27:17","slug":"2023-ist-gerade-eingetroffen","status":"publish","type":"post","link":"https:\/\/www.andreas-edler.de\/blog\/2023\/01\/2023-ist-gerade-eingetroffen\/","title":{"rendered":"2023 ist gerade eingetroffen"},"content":{"rendered":"<p>Ich w\u00fcnsche allen, dass es besser wird, als die vorhergehenden 365 Tage. 2022 war ein Jahr zum Abhaken. Von daher kann es ja eigentlich nur besser werden.<\/p>\n<figure id=\"attachment_169418\" aria-describedby=\"caption-attachment-169418\" style=\"width: 470px\" class=\"wp-caption aligncenter\"><a href=\"https:\/\/www.andreas-edler.de\/blog\/wp-content\/uploads\/2023\/01\/2023-01-01-00.01.54.png\"><img loading=\"lazy\" decoding=\"async\" src=\"https:\/\/www.andreas-edler.de\/blog\/wp-content\/uploads\/2023\/01\/2023-01-01-00.01.54-470x121.png\" alt=\"\" width=\"470\" height=\"121\" class=\"size-large wp-image-169418\" srcset=\"https:\/\/www.andreas-edler.de\/blog\/wp-content\/uploads\/2023\/01\/2023-01-01-00.01.54-470x121.png 470w, https:\/\/www.andreas-edler.de\/blog\/wp-content\/uploads\/2023\/01\/2023-01-01-00.01.54-250x64.png 250w, https:\/\/www.andreas-edler.de\/blog\/wp-content\/uploads\/2023\/01\/2023-01-01-00.01.54-768x197.png 768w, https:\/\/www.andreas-edler.de\/blog\/wp-content\/uploads\/2023\/01\/2023-01-01-00.01.54-1536x395.png 1536w, https:\/\/www.andreas-edler.de\/blog\/wp-content\/uploads\/2023\/01\/2023-01-01-00.01.54-2048x527.png 2048w, https:\/\/www.andreas-edler.de\/blog\/wp-content\/uploads\/2023\/01\/2023-01-01-00.01.54-100x26.png 100w, https:\/\/www.andreas-edler.de\/blog\/wp-content\/uploads\/2023\/01\/2023-01-01-00.01.54-150x39.png 150w, https:\/\/www.andreas-edler.de\/blog\/wp-content\/uploads\/2023\/01\/2023-01-01-00.01.54-200x51.png 200w, https:\/\/www.andreas-edler.de\/blog\/wp-content\/uploads\/2023\/01\/2023-01-01-00.01.54-300x77.png 300w, https:\/\/www.andreas-edler.de\/blog\/wp-content\/uploads\/2023\/01\/2023-01-01-00.01.54-450x116.png 450w, https:\/\/www.andreas-edler.de\/blog\/wp-content\/uploads\/2023\/01\/2023-01-01-00.01.54-600x154.png 600w, https:\/\/www.andreas-edler.de\/blog\/wp-content\/uploads\/2023\/01\/2023-01-01-00.01.54-900x231.png 900w\" sizes=\"auto, (max-width: 470px) 100vw, 470px\" \/><\/a><figcaption id=\"caption-attachment-169418\" class=\"wp-caption-text\">Blick \u00fcber Eidinghausen Richtung Werste, zwei Minuten nach Mitternacht.<\/figcaption><\/figure>\n<p>Hoffentlich wird endlich mit der notwendigen Ernsthaftigkeit und Konsequenz etwas f\u00fcr das Klima getan. Das schont letztendlich auch den Geldbeutel der B\u00fcrger. Und vielleicht werden letztere auch endlich vern\u00fcnftiger. Wenn ich an die Martinsh\u00f6rner in der letzten Nacht denke, habe ich meine Zweifel.<\/p>\n","protected":false},"excerpt":{"rendered":"<p>Ich w\u00fcnsche allen, dass es besser wird, als die vorhergehenden 365 Tage. 2022 war ein Jahr zum Abhaken. Von daher kann es ja eigentlich nur besser werden. Hoffentlich wird endlich mit der notwendigen Ernsthaftigkeit und Konsequenz etwas f\u00fcr das Klima &hellip;<\/p>\n<p class=\"read-more\"> <a class=\"more-link\" href=\"https:\/\/www.andreas-edler.de\/blog\/2023\/01\/2023-ist-gerade-eingetroffen\/\"> <span class=\"screen-reader-text\">2023 ist gerade eingetroffen<\/span> Weiterlesen &raquo;<\/a><\/p>\n","protected":false},"author":1,"featured_media":169419,"comment_status":"open","ping_status":"open","sticky":false,"template":"","format":"standard","meta":{"ngg_post_thumbnail":0,"activitypub_content_warning":"","activitypub_content_visibility":"","activitypub_max_image_attachments":2,"activitypub_interaction_policy_quote":"anyone","activitypub_status":"","footnotes":""},"categories":[14,1],"tags":[362,21,310,311],"class_list":["post-169417","post","type-post","status-publish","format-standard","has-post-thumbnail","hentry","category-bad-oeynhausen","category-allgemein","tag-doergen","tag-feier","tag-feuerwerk","tag-silvester"],"share_on_mastodon":{"url":"","error":""},"_links":{"self":[{"href":"https:\/\/www.andreas-edler.de\/blog\/wp-json\/wp\/v2\/posts\/169417","targetHints":{"allow":["GET"]}}],"collection":[{"href":"https:\/\/www.andreas-edler.de\/blog\/wp-json\/wp\/v2\/posts"}],"about":[{"href":"https:\/\/www.andreas-edler.de\/blog\/wp-json\/wp\/v2\/types\/post"}],"author":[{"embeddable":true,"href":"https:\/\/www.andreas-edler.de\/blog\/wp-json\/wp\/v2\/users\/1"}],"replies":[{"embeddable":true,"href":"https:\/\/www.andreas-edler.de\/blog\/wp-json\/wp\/v2\/comments?post=169417"}],"version-history":[{"count":0,"href":"https:\/\/www.andreas-edler.de\/blog\/wp-json\/wp\/v2\/posts\/169417\/revisions"}],"wp:featuredmedia":[{"embeddable":true,"href":"https:\/\/www.andreas-edler.de\/blog\/wp-json\/wp\/v2\/media\/169419"}],"wp:attachment":[{"href":"https:\/\/www.andreas-edler.de\/blog\/wp-json\/wp\/v2\/media?parent=169417"}],"wp:term":[{"taxonomy":"category","embeddable":true,"href":"https:\/\/www.andreas-edler.de\/blog\/wp-json\/wp\/v2\/categories?post=169417"},{"taxonomy":"post_tag","embeddable":true,"href":"https:\/\/www.andreas-edler.de\/blog\/wp-json\/wp\/v2\/tags?post=169417"}],"curies":[{"name":"wp","href":"https:\/\/api.w.org\/{rel}","templated":true}]}}