{"id":169389,"date":"2022-12-24T16:06:44","date_gmt":"2022-12-24T15:06:44","guid":{"rendered":"https:\/\/www.andreas-edler.de\/blog\/?p=169389"},"modified":"2022-12-24T16:06:44","modified_gmt":"2022-12-24T15:06:44","slug":"baumscheibe-an-der-portastrasse","status":"publish","type":"post","link":"https:\/\/www.andreas-edler.de\/blog\/2022\/12\/baumscheibe-an-der-portastrasse\/","title":{"rendered":"Baumscheibe an der Portastra\u00dfe"},"content":{"rendered":"<p><figure id=\"attachment_169390\" aria-describedby=\"caption-attachment-169390\" style=\"width: 250px\" class=\"wp-caption alignright\"><a href=\"https:\/\/www.andreas-edler.de\/blog\/wp-content\/uploads\/2022\/12\/2022-12-24_15-38-57.png\"><img loading=\"lazy\" decoding=\"async\" src=\"https:\/\/www.andreas-edler.de\/blog\/wp-content\/uploads\/2022\/12\/2022-12-24_15-38-57-250x190.png\" alt=\"\" width=\"250\" height=\"190\" class=\"size-medium wp-image-169390\" srcset=\"https:\/\/www.andreas-edler.de\/blog\/wp-content\/uploads\/2022\/12\/2022-12-24_15-38-57-250x190.png 250w, https:\/\/www.andreas-edler.de\/blog\/wp-content\/uploads\/2022\/12\/2022-12-24_15-38-57-470x358.png 470w, https:\/\/www.andreas-edler.de\/blog\/wp-content\/uploads\/2022\/12\/2022-12-24_15-38-57-100x76.png 100w, https:\/\/www.andreas-edler.de\/blog\/wp-content\/uploads\/2022\/12\/2022-12-24_15-38-57-150x114.png 150w, https:\/\/www.andreas-edler.de\/blog\/wp-content\/uploads\/2022\/12\/2022-12-24_15-38-57-200x152.png 200w, https:\/\/www.andreas-edler.de\/blog\/wp-content\/uploads\/2022\/12\/2022-12-24_15-38-57-300x228.png 300w, https:\/\/www.andreas-edler.de\/blog\/wp-content\/uploads\/2022\/12\/2022-12-24_15-38-57-450x342.png 450w, https:\/\/www.andreas-edler.de\/blog\/wp-content\/uploads\/2022\/12\/2022-12-24_15-38-57.png 598w\" sizes=\"auto, (max-width: 250px) 100vw, 250px\" \/><\/a><figcaption id=\"caption-attachment-169390\" class=\"wp-caption-text\">Tweet vom 13.08.2021<\/figcaption><\/figure> Im August des letzten Jahres wurde an der Portastra\u00dfe, genau neben der Einfahrt zum Kundenparkplatz der Sparkasse Bad Oeynhausen &#8211; Porta Westfalica, ein Baum abges\u00e4gt. Dies geschah im Rahmen von Pflasterarbeiten am dortigen Gehweg. Ich fand das nicht wirklich gut, weil die Schnittfl\u00e4che des Baumstamms keinerlei Zeichen einer Besch\u00e4digung oder Krankheit aufwies. Das habe ich auf Twitter auch so kund getan. Daraufhin erreichte mich die Nachricht, dass der Baum wohl schon recht trocken war und nur noch sehr, sehr wenige Bl\u00e4tter gehabt hatte.<\/p>\n<figure id=\"attachment_169392\" aria-describedby=\"caption-attachment-169392\" style=\"width: 470px\" class=\"wp-caption aligncenter\"><a href=\"https:\/\/www.andreas-edler.de\/blog\/wp-content\/uploads\/2022\/12\/portastrasse-abgesaegter.baum_02.jpeg\"><img loading=\"lazy\" decoding=\"async\" src=\"https:\/\/www.andreas-edler.de\/blog\/wp-content\/uploads\/2022\/12\/portastrasse-abgesaegter.baum_02-470x353.jpeg\" alt=\"\" width=\"470\" height=\"353\" class=\"size-large wp-image-169392\" srcset=\"https:\/\/www.andreas-edler.de\/blog\/wp-content\/uploads\/2022\/12\/portastrasse-abgesaegter.baum_02-470x353.jpeg 470w, https:\/\/www.andreas-edler.de\/blog\/wp-content\/uploads\/2022\/12\/portastrasse-abgesaegter.baum_02-250x188.jpeg 250w, https:\/\/www.andreas-edler.de\/blog\/wp-content\/uploads\/2022\/12\/portastrasse-abgesaegter.baum_02-768x576.jpeg 768w, https:\/\/www.andreas-edler.de\/blog\/wp-content\/uploads\/2022\/12\/portastrasse-abgesaegter.baum_02-1536x1152.jpeg 1536w, https:\/\/www.andreas-edler.de\/blog\/wp-content\/uploads\/2022\/12\/portastrasse-abgesaegter.baum_02-100x75.jpeg 100w, https:\/\/www.andreas-edler.de\/blog\/wp-content\/uploads\/2022\/12\/portastrasse-abgesaegter.baum_02-150x113.jpeg 150w, https:\/\/www.andreas-edler.de\/blog\/wp-content\/uploads\/2022\/12\/portastrasse-abgesaegter.baum_02-200x150.jpeg 200w, https:\/\/www.andreas-edler.de\/blog\/wp-content\/uploads\/2022\/12\/portastrasse-abgesaegter.baum_02-300x225.jpeg 300w, https:\/\/www.andreas-edler.de\/blog\/wp-content\/uploads\/2022\/12\/portastrasse-abgesaegter.baum_02-450x338.jpeg 450w, https:\/\/www.andreas-edler.de\/blog\/wp-content\/uploads\/2022\/12\/portastrasse-abgesaegter.baum_02-600x450.jpeg 600w, https:\/\/www.andreas-edler.de\/blog\/wp-content\/uploads\/2022\/12\/portastrasse-abgesaegter.baum_02-900x675.jpeg 900w, https:\/\/www.andreas-edler.de\/blog\/wp-content\/uploads\/2022\/12\/portastrasse-abgesaegter.baum_02.jpeg 2048w\" sizes=\"auto, (max-width: 470px) 100vw, 470px\" \/><\/a><figcaption id=\"caption-attachment-169392\" class=\"wp-caption-text\">Abges\u00e4gt wegen Trockenheit<\/figcaption><\/figure>\n<p>Auch wenn ich praktisch f\u00fcnf Tage in der Woche diesen Baum sehe bzw. sah, ist mir dies nicht aufgefallen. Das muss aber nichts hei\u00dfen. Bei sowas mag man sich aus Gewohnheit schnell t\u00e4uschen.<\/p>\n<figure id=\"attachment_169396\" aria-describedby=\"caption-attachment-169396\" style=\"width: 250px\" class=\"wp-caption alignright\"><a href=\"https:\/\/www.andreas-edler.de\/blog\/wp-content\/uploads\/2022\/12\/2022-12-24_15-39-34.png\"><img loading=\"lazy\" decoding=\"async\" src=\"https:\/\/www.andreas-edler.de\/blog\/wp-content\/uploads\/2022\/12\/2022-12-24_15-39-34-250x247.png\" alt=\"\" width=\"250\" height=\"247\" class=\"size-medium wp-image-169396\" srcset=\"https:\/\/www.andreas-edler.de\/blog\/wp-content\/uploads\/2022\/12\/2022-12-24_15-39-34-250x247.png 250w, https:\/\/www.andreas-edler.de\/blog\/wp-content\/uploads\/2022\/12\/2022-12-24_15-39-34-470x464.png 470w, https:\/\/www.andreas-edler.de\/blog\/wp-content\/uploads\/2022\/12\/2022-12-24_15-39-34-100x99.png 100w, https:\/\/www.andreas-edler.de\/blog\/wp-content\/uploads\/2022\/12\/2022-12-24_15-39-34-150x148.png 150w, https:\/\/www.andreas-edler.de\/blog\/wp-content\/uploads\/2022\/12\/2022-12-24_15-39-34-200x198.png 200w, https:\/\/www.andreas-edler.de\/blog\/wp-content\/uploads\/2022\/12\/2022-12-24_15-39-34-300x296.png 300w, https:\/\/www.andreas-edler.de\/blog\/wp-content\/uploads\/2022\/12\/2022-12-24_15-39-34-450x445.png 450w, https:\/\/www.andreas-edler.de\/blog\/wp-content\/uploads\/2022\/12\/2022-12-24_15-39-34.png 598w\" sizes=\"auto, (max-width: 250px) 100vw, 250px\" \/><\/a><figcaption id=\"caption-attachment-169396\" class=\"wp-caption-text\">Ein Jahr nach dem Entfall des Baumes.<\/figcaption><\/figure>\n<p>Ein Jahr sp\u00e4ter sah die Ecke dann so aus, wie jede nicht gepflasterte oder asphaltierte Stelle aussieht, die von Menschen mit einem Kraftfahrzeug erreichbar sind: ausgefahren, verdichtet, verkrautet! Das bisschen Gr\u00fcn ist ja schon ein Gl\u00fccksfall! Wundert mich, dass da niemand dr\u00fcber gebrettert ist, oder gleich dort parkte. Allerdings h\u00e4tte es auch so ausgesehen, wenn jemand die Baumscheibe sch\u00f6n fertig gemacht und einen neuen Baum gepflanzt h\u00e4tte.<\/p>\n<p>Warum ich mir da sicher bin? <a href=\"https:\/\/www.andreas-edler.de\/blog\/2022\/01\/neuer-baum-an-der-portastrasse-kein-schutz\/\" rel=\"noopener\" target=\"_blank\">Nun, weil es zwanzig Meter weiter auf der gegen\u00fcberliegenden Seite der Portastra\u00dfe genau so gewesen ist!<\/a> Diese Ignoranz der Autofahrenden m\u00fcndete in einem <a href=\"https:\/\/www.gruene-badoeynhausen.de\/wp\/2022\/04\/antrag-absicherung-von-baumscheiben-im-stadtgebiet-von-bad-oeynhausen\/\" rel=\"noopener\" target=\"_blank\">Antrag der Gr\u00fcnen in Bad Oeynhausen, dass die Baumscheiben doch bitte mit Rammb\u00fcgeln abgesichert werden sollten<\/a>. Der wurde auch <a href=\"https:\/\/www.sitzungsdienst-bad-oeynhausen.de\/bi\/vo020.asp?VOLFDNR=11219\" rel=\"noopener\" target=\"_blank\">mehrheitlich angenommen<\/a>, aber leider gibt es noch nirgends &#8211; richtig: mir ist bis jetzt nichts bekannt &#8211; Umsetzung zu sehen. Mittel sind allerdings auch erst f\u00fcr 2023 im Haushalt eingestellt.<\/p>\n<p><figure id=\"attachment_169395\" aria-describedby=\"caption-attachment-169395\" style=\"width: 250px\" class=\"wp-caption alignright\"><a href=\"https:\/\/www.andreas-edler.de\/blog\/wp-content\/uploads\/2022\/12\/2022-12-24_15-39-55.png\"><img loading=\"lazy\" decoding=\"async\" src=\"https:\/\/www.andreas-edler.de\/blog\/wp-content\/uploads\/2022\/12\/2022-12-24_15-39-55-250x153.png\" alt=\"\" width=\"250\" height=\"153\" class=\"size-medium wp-image-169395\" srcset=\"https:\/\/www.andreas-edler.de\/blog\/wp-content\/uploads\/2022\/12\/2022-12-24_15-39-55-250x153.png 250w, https:\/\/www.andreas-edler.de\/blog\/wp-content\/uploads\/2022\/12\/2022-12-24_15-39-55-470x288.png 470w, https:\/\/www.andreas-edler.de\/blog\/wp-content\/uploads\/2022\/12\/2022-12-24_15-39-55-100x61.png 100w, https:\/\/www.andreas-edler.de\/blog\/wp-content\/uploads\/2022\/12\/2022-12-24_15-39-55-150x92.png 150w, https:\/\/www.andreas-edler.de\/blog\/wp-content\/uploads\/2022\/12\/2022-12-24_15-39-55-200x123.png 200w, https:\/\/www.andreas-edler.de\/blog\/wp-content\/uploads\/2022\/12\/2022-12-24_15-39-55-300x184.png 300w, https:\/\/www.andreas-edler.de\/blog\/wp-content\/uploads\/2022\/12\/2022-12-24_15-39-55-450x276.png 450w, https:\/\/www.andreas-edler.de\/blog\/wp-content\/uploads\/2022\/12\/2022-12-24_15-39-55.png 598w\" sizes=\"auto, (max-width: 250px) 100vw, 250px\" \/><\/a><figcaption id=\"caption-attachment-169395\" class=\"wp-caption-text\">Im Herbst kommt ein neuer Baum.<\/figcaption><\/figure> Wie dem auch sei, ich habe am 01.06.2022 die Verwaltung und die Stadtwerke angemailt, ob da noch was passiert und wann mit einer Neupflanzung zu rechnen ist. Immerhin waren da schon 10 Monate seit der F\u00e4llung vergangen. Keine drei Stunden sp\u00e4ter hatte ich die Antwort<\/p>\n<p><cite>&#8230; s\u00e4en wir dort zeitnah Blumensamen aus, so dass auf der Fl\u00e4che \u00fcber den Sommer eine Blumenwiese entsteht, welche durch Anfahrschutzpoller gegen Besch\u00e4digungen durch einparkende Fahrzeuge gesichert wird. Im Herbst erfolgt dann die Pflanzung eines neuen Baums.<\/cite><\/p>\n<p>Und tats\u00e4chlich waren auch ziemlich z\u00fcgig zwei Poller eingepflanzt. Die Blumenwiese sah ein bisschen traurig aus, aber es wurde etwas ges\u00e4t.<\/p>\n<figure id=\"attachment_169394\" aria-describedby=\"caption-attachment-169394\" style=\"width: 470px\" class=\"wp-caption aligncenter\"><a href=\"https:\/\/www.andreas-edler.de\/blog\/wp-content\/uploads\/2022\/12\/2019-11-06-18.58.27.jpg\"><img loading=\"lazy\" decoding=\"async\" src=\"https:\/\/www.andreas-edler.de\/blog\/wp-content\/uploads\/2022\/12\/2019-11-06-18.58.27-470x281.jpg\" alt=\"\" width=\"470\" height=\"281\" class=\"size-large wp-image-169394\" srcset=\"https:\/\/www.andreas-edler.de\/blog\/wp-content\/uploads\/2022\/12\/2019-11-06-18.58.27-470x281.jpg 470w, https:\/\/www.andreas-edler.de\/blog\/wp-content\/uploads\/2022\/12\/2019-11-06-18.58.27-250x150.jpg 250w, https:\/\/www.andreas-edler.de\/blog\/wp-content\/uploads\/2022\/12\/2019-11-06-18.58.27-768x460.jpg 768w, https:\/\/www.andreas-edler.de\/blog\/wp-content\/uploads\/2022\/12\/2019-11-06-18.58.27-1536x919.jpg 1536w, https:\/\/www.andreas-edler.de\/blog\/wp-content\/uploads\/2022\/12\/2019-11-06-18.58.27-2048x1226.jpg 2048w, https:\/\/www.andreas-edler.de\/blog\/wp-content\/uploads\/2022\/12\/2019-11-06-18.58.27-100x60.jpg 100w, https:\/\/www.andreas-edler.de\/blog\/wp-content\/uploads\/2022\/12\/2019-11-06-18.58.27-150x90.jpg 150w, https:\/\/www.andreas-edler.de\/blog\/wp-content\/uploads\/2022\/12\/2019-11-06-18.58.27-200x120.jpg 200w, https:\/\/www.andreas-edler.de\/blog\/wp-content\/uploads\/2022\/12\/2019-11-06-18.58.27-300x180.jpg 300w, https:\/\/www.andreas-edler.de\/blog\/wp-content\/uploads\/2022\/12\/2019-11-06-18.58.27-450x269.jpg 450w, https:\/\/www.andreas-edler.de\/blog\/wp-content\/uploads\/2022\/12\/2019-11-06-18.58.27-600x359.jpg 600w, https:\/\/www.andreas-edler.de\/blog\/wp-content\/uploads\/2022\/12\/2019-11-06-18.58.27-900x539.jpg 900w\" sizes=\"auto, (max-width: 470px) 100vw, 470px\" \/><\/a><figcaption id=\"caption-attachment-169394\" class=\"wp-caption-text\">Der Baum muss noch sehr klein sein.<\/figcaption><\/figure>\n<p>Heute ist nun der 24.12, seit vier Tagen ist der Herbst 2022 vorbei und man kann an der Stelle keinen Baum sehen. M\u00f6glicherweise ist eine Eichel, Kastanie pder Buchecker gepflanzt worden. Ich bin allerdings skeptisch, dass aus dem zarten Spro\u00df an der Stelle was werden w\u00fcrde. Bei Gr\u00fcnpflegema\u00dfnahmen w\u00e4re der entsprechende Spr\u00f6ssling sofort weg. Sinnvollerweise m\u00fcsste dort ein schon etwas fertigerer Baum gepflanzt werden. Allerdings sieht man dort &#8230; nichts.<\/p>\n","protected":false},"excerpt":{"rendered":"<p>Im August des letzten Jahres wurde an der Portastra\u00dfe, genau neben der Einfahrt zum Kundenparkplatz der Sparkasse Bad Oeynhausen &#8211; Porta Westfalica, ein Baum abges\u00e4gt. Dies geschah im Rahmen von Pflasterarbeiten am dortigen Gehweg. Ich fand das nicht wirklich gut, &hellip;<\/p>\n<p class=\"read-more\"> <a class=\"more-link\" href=\"https:\/\/www.andreas-edler.de\/blog\/2022\/12\/baumscheibe-an-der-portastrasse\/\"> <span class=\"screen-reader-text\">Baumscheibe an der Portastra\u00dfe<\/span> Weiterlesen &raquo;<\/a><\/p>\n","protected":false},"author":1,"featured_media":0,"comment_status":"open","ping_status":"open","sticky":false,"template":"","format":"standard","meta":{"ngg_post_thumbnail":0,"activitypub_content_warning":"","activitypub_content_visibility":"","activitypub_max_image_attachments":2,"activitypub_interaction_policy_quote":"anyone","activitypub_status":"","footnotes":""},"categories":[14],"tags":[435,528,205,398,342,79,70,556,72],"class_list":["post-169389","post","type-post","status-publish","format-standard","hentry","category-bad-oeynhausen","tag-baeume","tag-baumscheiben","tag-innenstadt","tag-klimawandel","tag-portastrasse","tag-stadtwerke","tag-umwelt","tag-umweltausschuss","tag-verwaltung"],"share_on_mastodon":{"url":"","error":""},"_links":{"self":[{"href":"https:\/\/www.andreas-edler.de\/blog\/wp-json\/wp\/v2\/posts\/169389","targetHints":{"allow":["GET"]}}],"collection":[{"href":"https:\/\/www.andreas-edler.de\/blog\/wp-json\/wp\/v2\/posts"}],"about":[{"href":"https:\/\/www.andreas-edler.de\/blog\/wp-json\/wp\/v2\/types\/post"}],"author":[{"embeddable":true,"href":"https:\/\/www.andreas-edler.de\/blog\/wp-json\/wp\/v2\/users\/1"}],"replies":[{"embeddable":true,"href":"https:\/\/www.andreas-edler.de\/blog\/wp-json\/wp\/v2\/comments?post=169389"}],"version-history":[{"count":0,"href":"https:\/\/www.andreas-edler.de\/blog\/wp-json\/wp\/v2\/posts\/169389\/revisions"}],"wp:attachment":[{"href":"https:\/\/www.andreas-edler.de\/blog\/wp-json\/wp\/v2\/media?parent=169389"}],"wp:term":[{"taxonomy":"category","embeddable":true,"href":"https:\/\/www.andreas-edler.de\/blog\/wp-json\/wp\/v2\/categories?post=169389"},{"taxonomy":"post_tag","embeddable":true,"href":"https:\/\/www.andreas-edler.de\/blog\/wp-json\/wp\/v2\/tags?post=169389"}],"curies":[{"name":"wp","href":"https:\/\/api.w.org\/{rel}","templated":true}]}}